{"id":12511,"date":"2024-07-12T06:37:00","date_gmt":"2024-07-12T06:37:00","guid":{"rendered":"https:\/\/millitv.net\/?p=12511"},"modified":"2024-07-14T06:55:30","modified_gmt":"2024-07-14T06:55:30","slug":"az%C9%99rbaycanli-g%C9%99nc-mug%C9%99nni-ozunu-peygembere-benzetdi-video","status":"publish","type":"post","link":"https:\/\/millitv.net\/?p=12511","title":{"rendered":"Az\u0259rbaycanl\u0131 g\u0259nc m\u00fc\u011f\u0259nni \u00f6z\u00fcn\u00fc &#8220;PEY\u011e\u018fMB\u018fR\u018f&#8221; B\u018fNZ\u018fTD\u0130 &#8211; V\u0130DEO"},"content":{"rendered":"\n<p>&#8220;De g\u00f6r\u00fcm bu g\u00f6zl\u0259r n\u0259dir?!&#8221;.<\/p>\n\n\n\n<p>Bu sualla G\u00fcnay Bax\u015f\u0259liyeva apar\u0131c\u0131s\u0131 oldu\u011fu verli\u015fin qona\u011f\u0131 olan g\u0259nc m\u00fc\u011f\u0259nni Elvin Babazad\u0259y\u0259 m\u00fcraci\u0259t edib.<\/p>\n\n\n\n<p>\u0130fa\u00e7\u0131 suala &#8220;\u0130mic d\u0259yi\u015fikliyi&#8221; dey\u0259 cavab verib<\/p>\n\n\n\n<p>&#8220;Uzun m\u00fcdd\u0259tdir ki, m\u0259ni Hz.Yusif kinosunda rol alan aktyora b\u0259nz\u0259dirl\u0259r. Onun da g\u00f6zl\u0259ri boz r\u0259ng\u0259d\u0259dir. M\u0259n d\u0259 ist\u0259dim ki, o insanlar\u0131n fikrini tamamlay\u0131m&#8221;, &#8211; dey\u0259 Elvin bildirib. \/\u00a0Titul.az<\/p>\n\n\n\n<figure class=\"wp-block-embed is-type-video is-provider-youtube wp-block-embed-youtube wp-embed-aspect-4-3 wp-has-aspect-ratio\"><div class=\"wp-block-embed__wrapper\">\n<iframe loading=\"lazy\" title=\"Az\u0259rbaycanl\u0131 m\u00fc\u011f\u0259nni \u00f6z\u00fcn\u00fc &quot;PEY\u011e\u018fMB\u018fR\u018f&quot; B\u018fNZ\u018fTD\u0130\" width=\"500\" height=\"375\" src=\"https:\/\/www.youtube.com\/embed\/DKaBK0hUeC8?feature=oembed\" frameborder=\"0\" allow=\"accelerometer; autoplay; clipboard-write; encrypted-media; gyroscope; picture-in-picture; web-share\" referrerpolicy=\"strict-origin-when-cross-origin\" allowfullscreen><\/iframe>\n<\/div><\/figure>\n","protected":false},"excerpt":{"rendered":"<p>&#8220;De g\u00f6r\u00fcm bu g\u00f6zl\u0259r n\u0259dir?!&#8221;. Bu sualla G\u00fcnay Bax\u015f\u0259liyeva apar\u0131c\u0131s\u0131 oldu\u011fu verli\u015fin qona\u011f\u0131 olan g\u0259nc m\u00fc\u011f\u0259nni Elvin Babazad\u0259y\u0259 m\u00fcraci\u0259t edib. \u0130fa\u00e7\u0131 suala &#8220;\u0130mic d\u0259yi\u015fikliyi&#8221; dey\u0259 cavab verib &#8220;Uzun m\u00fcdd\u0259tdir ki, m\u0259ni Hz.Yusif kinosunda rol alan aktyora b\u0259nz\u0259dirl\u0259r. Onun da g\u00f6zl\u0259ri boz r\u0259ng\u0259d\u0259dir. M\u0259n d\u0259 ist\u0259dim ki, o insanlar\u0131n fikrini tamamlay\u0131m&#8221;, &#8211; dey\u0259 Elvin bildirib. \/\u00a0Titul.az<\/p>\n","protected":false},"author":1,"featured_media":12514,"comment_status":"open","ping_status":"closed","sticky":false,"template":"","format":"standard","meta":{"footnotes":""},"categories":[6,3],"tags":[],"class_list":["post-12511","post","type-post","status-publish","format-standard","has-post-thumbnail","hentry","category-maqazin","category-olke"],"_links":{"self":[{"href":"https:\/\/millitv.net\/index.php?rest_route=\/wp\/v2\/posts\/12511","targetHints":{"allow":["GET"]}}],"collection":[{"href":"https:\/\/millitv.net\/index.php?rest_route=\/wp\/v2\/posts"}],"about":[{"href":"https:\/\/millitv.net\/index.php?rest_route=\/wp\/v2\/types\/post"}],"author":[{"embeddable":true,"href":"https:\/\/millitv.net\/index.php?rest_route=\/wp\/v2\/users\/1"}],"replies":[{"embeddable":true,"href":"https:\/\/millitv.net\/index.php?rest_route=%2Fwp%2Fv2%2Fcomments&post=12511"}],"version-history":[{"count":1,"href":"https:\/\/millitv.net\/index.php?rest_route=\/wp\/v2\/posts\/12511\/revisions"}],"predecessor-version":[{"id":12515,"href":"https:\/\/millitv.net\/index.php?rest_route=\/wp\/v2\/posts\/12511\/revisions\/12515"}],"wp:featuredmedia":[{"embeddable":true,"href":"https:\/\/millitv.net\/index.php?rest_route=\/wp\/v2\/media\/12514"}],"wp:attachment":[{"href":"https:\/\/millitv.net\/index.php?rest_route=%2Fwp%2Fv2%2Fmedia&parent=12511"}],"wp:term":[{"taxonomy":"category","embeddable":true,"href":"https:\/\/millitv.net\/index.php?rest_route=%2Fwp%2Fv2%2Fcategories&post=12511"},{"taxonomy":"post_tag","embeddable":true,"href":"https:\/\/millitv.net\/index.php?rest_route=%2Fwp%2Fv2%2Ftags&post=12511"}],"curies":[{"name":"wp","href":"https:\/\/api.w.org\/{rel}","templated":true}]}}