{"id":12483,"date":"2024-05-27T17:36:30","date_gmt":"2024-05-27T17:36:30","guid":{"rendered":"https:\/\/millitv.net\/?p=12483"},"modified":"2024-05-27T17:36:32","modified_gmt":"2024-05-27T17:36:32","slug":"maaslar-artacaq-yoxsa-azalacaq-az%C9%99rbaycanda-saatliq-%C9%99m%C9%99khaqqina-kecidl%C9%99-bagli-r%C9%99smi-aciqlama-video","status":"publish","type":"post","link":"https:\/\/millitv.net\/?p=12483","title":{"rendered":"Maa\u015flar artacaq yoxsa azalacaq? &#8211; Az\u0259rbaycanda saatl\u0131q \u0259m\u0259khaqq\u0131na ke\u00e7idl\u0259 ba\u011fl\u0131 r\u0259smi a\u00e7\u0131qlama &#8211; V\u0130DEO"},"content":{"rendered":"\n<p><strong>\u200bAz\u0259rbaycanda ayl\u0131q minimum \u0259m\u0259khaqq\u0131 saatl\u0131q minimum \u0259m\u0259khaqq\u0131 il\u0259 \u0259v\u0259z edil\u0259 bil\u0259r.<\/strong><\/p>\n\n\n\n<p>MilliTv.NET x\u0259b\u0259r verir ki,&nbsp;\u018fm\u0259k M\u0259c\u0259ll\u0259sin\u0259 g\u00f6r\u0259, haz\u0131rda Az\u0259rbaycanda minimum \u0259m\u0259khaqq\u0131 ayl\u0131q m\u00fc\u0259yy\u0259n edilir v\u0259 bir ay \u00e7al\u0131\u015fan i\u015f\u00e7iy\u0259 345 manatdan az maa\u015f verm\u0259k olmaz.&nbsp;Lakin yeni sistemd\u0259 hesablama f\u0259rqli apar\u0131lacaq.&nbsp;\u018fm\u0259k v\u0259 \u018fhalinin Sosial M\u00fcdafi\u0259si Nazirliyi (\u018f\u018fSMN) Az\u0259rbaycanda ayl\u0131q minimum \u0259m\u0259khaqq\u0131n\u0131n saatl\u0131q minimum \u0259m\u0259khaqq\u0131 il\u0259 \u0259v\u0259zl\u0259nm\u0259si il\u0259 ba\u011fl\u0131 t\u0259klifl\u0259r \u00fcz\u0259rind\u0259 \u00e7al\u0131\u015f\u0131r.&nbsp;M\u0259s\u0259l\u0259 il\u0259 ba\u011fl\u0131 D\u00f6vl\u0259t \u018fm\u0259k M\u00fcf\u0259tti\u015fliyi Xidm\u0259tinin r\u0259is m\u00fcavini N\u0259rmin Mirz\u0259yeva bildirib ki, b\u0259zi \u00f6lk\u0259l\u0259r h\u0259tta hibrid modell\u0259rd\u0259n (h\u0259m saatl\u0131q, h\u0259m minimum \u0259m\u0259khaqq\u0131) istifad\u0259 edirl\u0259r:<\/p>\n\n\n\n<p>&#8220;Nazirlik olaraq qabaqc\u0131l beyn\u0259lxalq t\u0259cr\u00fcb\u0259ni ara\u015fd\u0131r\u0131r\u0131q, t\u0259hlill\u0259rin n\u0259tic\u0259l\u0259ri n\u0259z\u0259r\u0259 al\u0131nmaqla t\u0259klifl\u0259r haz\u0131rlanacaq v\u0259 aidiyy\u0259ti \u00fczr\u0259 t\u0259qdim olunacaq&#8221;.<\/p>\n\n\n\n<p>N.Mirz\u0259yeva onu da \u0259lav\u0259 edib ki, saatl\u0131q minimum \u0259m\u0259khaqq\u0131n\u0131n m\u00fc\u0259yy\u0259n edilm\u0259si bir s\u0131ra m\u0259qs\u0259dl\u0259r\u0259 xidm\u0259t edir. \u018fsas m\u0259qs\u0259d is\u0259 i\u015f\u00e7il\u0259rin h\u00fcquqlar\u0131n\u0131n qorunmas\u0131d\u0131r.<\/p>\n\n\n\n<p>\u0130qtisad\u00e7\u0131 Xalid K\u0259rimli bildirib ki, h\u0259ft\u0259d\u0259 40 saat i\u015fl\u0259y\u0259n v\u0259 daimi i\u015f yeri olan i\u015f\u00e7il\u0259r \u00fc\u00e7\u00fcn he\u00e7 bir d\u0259yi\u015fiklik olmayacaq. \u018fvv\u0259l bu r\u0259q\u0259m 345 manat m\u00fc\u0259yy\u0259nl\u0259\u015fdirilmi\u015fdirs\u0259, indi is\u0259 h\u0259min m\u0259bl\u0259\u011f ayda olan i\u015f saatlar\u0131na uy\u011fun olaraq saatl\u0131 \u0259m\u0259khaqq\u0131na ke\u00e7\u0259c\u0259k. Bu sistem daha \u00e7evik bir mexanizmdir.<\/p>\n\n\n\n<p>M\u0259s\u0259l\u0259 il\u0259 ba\u011fl\u0131 ATV-nin &#8220;\u0130qtisadi zona&#8221; verili\u015fi s\u00fcjet haz\u0131rlay\u0131b.<\/p>\n\n\n\n<p>Daha \u0259trafl\u0131 videoda:<\/p>\n\n\n\n<figure class=\"wp-block-embed is-type-rich is-provider-g-mme-tutucu wp-block-embed-g-mme-tutucu wp-embed-aspect-16-9 wp-has-aspect-ratio\"><div class=\"wp-block-embed__wrapper\">\n<iframe loading=\"lazy\" title=\"R\u0259smi a\u00e7\u0131qlama: Saatl\u0131q \u0259m\u0259khaqq\u0131 nec\u0259 hesablanacaq? \/ \u0130qtisadi zona\" width=\"500\" height=\"281\" src=\"https:\/\/www.youtube.com\/embed\/1P4A_9-sKts?feature=oembed\" frameborder=\"0\" allow=\"accelerometer; autoplay; clipboard-write; encrypted-media; gyroscope; picture-in-picture; web-share\" referrerpolicy=\"strict-origin-when-cross-origin\" allowfullscreen><\/iframe>\n<\/div><\/figure>\n","protected":false},"excerpt":{"rendered":"<p>\u200bAz\u0259rbaycanda ayl\u0131q minimum \u0259m\u0259khaqq\u0131 saatl\u0131q minimum \u0259m\u0259khaqq\u0131 il\u0259 \u0259v\u0259z edil\u0259 bil\u0259r. MilliTv.NET x\u0259b\u0259r verir ki,&nbsp;\u018fm\u0259k M\u0259c\u0259ll\u0259sin\u0259 g\u00f6r\u0259, haz\u0131rda Az\u0259rbaycanda minimum \u0259m\u0259khaqq\u0131 ayl\u0131q m\u00fc\u0259yy\u0259n edilir v\u0259 bir ay \u00e7al\u0131\u015fan i\u015f\u00e7iy\u0259 345 manatdan az maa\u015f verm\u0259k olmaz.&nbsp;Lakin yeni sistemd\u0259 hesablama f\u0259rqli apar\u0131lacaq.&nbsp;\u018fm\u0259k v\u0259 \u018fhalinin Sosial M\u00fcdafi\u0259si Nazirliyi (\u018f\u018fSMN) Az\u0259rbaycanda ayl\u0131q minimum \u0259m\u0259khaqq\u0131n\u0131n saatl\u0131q minimum \u0259m\u0259khaqq\u0131 il\u0259 \u0259v\u0259zl\u0259nm\u0259si &hellip;<\/p>\n","protected":false},"author":1,"featured_media":12485,"comment_status":"open","ping_status":"closed","sticky":false,"template":"","format":"standard","meta":{"footnotes":""},"categories":[3,5],"tags":[],"class_list":["post-12483","post","type-post","status-publish","format-standard","has-post-thumbnail","hentry","category-olke","category-iqtisadiyyat"],"_links":{"self":[{"href":"https:\/\/millitv.net\/index.php?rest_route=\/wp\/v2\/posts\/12483","targetHints":{"allow":["GET"]}}],"collection":[{"href":"https:\/\/millitv.net\/index.php?rest_route=\/wp\/v2\/posts"}],"about":[{"href":"https:\/\/millitv.net\/index.php?rest_route=\/wp\/v2\/types\/post"}],"author":[{"embeddable":true,"href":"https:\/\/millitv.net\/index.php?rest_route=\/wp\/v2\/users\/1"}],"replies":[{"embeddable":true,"href":"https:\/\/millitv.net\/index.php?rest_route=%2Fwp%2Fv2%2Fcomments&post=12483"}],"version-history":[{"count":1,"href":"https:\/\/millitv.net\/index.php?rest_route=\/wp\/v2\/posts\/12483\/revisions"}],"predecessor-version":[{"id":12486,"href":"https:\/\/millitv.net\/index.php?rest_route=\/wp\/v2\/posts\/12483\/revisions\/12486"}],"wp:featuredmedia":[{"embeddable":true,"href":"https:\/\/millitv.net\/index.php?rest_route=\/wp\/v2\/media\/12485"}],"wp:attachment":[{"href":"https:\/\/millitv.net\/index.php?rest_route=%2Fwp%2Fv2%2Fmedia&parent=12483"}],"wp:term":[{"taxonomy":"category","embeddable":true,"href":"https:\/\/millitv.net\/index.php?rest_route=%2Fwp%2Fv2%2Fcategories&post=12483"},{"taxonomy":"post_tag","embeddable":true,"href":"https:\/\/millitv.net\/index.php?rest_route=%2Fwp%2Fv2%2Ftags&post=12483"}],"curies":[{"name":"wp","href":"https:\/\/api.w.org\/{rel}","templated":true}]}}