{"id":12441,"date":"2024-05-28T17:10:00","date_gmt":"2024-05-28T17:10:00","guid":{"rendered":"https:\/\/millitv.net\/?p=12441"},"modified":"2024-05-31T07:38:32","modified_gmt":"2024-05-31T07:38:32","slug":"yeni-gork%C9%99mi-il%C9%99-heyr%C9%99t%C9%99-g%C9%99tirdi-45-yasli-mug%C9%99nnid%C9%99n-sok-fotolar","status":"publish","type":"post","link":"https:\/\/millitv.net\/?p=12441","title":{"rendered":"Yeni g\u00f6rk\u0259mi il\u0259 heyr\u0259t\u0259 g\u0259tirdi &#8211; 45 ya\u015fl\u0131 m\u00fc\u011f\u0259nnid\u0259n \u015eOK FOTOLAR"},"content":{"rendered":"\n<p>M\u00fc\u011f\u0259nni Roza Z\u0259rg\u0259rli yenid\u0259n obyektiv qar\u015f\u0131s\u0131na ke\u00e7ib.<\/p>\n\n\n\n<p>S\u0259n\u0259t\u00e7i bu d\u0259f\u0259 d\u0259 obraz\u0131nda d\u0259yi\u015fiklik edib. Bel\u0259 ki, Roza sa\u00e7lar\u0131n\u0131 t\u00fcndl\u0259\u015fdirib v\u0259 uzad\u0131b.<\/p>\n\n\n\n<p>\u0130fa\u00e7\u0131n\u0131n stili \u00fcz\u0259rind\u0259 Bab\u0259k Q\u0259dirov \u00e7al\u0131\u015f\u0131b. R.Z\u0259rg\u0259rli bildirib ki, bu g\u00fcnl\u0259rd\u0259 bir ne\u00e7\u0259 obrazda fotosessiya etdirib. \u0130fa\u00e7\u0131 yax\u0131n g\u00fcnl\u0259rd\u0259 n\u00f6vb\u0259ti i\u015fl\u0259rini t\u0259qdim ed\u0259c\u0259yini deyib:<\/p>\n\n\n\n<p>\u201cAvqust ba\u015flayandan ancaq vaxt\u0131m\u0131 yarad\u0131c\u0131l\u0131\u011f\u0131ma s\u0259rf edir\u0259m. Qar\u015f\u0131da yeni klipim var. Maraql\u0131 bir s\u00fcjet x\u0259tti d\u00fc\u015f\u00fcnm\u00fc\u015f\u00fck. \u00dcmid edir\u0259m tama\u015fa\u00e7\u0131lar b\u0259y\u0259n\u0259c\u0259k\u201d. \/ Axsam.az<\/p>\n\n\n\n<figure class=\"wp-block-image\"><img decoding=\"async\" src=\"https:\/\/cdn.yenisabah.az\/resize.php?w=0&amp;h=0&amp;file=image_750x422_61246eff5677e.jpg\" alt=\"Roza Z\u0259rg\u0259rli imicini d\u0259yi\u015fdi - Fotolar  \" title=\"Roza Z\u0259rg\u0259rli imicini d\u0259yi\u015fdi - Fotolar  \"\/><\/figure>\n\n\n\n<figure class=\"wp-block-image\"><img decoding=\"async\" src=\"https:\/\/cdn.yenisabah.az\/resize.php?w=0&amp;h=0&amp;file=image_750x422_61246eff06dfd.jpg\" alt=\"Roza Z\u0259rg\u0259rli imicini d\u0259yi\u015fdi - Fotolar  \" title=\"Roza Z\u0259rg\u0259rli imicini d\u0259yi\u015fdi - Fotolar  \"\/><\/figure>\n\n\n\n<figure class=\"wp-block-image\"><img decoding=\"async\" src=\"https:\/\/cdn.yenisabah.az\/resize.php?w=0&amp;h=0&amp;file=image_750x422_61246efed0f26.jpg\" alt=\"Roza Z\u0259rg\u0259rli imicini d\u0259yi\u015fdi - Fotolar  \" title=\"Roza Z\u0259rg\u0259rli imicini d\u0259yi\u015fdi - Fotolar  \"\/><\/figure>\n\n\n\n<figure class=\"wp-block-image\"><img decoding=\"async\" src=\"https:\/\/cdn.yenisabah.az\/resize.php?w=0&amp;h=0&amp;file=image_750x422_61246efeb08a4.jpg\" alt=\"Roza Z\u0259rg\u0259rli imicini d\u0259yi\u015fdi - Fotolar  \" title=\"Roza Z\u0259rg\u0259rli imicini d\u0259yi\u015fdi - Fotolar  \"\/><\/figure>\n\n\n\n<figure class=\"wp-block-image\"><img decoding=\"async\" src=\"https:\/\/cdn.yenisabah.az\/resize.php?w=0&amp;h=0&amp;file=image_750x422_61246efe607a5.jpg\" alt=\"Roza Z\u0259rg\u0259rli imicini d\u0259yi\u015fdi - Fotolar  \" title=\"Roza Z\u0259rg\u0259rli imicini d\u0259yi\u015fdi - Fotolar  \"\/><\/figure>\n","protected":false},"excerpt":{"rendered":"<p>M\u00fc\u011f\u0259nni Roza Z\u0259rg\u0259rli yenid\u0259n obyektiv qar\u015f\u0131s\u0131na ke\u00e7ib. S\u0259n\u0259t\u00e7i bu d\u0259f\u0259 d\u0259 obraz\u0131nda d\u0259yi\u015fiklik edib. Bel\u0259 ki, Roza sa\u00e7lar\u0131n\u0131 t\u00fcndl\u0259\u015fdirib v\u0259 uzad\u0131b. \u0130fa\u00e7\u0131n\u0131n stili \u00fcz\u0259rind\u0259 Bab\u0259k Q\u0259dirov \u00e7al\u0131\u015f\u0131b. R.Z\u0259rg\u0259rli bildirib ki, bu g\u00fcnl\u0259rd\u0259 bir ne\u00e7\u0259 obrazda fotosessiya etdirib. \u0130fa\u00e7\u0131 yax\u0131n g\u00fcnl\u0259rd\u0259 n\u00f6vb\u0259ti i\u015fl\u0259rini t\u0259qdim ed\u0259c\u0259yini deyib: \u201cAvqust ba\u015flayandan ancaq vaxt\u0131m\u0131 yarad\u0131c\u0131l\u0131\u011f\u0131ma s\u0259rf edir\u0259m. Qar\u015f\u0131da yeni klipim &hellip;<\/p>\n","protected":false},"author":1,"featured_media":12442,"comment_status":"open","ping_status":"closed","sticky":false,"template":"","format":"standard","meta":{"footnotes":""},"categories":[6,3],"tags":[],"class_list":["post-12441","post","type-post","status-publish","format-standard","has-post-thumbnail","hentry","category-maqazin","category-olke"],"_links":{"self":[{"href":"https:\/\/millitv.net\/index.php?rest_route=\/wp\/v2\/posts\/12441","targetHints":{"allow":["GET"]}}],"collection":[{"href":"https:\/\/millitv.net\/index.php?rest_route=\/wp\/v2\/posts"}],"about":[{"href":"https:\/\/millitv.net\/index.php?rest_route=\/wp\/v2\/types\/post"}],"author":[{"embeddable":true,"href":"https:\/\/millitv.net\/index.php?rest_route=\/wp\/v2\/users\/1"}],"replies":[{"embeddable":true,"href":"https:\/\/millitv.net\/index.php?rest_route=%2Fwp%2Fv2%2Fcomments&post=12441"}],"version-history":[{"count":1,"href":"https:\/\/millitv.net\/index.php?rest_route=\/wp\/v2\/posts\/12441\/revisions"}],"predecessor-version":[{"id":12443,"href":"https:\/\/millitv.net\/index.php?rest_route=\/wp\/v2\/posts\/12441\/revisions\/12443"}],"wp:featuredmedia":[{"embeddable":true,"href":"https:\/\/millitv.net\/index.php?rest_route=\/wp\/v2\/media\/12442"}],"wp:attachment":[{"href":"https:\/\/millitv.net\/index.php?rest_route=%2Fwp%2Fv2%2Fmedia&parent=12441"}],"wp:term":[{"taxonomy":"category","embeddable":true,"href":"https:\/\/millitv.net\/index.php?rest_route=%2Fwp%2Fv2%2Fcategories&post=12441"},{"taxonomy":"post_tag","embeddable":true,"href":"https:\/\/millitv.net\/index.php?rest_route=%2Fwp%2Fv2%2Ftags&post=12441"}],"curies":[{"name":"wp","href":"https:\/\/api.w.org\/{rel}","templated":true}]}}