{"id":12426,"date":"2024-05-26T07:41:00","date_gmt":"2024-05-26T07:41:00","guid":{"rendered":"https:\/\/millitv.net\/?p=12426"},"modified":"2024-05-27T04:04:08","modified_gmt":"2024-05-27T04:04:08","slug":"tor%C9%99tdiyi-cinay%C9%99tl%C9%99-olk%C9%99nin-gund%C9%99min%C9%99-oturan-gulus-f%C9%99t%C9%99liyeva-%C9%99fv-edildi-foto","status":"publish","type":"post","link":"https:\/\/millitv.net\/?p=12426","title":{"rendered":"T\u00f6r\u0259tdiyi cinay\u0259tl\u0259 \u00f6lk\u0259nin g\u00fcnd\u0259min\u0259 oturan G\u00fcl\u00fc\u015f F\u0259t\u0259liyeva \u0259fv edildi &#8211; FOTO"},"content":{"rendered":"\n<p>Prezident \u0130lham \u018fliyevin d\u00fcn\u0259n imzalad\u0131\u011f\u0131 \u018ffv s\u0259r\u0259ncam\u0131 il\u0259 q\u0259tl t\u00f6r\u0259tm\u0259kd\u0259 t\u0259qsirl\u0259ndiril\u0259n G\u00fcl\u00fc\u015f F\u0259t\u0259liyeva azadl\u0131\u011fa burax\u0131l\u0131b.<\/p>\n\n\n\n<p>&nbsp;G. F\u0259t\u0259liyeva bu g\u00fcn \u018fdliyy\u0259 Nazirliyinin Penitensiar xidm\u0259tin 4 sayl\u0131 c\u0259za\u00e7\u0259km\u0259 m\u00fc\u0259ssis\u0259sind\u0259n c\u0259zas\u0131n\u0131n \u00e7\u0259kilm\u0259mi\u015f hiss\u0259sind\u0259n azad edilib.<br>Xat\u0131rladaq ki, G\u00fcl\u00fc\u015f F\u0259t\u0259liyeva 2017-ci ild\u0259 h\u0259yat yolda\u015f\u0131n\u0131n birinci arvad\u0131n\u0131 q\u0259tl\u0259 yetirm\u0259kd\u0259 t\u0259qsirl\u0259ndirilib v\u0259 L\u0259nk\u0259ran A\u011f\u0131r Cinay\u0259tl\u0259r M\u0259hk\u0259m\u0259sinin h\u00f6km\u00fc il\u0259 azadl\u0131qdan m\u0259hrum edilib.<br>G. F\u0259t\u0259liyeva h\u0259bs edil\u0259rk\u0259n hamil\u0259 olub 4 sayl\u0131 c\u0259za\u00e7\u0259km\u0259 m\u00fc\u0259ssis\u0259sind\u0259 \u00f6vlad d\u00fcnyaya g\u0259tirib.Qeyd ed\u0259k ki, Prezident \u0130lham \u018fliyev may\u0131n 25-d\u0259 \u201cM\u0259hkum edilmi\u015f bir s\u0131ra \u015f\u0259xsl\u0259rin \u0259fv olunmas\u0131 haqq\u0131nda\u201d s\u0259r\u0259ncam imzalay\u0131b.<\/p>\n\n\n\n<p>S\u0259r\u0259ncama \u0259sas\u0259n, \u00fcmumilikd\u0259 154 n\u0259f\u0259r \u0259fv edilib. Azadl\u0131qdan m\u0259hrumetm\u0259 c\u0259zas\u0131na m\u0259hkum olunmu\u015f 63 n\u0259f\u0259r c\u0259zas\u0131n\u0131n \u00e7\u0259kilm\u0259mi\u015f hiss\u0259sind\u0259n azad edilib, 52 n\u0259f\u0259rin c\u0259zas\u0131n\u0131n \u00e7\u0259kilm\u0259mi\u015f hiss\u0259si yar\u0131yad\u0259k azald\u0131l\u0131b. \/ MilliTv.NET<\/p>\n\n\n\n<figure class=\"wp-block-image\"><img decoding=\"async\" src=\"https:\/\/MilliTv.NET\/images\/metbuat\/images_d\/1500954_0.jpg\" alt=\"\" title=\"\"><\/figure>\n\n\n\n<figure class=\"wp-block-image\"><img decoding=\"async\" src=\"https:\/\/MilliTv.NET\/images\/metbuat\/images_d\/1500954_1.jpg\" alt=\"\" title=\"\"><\/figure>\n\n\n\n<figure class=\"wp-block-image\"><img decoding=\"async\" src=\"https:\/\/MilliTv.NET\/images\/metbuat\/images_d\/1500954_2.jpg\" alt=\"\" title=\"\"><\/figure>\n","protected":false},"excerpt":{"rendered":"<p>Prezident \u0130lham \u018fliyevin d\u00fcn\u0259n imzalad\u0131\u011f\u0131 \u018ffv s\u0259r\u0259ncam\u0131 il\u0259 q\u0259tl t\u00f6r\u0259tm\u0259kd\u0259 t\u0259qsirl\u0259ndiril\u0259n G\u00fcl\u00fc\u015f F\u0259t\u0259liyeva azadl\u0131\u011fa burax\u0131l\u0131b. &nbsp;G. F\u0259t\u0259liyeva bu g\u00fcn \u018fdliyy\u0259 Nazirliyinin Penitensiar xidm\u0259tin 4 sayl\u0131 c\u0259za\u00e7\u0259km\u0259 m\u00fc\u0259ssis\u0259sind\u0259n c\u0259zas\u0131n\u0131n \u00e7\u0259kilm\u0259mi\u015f hiss\u0259sind\u0259n azad edilib.Xat\u0131rladaq ki, G\u00fcl\u00fc\u015f F\u0259t\u0259liyeva 2017-ci ild\u0259 h\u0259yat yolda\u015f\u0131n\u0131n birinci arvad\u0131n\u0131 q\u0259tl\u0259 yetirm\u0259kd\u0259 t\u0259qsirl\u0259ndirilib v\u0259 L\u0259nk\u0259ran A\u011f\u0131r Cinay\u0259tl\u0259r M\u0259hk\u0259m\u0259sinin h\u00f6km\u00fc il\u0259 azadl\u0131qdan m\u0259hrum edilib.G. F\u0259t\u0259liyeva &hellip;<\/p>\n","protected":false},"author":1,"featured_media":12427,"comment_status":"open","ping_status":"closed","sticky":false,"template":"","format":"standard","meta":{"footnotes":""},"categories":[3],"tags":[],"class_list":["post-12426","post","type-post","status-publish","format-standard","has-post-thumbnail","hentry","category-olke"],"_links":{"self":[{"href":"https:\/\/millitv.net\/index.php?rest_route=\/wp\/v2\/posts\/12426","targetHints":{"allow":["GET"]}}],"collection":[{"href":"https:\/\/millitv.net\/index.php?rest_route=\/wp\/v2\/posts"}],"about":[{"href":"https:\/\/millitv.net\/index.php?rest_route=\/wp\/v2\/types\/post"}],"author":[{"embeddable":true,"href":"https:\/\/millitv.net\/index.php?rest_route=\/wp\/v2\/users\/1"}],"replies":[{"embeddable":true,"href":"https:\/\/millitv.net\/index.php?rest_route=%2Fwp%2Fv2%2Fcomments&post=12426"}],"version-history":[{"count":1,"href":"https:\/\/millitv.net\/index.php?rest_route=\/wp\/v2\/posts\/12426\/revisions"}],"predecessor-version":[{"id":12428,"href":"https:\/\/millitv.net\/index.php?rest_route=\/wp\/v2\/posts\/12426\/revisions\/12428"}],"wp:featuredmedia":[{"embeddable":true,"href":"https:\/\/millitv.net\/index.php?rest_route=\/wp\/v2\/media\/12427"}],"wp:attachment":[{"href":"https:\/\/millitv.net\/index.php?rest_route=%2Fwp%2Fv2%2Fmedia&parent=12426"}],"wp:term":[{"taxonomy":"category","embeddable":true,"href":"https:\/\/millitv.net\/index.php?rest_route=%2Fwp%2Fv2%2Fcategories&post=12426"},{"taxonomy":"post_tag","embeddable":true,"href":"https:\/\/millitv.net\/index.php?rest_route=%2Fwp%2Fv2%2Ftags&post=12426"}],"curies":[{"name":"wp","href":"https:\/\/api.w.org\/{rel}","templated":true}]}}