{"id":12383,"date":"2024-05-25T07:52:01","date_gmt":"2024-05-25T07:52:01","guid":{"rendered":"https:\/\/millitv.net\/?p=12383"},"modified":"2024-05-25T07:52:02","modified_gmt":"2024-05-25T07:52:02","slug":"pasinyan-iran-prezidentinin-aqib%C9%99tini-yasamaqdan-son-anda-qulrtuldu","status":"publish","type":"post","link":"https:\/\/millitv.net\/?p=12383","title":{"rendered":"Pa\u015finyan \u0130ran Prezidentinin aqib\u0259tini ya\u015famaqdan son anda\u00a0QULRTULDU"},"content":{"rendered":"\n<p><strong>Erm\u0259nistan\u0131n ba\u015f naziri Nikol Pa\u015finyan\u0131n vertolyotu s\u0259h\u0259r saatlar\u0131nda Ta\u015fir\u0259 ged\u0259rk\u0259n B\u00f6y\u00fck Qarakils\u0259 stansiyas\u0131nda t\u0259cili eni\u015f edib.<\/strong><\/p>\n\n\n\n<p>Bu bar\u0259d\u0259 yerli mediada x\u0259b\u0259r yay\u0131l\u0131b.<\/p>\n\n\n\n<p>H\u00f6kum\u0259t ba\u015f\u00e7\u0131s\u0131n\u0131n \u00f6z\u00fc hadis\u0259 il\u0259 \u0259laq\u0259dar bildirib ki, t\u0259cili eni\u015f\u0259 s\u0259b\u0259b \u0259lveri\u015fsiz hava \u015f\u0259raiti olub.<\/p>\n\n\n\n<p>Pa\u015finyan onunla h\u0259r \u015feyin qaydas\u0131nda oldu\u011funu v\u0259 yollar\u0131na ma\u015f\u0131nla davam etdikl\u0259rini vur\u011fulay\u0131b.<\/p>\n\n\n\n<p>Qeyd ed\u0259k ki, bundan \u0259vv\u0259l K\u0130V-d\u0259 Pa\u015finyan\u0131n Tavu\u015fun Ba\u011fanis k\u0259ndin\u0259 ged\u0259c\u0259yi il\u0259 ba\u011fl\u0131 x\u0259b\u0259rl\u0259r yay\u0131l\u0131b. \/ Redaktor.az<\/p>\n","protected":false},"excerpt":{"rendered":"<p>Erm\u0259nistan\u0131n ba\u015f naziri Nikol Pa\u015finyan\u0131n vertolyotu s\u0259h\u0259r saatlar\u0131nda Ta\u015fir\u0259 ged\u0259rk\u0259n B\u00f6y\u00fck Qarakils\u0259 stansiyas\u0131nda t\u0259cili eni\u015f edib. Bu bar\u0259d\u0259 yerli mediada x\u0259b\u0259r yay\u0131l\u0131b. H\u00f6kum\u0259t ba\u015f\u00e7\u0131s\u0131n\u0131n \u00f6z\u00fc hadis\u0259 il\u0259 \u0259laq\u0259dar bildirib ki, t\u0259cili eni\u015f\u0259 s\u0259b\u0259b \u0259lveri\u015fsiz hava \u015f\u0259raiti olub. Pa\u015finyan onunla h\u0259r \u015feyin qaydas\u0131nda oldu\u011funu v\u0259 yollar\u0131na ma\u015f\u0131nla davam etdikl\u0259rini vur\u011fulay\u0131b. Qeyd ed\u0259k ki, bundan \u0259vv\u0259l K\u0130V-d\u0259 &hellip;<\/p>\n","protected":false},"author":1,"featured_media":12384,"comment_status":"open","ping_status":"closed","sticky":false,"template":"","format":"standard","meta":{"footnotes":""},"categories":[4],"tags":[],"class_list":["post-12383","post","type-post","status-publish","format-standard","has-post-thumbnail","hentry","category-dunya"],"_links":{"self":[{"href":"https:\/\/millitv.net\/index.php?rest_route=\/wp\/v2\/posts\/12383","targetHints":{"allow":["GET"]}}],"collection":[{"href":"https:\/\/millitv.net\/index.php?rest_route=\/wp\/v2\/posts"}],"about":[{"href":"https:\/\/millitv.net\/index.php?rest_route=\/wp\/v2\/types\/post"}],"author":[{"embeddable":true,"href":"https:\/\/millitv.net\/index.php?rest_route=\/wp\/v2\/users\/1"}],"replies":[{"embeddable":true,"href":"https:\/\/millitv.net\/index.php?rest_route=%2Fwp%2Fv2%2Fcomments&post=12383"}],"version-history":[{"count":1,"href":"https:\/\/millitv.net\/index.php?rest_route=\/wp\/v2\/posts\/12383\/revisions"}],"predecessor-version":[{"id":12385,"href":"https:\/\/millitv.net\/index.php?rest_route=\/wp\/v2\/posts\/12383\/revisions\/12385"}],"wp:featuredmedia":[{"embeddable":true,"href":"https:\/\/millitv.net\/index.php?rest_route=\/wp\/v2\/media\/12384"}],"wp:attachment":[{"href":"https:\/\/millitv.net\/index.php?rest_route=%2Fwp%2Fv2%2Fmedia&parent=12383"}],"wp:term":[{"taxonomy":"category","embeddable":true,"href":"https:\/\/millitv.net\/index.php?rest_route=%2Fwp%2Fv2%2Fcategories&post=12383"},{"taxonomy":"post_tag","embeddable":true,"href":"https:\/\/millitv.net\/index.php?rest_route=%2Fwp%2Fv2%2Ftags&post=12383"}],"curies":[{"name":"wp","href":"https:\/\/api.w.org\/{rel}","templated":true}]}}