{"id":12243,"date":"2024-05-22T16:10:20","date_gmt":"2024-05-22T16:10:20","guid":{"rendered":"https:\/\/millitv.net\/?p=12243"},"modified":"2024-05-22T16:10:21","modified_gmt":"2024-05-22T16:10:21","slug":"bu-s%C9%99xsl%C9%99r%C9%99-yuks%C9%99k-od%C9%99nis-novu-t%C9%99yin-edil%C9%99c%C9%99k-pensiya-il%C9%99-bagli-sad-x%C9%99b%C9%99r","status":"publish","type":"post","link":"https:\/\/millitv.net\/?p=12243","title":{"rendered":"Bu \u015f\u0259xsl\u0259r\u0259 y\u00fcks\u0259k \u00f6d\u0259ni\u015f n\u00f6v\u00fc t\u0259yin edil\u0259c\u0259k &#8211; Pensiya il\u0259 ba\u011fl\u0131 \u015fad x\u0259b\u0259r"},"content":{"rendered":"\n<p><strong>V\u0259t\u0259nda\u015flar\u0131n bir ne\u00e7\u0259 pensiya h\u00fcququ olduqda m\u00fcraci\u0259t etm\u0259d\u0259n daha y\u00fcks\u0259k olan pensiya n\u00f6v\u00fc t\u0259yin edil\u0259c\u0259k.<\/strong><\/p>\n\n\n\n<p>Bu bar\u0259d\u0259 \u201c\u018fm\u0259k pensiyalar\u0131 haqq\u0131nda\u201d Az\u0259rbaycan Respublikas\u0131n\u0131n Qanununda d\u0259yi\u015fiklik edilm\u0259si bar\u0259d\u0259 Az\u0259rbaycan Respublikas\u0131 Qanununun layih\u0259sind\u0259 qeyd olunub.<\/p>\n\n\n\n<p>Eyni zamanda d\u0259yi\u015fikliy\u0259 g\u00f6r\u0259, m\u00fcraci\u0259t \u0259sas\u0131nda n\u00f6vd\u0259yi\u015fm\u0259 h\u00fcququ da saxlan\u0131lacaq ki, v\u0259t\u0259nda\u015f ona proaktiv qaydada apar\u0131lm\u0131\u015f yeni n\u00f6v pensiya t\u0259yinat\u0131n\u0131 ist\u0259m\u0259zs\u0259, onun m\u00fcraci\u0259tin\u0259 \u0259sas\u0259n \u0259vv\u0259lki pensiya n\u00f6v\u00fcn\u0259 geri qaytar\u0131la bilsin.<\/p>\n\n\n\n<p>Qanunun 22-1.5-ci madd\u0259sin\u0259 t\u0259klif olunan d\u0259yi\u015fiklik v\u0259 \u0259lav\u0259 olunan yeni &#8211; 34.1-1-ci madd\u0259 \u0259lav\u0259 maliyy\u0259 y\u00fck\u00fc v\u0259 ya v\u0259t\u0259nda\u015flar \u00fc\u00e7\u00fcn \u0259lav\u0259 h\u00fcquq yaratm\u0131r, onlar sad\u0259c\u0259 m\u00fcraci\u0259t etm\u0259k \u00f6hd\u0259liyind\u0259n azad olunurlar.<\/p>\n","protected":false},"excerpt":{"rendered":"<p>V\u0259t\u0259nda\u015flar\u0131n bir ne\u00e7\u0259 pensiya h\u00fcququ olduqda m\u00fcraci\u0259t etm\u0259d\u0259n daha y\u00fcks\u0259k olan pensiya n\u00f6v\u00fc t\u0259yin edil\u0259c\u0259k. Bu bar\u0259d\u0259 \u201c\u018fm\u0259k pensiyalar\u0131 haqq\u0131nda\u201d Az\u0259rbaycan Respublikas\u0131n\u0131n Qanununda d\u0259yi\u015fiklik edilm\u0259si bar\u0259d\u0259 Az\u0259rbaycan Respublikas\u0131 Qanununun layih\u0259sind\u0259 qeyd olunub. Eyni zamanda d\u0259yi\u015fikliy\u0259 g\u00f6r\u0259, m\u00fcraci\u0259t \u0259sas\u0131nda n\u00f6vd\u0259yi\u015fm\u0259 h\u00fcququ da saxlan\u0131lacaq ki, v\u0259t\u0259nda\u015f ona proaktiv qaydada apar\u0131lm\u0131\u015f yeni n\u00f6v pensiya t\u0259yinat\u0131n\u0131 ist\u0259m\u0259zs\u0259, onun m\u00fcraci\u0259tin\u0259 &hellip;<\/p>\n","protected":false},"author":1,"featured_media":12244,"comment_status":"open","ping_status":"closed","sticky":false,"template":"","format":"standard","meta":{"footnotes":""},"categories":[1],"tags":[],"class_list":["post-12243","post","type-post","status-publish","format-standard","has-post-thumbnail","hentry","category-idman"],"_links":{"self":[{"href":"https:\/\/millitv.net\/index.php?rest_route=\/wp\/v2\/posts\/12243","targetHints":{"allow":["GET"]}}],"collection":[{"href":"https:\/\/millitv.net\/index.php?rest_route=\/wp\/v2\/posts"}],"about":[{"href":"https:\/\/millitv.net\/index.php?rest_route=\/wp\/v2\/types\/post"}],"author":[{"embeddable":true,"href":"https:\/\/millitv.net\/index.php?rest_route=\/wp\/v2\/users\/1"}],"replies":[{"embeddable":true,"href":"https:\/\/millitv.net\/index.php?rest_route=%2Fwp%2Fv2%2Fcomments&post=12243"}],"version-history":[{"count":1,"href":"https:\/\/millitv.net\/index.php?rest_route=\/wp\/v2\/posts\/12243\/revisions"}],"predecessor-version":[{"id":12245,"href":"https:\/\/millitv.net\/index.php?rest_route=\/wp\/v2\/posts\/12243\/revisions\/12245"}],"wp:featuredmedia":[{"embeddable":true,"href":"https:\/\/millitv.net\/index.php?rest_route=\/wp\/v2\/media\/12244"}],"wp:attachment":[{"href":"https:\/\/millitv.net\/index.php?rest_route=%2Fwp%2Fv2%2Fmedia&parent=12243"}],"wp:term":[{"taxonomy":"category","embeddable":true,"href":"https:\/\/millitv.net\/index.php?rest_route=%2Fwp%2Fv2%2Fcategories&post=12243"},{"taxonomy":"post_tag","embeddable":true,"href":"https:\/\/millitv.net\/index.php?rest_route=%2Fwp%2Fv2%2Ftags&post=12243"}],"curies":[{"name":"wp","href":"https:\/\/api.w.org\/{rel}","templated":true}]}}