{"id":1223,"date":"2023-10-12T14:31:55","date_gmt":"2023-10-12T14:31:55","guid":{"rendered":"https:\/\/millinews.az\/xeber\/ukraynada-tutulan-s%C9%99xs-az%C9%99rbaycana-g%C9%99tirildi\/"},"modified":"2023-10-12T14:31:55","modified_gmt":"2023-10-12T14:31:55","slug":"ukraynada-tutulan-s%C9%99xs-az%C9%99rbaycana-g%C9%99tirildi","status":"publish","type":"post","link":"https:\/\/millitv.net\/?p=1223","title":{"rendered":"Ukraynada tutulan \u015f\u0259xs Az\u0259rbaycana g\u0259tirildi"},"content":{"rendered":"<div id=\"maincontent\">&#13;<br \/>\n        &#13;<\/p>\n<p><strong>Beyn\u0259lxalq axtar\u0131\u015fa verilmi\u015f daha bir \u015f\u0259xsin \u00f6lk\u0259miz\u0259 ekstradisiyas\u0131 t\u0259min edilib.<\/strong><\/p>\n<p><a href=\"https:\/\/Millinews.az\" target=\"_blank\" class=\"kw-link\" rel=\"noopener\">Millinews.az<\/a> Ba\u015f Prokurorlu\u011fa istinad\u0259n x\u0259b\u0259r verir ki, Az\u0259rbaycan v\u0259t\u0259nda\u015f\u0131 Cavadov S\u0259f\u0259r Az\u0259r o\u011flunun ekstradisiyas\u0131 haqq\u0131nda Ba\u015f Prokurorlu\u011fun v\u0259sat\u0259ti Ukraynan\u0131n s\u0259lahiyy\u0259tli orqanlar\u0131 t\u0259r\u0259find\u0259n t\u0259min edilib. &#13;\n<\/p>\n<p>S.Cavadovun xeyli miqdarda ziyan vurmaqla d\u0259l\u0259duzluq cinay\u0259tini t\u00f6r\u0259tm\u0259sin\u0259 \u0259sasl\u0131 \u015f\u00fcbh\u0259l\u0259r m\u00fc\u0259yy\u0259n edildiyind\u0259n, bar\u0259sind\u0259 t\u0259qsirl\u0259ndiril\u0259n \u015f\u0259xs qismind\u0259 c\u0259lb etm\u0259 haqq\u0131nda q\u0259rar q\u0259bul edilib v\u0259 istintaqdan qa\u00e7\u0131b gizl\u0259ndiyin\u0259 g\u00f6r\u0259 beyn\u0259lxalq axtar\u0131\u015fa verilib.<\/p>\n<p>Oktyabr\u0131n 12-d\u0259 S.Cavadov \u018fdliyy\u0259 Nazirliyinin Penitensiar Xidm\u0259tinin x\u00fcsusi konvoyunun m\u00fc\u015fayi\u0259ti il\u0259 Ukraynadan \u00f6lk\u0259miz\u0259 g\u0259tirilib.&#13;<br \/>\n        &#13;<br \/>\n&#13;<br \/>\n        &#13;<br \/>\n&#13;\n        <\/p>\n<p><noscript><\/p>\n<p>You must enable Javascript on your browser for the site to work optimally and display sections completely.<\/p>\n<p><\/noscript>\t\t&#13;<br \/>\n\t\t&#13;\n    <\/div>\n<p><script type=\"text\/javascript\">jQuery(document).ready(function () {\n(function(d, s, id) {\n    var js, fjs = d.getElementsByTagName(s)[0];\n    if (d.getElementById(id))\n        return;\n    js = d.createElement(s);\n    js.id = id;\n    js.src = \"\/\/connect.facebook.net\/az_AZ\/all.js#xfbml=1&appId=1002485763137712\";\n    fjs.parentNode.insertBefore(js, fjs);\n}(document, 'script', 'facebook-jssdk'));                \n});<\/script><\/p>\n","protected":false},"excerpt":{"rendered":"<p>&#13; &#13; Beyn\u0259lxalq axtar\u0131\u015fa verilmi\u015f daha bir \u015f\u0259xsin \u00f6lk\u0259miz\u0259 ekstradisiyas\u0131 t\u0259min edilib. Millinews.az Ba\u015f Prokurorlu\u011fa istinad\u0259n x\u0259b\u0259r verir ki, Az\u0259rbaycan v\u0259t\u0259nda\u015f\u0131 Cavadov S\u0259f\u0259r Az\u0259r o\u011flunun ekstradisiyas\u0131 haqq\u0131nda Ba\u015f Prokurorlu\u011fun v\u0259sat\u0259ti Ukraynan\u0131n s\u0259lahiyy\u0259tli orqanlar\u0131 t\u0259r\u0259find\u0259n t\u0259min edilib. &#13; S.Cavadovun xeyli miqdarda ziyan vurmaqla d\u0259l\u0259duzluq cinay\u0259tini t\u00f6r\u0259tm\u0259sin\u0259 \u0259sasl\u0131 \u015f\u00fcbh\u0259l\u0259r m\u00fc\u0259yy\u0259n edildiyind\u0259n, bar\u0259sind\u0259 t\u0259qsirl\u0259ndiril\u0259n \u015f\u0259xs qismind\u0259 c\u0259lb etm\u0259 &hellip;<\/p>\n","protected":false},"author":1,"featured_media":1224,"comment_status":"open","ping_status":"closed","sticky":false,"template":"","format":"standard","meta":{"footnotes":""},"categories":[9],"tags":[],"class_list":["post-1223","post","type-post","status-publish","format-standard","has-post-thumbnail","hentry","category-xeber"],"_links":{"self":[{"href":"https:\/\/millitv.net\/index.php?rest_route=\/wp\/v2\/posts\/1223","targetHints":{"allow":["GET"]}}],"collection":[{"href":"https:\/\/millitv.net\/index.php?rest_route=\/wp\/v2\/posts"}],"about":[{"href":"https:\/\/millitv.net\/index.php?rest_route=\/wp\/v2\/types\/post"}],"author":[{"embeddable":true,"href":"https:\/\/millitv.net\/index.php?rest_route=\/wp\/v2\/users\/1"}],"replies":[{"embeddable":true,"href":"https:\/\/millitv.net\/index.php?rest_route=%2Fwp%2Fv2%2Fcomments&post=1223"}],"version-history":[{"count":0,"href":"https:\/\/millitv.net\/index.php?rest_route=\/wp\/v2\/posts\/1223\/revisions"}],"wp:featuredmedia":[{"embeddable":true,"href":"https:\/\/millitv.net\/index.php?rest_route=\/wp\/v2\/media\/1224"}],"wp:attachment":[{"href":"https:\/\/millitv.net\/index.php?rest_route=%2Fwp%2Fv2%2Fmedia&parent=1223"}],"wp:term":[{"taxonomy":"category","embeddable":true,"href":"https:\/\/millitv.net\/index.php?rest_route=%2Fwp%2Fv2%2Fcategories&post=1223"},{"taxonomy":"post_tag","embeddable":true,"href":"https:\/\/millitv.net\/index.php?rest_route=%2Fwp%2Fv2%2Ftags&post=1223"}],"curies":[{"name":"wp","href":"https:\/\/api.w.org\/{rel}","templated":true}]}}