{"id":12217,"date":"2024-05-21T20:22:00","date_gmt":"2024-05-21T20:22:00","guid":{"rendered":"https:\/\/millitv.net\/?p=12217"},"modified":"2024-05-21T21:07:41","modified_gmt":"2024-05-21T21:07:41","slug":"faci%C9%99vi-s%C9%99kild%C9%99-ol%C9%99n-t%C9%99l%C9%99b%C9%99-bar%C9%99d%C9%99-sok-fakt-foto","status":"publish","type":"post","link":"https:\/\/millitv.net\/?p=12217","title":{"rendered":"Faci\u0259vi \u015f\u0259kild\u0259 \u00f6l\u0259n t\u0259l\u0259b\u0259 bar\u0259d\u0259 \u015fok fakt &#8211; FOTO"},"content":{"rendered":"\n<p>\u00d6t\u0259n g\u00fcn \u00f6z\u00fcn\u00fc asaraq intihar ed\u0259n Jal\u0259 \u018fliyevan\u0131n g\u00f6r\u00fcnt\u00fcl\u0259ri yay\u0131l\u0131b.<\/p>\n\n\n\n<p>M\u0259lumat \u00fc\u00e7\u00fcn bildir\u0259k ki, J.\u018fliyeva \u015eirvan D\u00f6vl\u0259t \u0130qtisadiyyat v\u0259 Humanitar kollecinin 3-c\u00fc kurs t\u0259l\u0259b\u0259si olub.<\/p>\n\n\n\n<p>Hadis\u0259 \u00f6t\u0259n g\u00fcn&nbsp;ba\u015f verib.<\/p>\n\n\n\n<p>Hac\u0131qabul \u015f\u0259h\u0259r Abdulabad k\u0259nd sakini, 2006-c\u0131 il t\u0259v\u0259ll\u00fcdl\u00fc Jal\u0259 Z\u0259f\u0259r q\u0131z\u0131 \u018fliyevan\u0131n as\u0131lm\u0131\u015f meyiti a\u015fkarlan\u0131b.<\/p>\n\n\n\n<p>Onun ni\u015fanl\u0131 oldu\u011fu qeyd edilib.<\/p>\n\n\n\n<p>Faktla ba\u011fl\u0131 Hac\u0131qabul Rayon Prokurolu\u011funda cinay\u0259t i\u015fi a\u00e7\u0131l\u0131b, ara\u015fd\u0131rma apar\u0131l\u0131r. \/ MilliTv.NET<\/p>\n\n\n\n<figure class=\"wp-block-image size-full\"><img loading=\"lazy\" decoding=\"async\" width=\"640\" height=\"458\" src=\"https:\/\/millitv.net\/wp-content\/uploads\/2024\/05\/rtrtruu.jpg\" alt=\"\" class=\"wp-image-12219\" title=\"\" srcset=\"https:\/\/millitv.net\/wp-content\/uploads\/2024\/05\/rtrtruu.jpg 640w, https:\/\/millitv.net\/wp-content\/uploads\/2024\/05\/rtrtruu-300x215.jpg 300w\" sizes=\"auto, (max-width: 640px) 100vw, 640px\" \/><\/figure>\n\n\n\n<figure class=\"wp-block-image\"><img decoding=\"async\" src=\"https:\/\/images.oxu.az\/2024\/05\/21\/tVWKRPJvrJqjRFQfcahc8a4188NY951CUGanUFIA:640.jpg.webp\" alt=\"\" title=\"\"><\/figure>\n","protected":false},"excerpt":{"rendered":"<p>\u00d6t\u0259n g\u00fcn \u00f6z\u00fcn\u00fc asaraq intihar ed\u0259n Jal\u0259 \u018fliyevan\u0131n g\u00f6r\u00fcnt\u00fcl\u0259ri yay\u0131l\u0131b. M\u0259lumat \u00fc\u00e7\u00fcn bildir\u0259k ki, J.\u018fliyeva \u015eirvan D\u00f6vl\u0259t \u0130qtisadiyyat v\u0259 Humanitar kollecinin 3-c\u00fc kurs t\u0259l\u0259b\u0259si olub. Hadis\u0259 \u00f6t\u0259n g\u00fcn&nbsp;ba\u015f verib. Hac\u0131qabul \u015f\u0259h\u0259r Abdulabad k\u0259nd sakini, 2006-c\u0131 il t\u0259v\u0259ll\u00fcdl\u00fc Jal\u0259 Z\u0259f\u0259r q\u0131z\u0131 \u018fliyevan\u0131n as\u0131lm\u0131\u015f meyiti a\u015fkarlan\u0131b. Onun ni\u015fanl\u0131 oldu\u011fu qeyd edilib. Faktla ba\u011fl\u0131 Hac\u0131qabul Rayon Prokurolu\u011funda cinay\u0259t &hellip;<\/p>\n","protected":false},"author":1,"featured_media":12219,"comment_status":"open","ping_status":"closed","sticky":false,"template":"","format":"standard","meta":{"footnotes":""},"categories":[1],"tags":[],"class_list":["post-12217","post","type-post","status-publish","format-standard","has-post-thumbnail","hentry","category-idman"],"_links":{"self":[{"href":"https:\/\/millitv.net\/index.php?rest_route=\/wp\/v2\/posts\/12217","targetHints":{"allow":["GET"]}}],"collection":[{"href":"https:\/\/millitv.net\/index.php?rest_route=\/wp\/v2\/posts"}],"about":[{"href":"https:\/\/millitv.net\/index.php?rest_route=\/wp\/v2\/types\/post"}],"author":[{"embeddable":true,"href":"https:\/\/millitv.net\/index.php?rest_route=\/wp\/v2\/users\/1"}],"replies":[{"embeddable":true,"href":"https:\/\/millitv.net\/index.php?rest_route=%2Fwp%2Fv2%2Fcomments&post=12217"}],"version-history":[{"count":1,"href":"https:\/\/millitv.net\/index.php?rest_route=\/wp\/v2\/posts\/12217\/revisions"}],"predecessor-version":[{"id":12220,"href":"https:\/\/millitv.net\/index.php?rest_route=\/wp\/v2\/posts\/12217\/revisions\/12220"}],"wp:featuredmedia":[{"embeddable":true,"href":"https:\/\/millitv.net\/index.php?rest_route=\/wp\/v2\/media\/12219"}],"wp:attachment":[{"href":"https:\/\/millitv.net\/index.php?rest_route=%2Fwp%2Fv2%2Fmedia&parent=12217"}],"wp:term":[{"taxonomy":"category","embeddable":true,"href":"https:\/\/millitv.net\/index.php?rest_route=%2Fwp%2Fv2%2Fcategories&post=12217"},{"taxonomy":"post_tag","embeddable":true,"href":"https:\/\/millitv.net\/index.php?rest_route=%2Fwp%2Fv2%2Ftags&post=12217"}],"curies":[{"name":"wp","href":"https:\/\/api.w.org\/{rel}","templated":true}]}}