{"id":12205,"date":"2024-05-20T09:19:00","date_gmt":"2024-05-20T09:19:00","guid":{"rendered":"https:\/\/millitv.net\/?p=12205"},"modified":"2024-05-21T09:24:28","modified_gmt":"2024-05-21T09:24:28","slug":"kurtlar-vadisind%C9%99-iranla-bagli-s%C9%99hn%C9%99-ill%C9%99r-sonra-gund%C9%99m-oldu-video","status":"publish","type":"post","link":"https:\/\/millitv.net\/?p=12205","title":{"rendered":"\u201cKurtlar vadisi\u201cnd\u0259ki \u0130ranla ba\u011fl\u0131 s\u0259hn\u0259 ill\u0259r sonra g\u00fcnd\u0259m oldu &#8211; V\u0130DEO"},"content":{"rendered":"\n<p>T\u00fcrkiy\u0259nin reytinqli layih\u0259l\u0259rind\u0259n olan &#8220;Kurtlar vadisi&#8221; serial\u0131ndak\u0131 \u0130ranla ba\u011fl\u0131 s\u0259hn\u0259 ill\u0259r sonra yenid\u0259n g\u00fcnd\u0259m olub.<br>Ekran i\u015find\u0259 \u0130ran \u0130slam Respublikas\u0131 il\u0259 ba\u011fl\u0131 b\u0259zi gizli plan v\u0259 detallar a\u00e7\u0131qlan\u0131r.\u00a0Serialda Mehmet Karahanl\u0131 (Zafer Ergin) \u0130plik\u00e7i Nedim\u0259 (\u0130smail \u0130ncekara) realla\u015fd\u0131rmas\u0131 \u00fc\u00e7\u00fcn b\u0259zi tap\u015f\u0131r\u0131qlar verir v\u0259 \u0130ran\u0131n 3 hiss\u0259y\u0259 b\u00f6l\u00fcn\u0259c\u0259yini bildirir.\u00a0\u0130ran Prezidenti \u0130brahim R\u0259isinin helikopter q\u0259zas\u0131nda v\u0259fat etm\u0259si fonunda yay\u0131lan g\u00f6r\u00fcnt\u00fcl\u0259r sosial \u015f\u0259b\u0259k\u0259l\u0259rd\u0259 b\u00f6y\u00fck rezonans do\u011furub. \/ Demokrat.az\u200b<\/p>\n\n\n\n<figure class=\"wp-block-embed is-type-video is-provider-youtube wp-block-embed-youtube wp-embed-aspect-4-3 wp-has-aspect-ratio\"><div class=\"wp-block-embed__wrapper\">\n<iframe loading=\"lazy\" title=\"#kurtlarvadisi #2003 #irak #iran #israil #azerbaycan #america #karahanl\u0131 #tabriz #baku\" width=\"500\" height=\"375\" src=\"https:\/\/www.youtube.com\/embed\/9-AaxKGEKfI?feature=oembed\" frameborder=\"0\" allow=\"accelerometer; autoplay; clipboard-write; encrypted-media; gyroscope; picture-in-picture; web-share\" referrerpolicy=\"strict-origin-when-cross-origin\" allowfullscreen><\/iframe>\n<\/div><\/figure>\n","protected":false},"excerpt":{"rendered":"<p>T\u00fcrkiy\u0259nin reytinqli layih\u0259l\u0259rind\u0259n olan &#8220;Kurtlar vadisi&#8221; serial\u0131ndak\u0131 \u0130ranla ba\u011fl\u0131 s\u0259hn\u0259 ill\u0259r sonra yenid\u0259n g\u00fcnd\u0259m olub.Ekran i\u015find\u0259 \u0130ran \u0130slam Respublikas\u0131 il\u0259 ba\u011fl\u0131 b\u0259zi gizli plan v\u0259 detallar a\u00e7\u0131qlan\u0131r.\u00a0Serialda Mehmet Karahanl\u0131 (Zafer Ergin) \u0130plik\u00e7i Nedim\u0259 (\u0130smail \u0130ncekara) realla\u015fd\u0131rmas\u0131 \u00fc\u00e7\u00fcn b\u0259zi tap\u015f\u0131r\u0131qlar verir v\u0259 \u0130ran\u0131n 3 hiss\u0259y\u0259 b\u00f6l\u00fcn\u0259c\u0259yini bildirir.\u00a0\u0130ran Prezidenti \u0130brahim R\u0259isinin helikopter q\u0259zas\u0131nda v\u0259fat etm\u0259si fonunda yay\u0131lan &hellip;<\/p>\n","protected":false},"author":1,"featured_media":12207,"comment_status":"open","ping_status":"closed","sticky":false,"template":"","format":"standard","meta":{"footnotes":""},"categories":[4,6],"tags":[],"class_list":["post-12205","post","type-post","status-publish","format-standard","has-post-thumbnail","hentry","category-dunya","category-maqazin"],"_links":{"self":[{"href":"https:\/\/millitv.net\/index.php?rest_route=\/wp\/v2\/posts\/12205","targetHints":{"allow":["GET"]}}],"collection":[{"href":"https:\/\/millitv.net\/index.php?rest_route=\/wp\/v2\/posts"}],"about":[{"href":"https:\/\/millitv.net\/index.php?rest_route=\/wp\/v2\/types\/post"}],"author":[{"embeddable":true,"href":"https:\/\/millitv.net\/index.php?rest_route=\/wp\/v2\/users\/1"}],"replies":[{"embeddable":true,"href":"https:\/\/millitv.net\/index.php?rest_route=%2Fwp%2Fv2%2Fcomments&post=12205"}],"version-history":[{"count":2,"href":"https:\/\/millitv.net\/index.php?rest_route=\/wp\/v2\/posts\/12205\/revisions"}],"predecessor-version":[{"id":12209,"href":"https:\/\/millitv.net\/index.php?rest_route=\/wp\/v2\/posts\/12205\/revisions\/12209"}],"wp:featuredmedia":[{"embeddable":true,"href":"https:\/\/millitv.net\/index.php?rest_route=\/wp\/v2\/media\/12207"}],"wp:attachment":[{"href":"https:\/\/millitv.net\/index.php?rest_route=%2Fwp%2Fv2%2Fmedia&parent=12205"}],"wp:term":[{"taxonomy":"category","embeddable":true,"href":"https:\/\/millitv.net\/index.php?rest_route=%2Fwp%2Fv2%2Fcategories&post=12205"},{"taxonomy":"post_tag","embeddable":true,"href":"https:\/\/millitv.net\/index.php?rest_route=%2Fwp%2Fv2%2Ftags&post=12205"}],"curies":[{"name":"wp","href":"https:\/\/api.w.org\/{rel}","templated":true}]}}