{"id":12187,"date":"2024-05-20T18:05:00","date_gmt":"2024-05-20T18:05:00","guid":{"rendered":"https:\/\/millitv.net\/?p=12187"},"modified":"2024-05-21T04:07:51","modified_gmt":"2024-05-21T04:07:51","slug":"turkiy%C9%99-iran-prezidentinin-dusduyu-q%C9%99za-il%C9%99-bagli-hec-yerd%C9%99-deyilm%C9%99y%C9%99n-detallari-aciqladi","status":"publish","type":"post","link":"https:\/\/millitv.net\/?p=12187","title":{"rendered":"T\u00fcrkiy\u0259 \u0130ran Prezidentinin d\u00fc\u015fd\u00fcy\u00fc q\u0259za il\u0259 ba\u011fl\u0131 he\u00e7 yerd\u0259 deyilm\u0259y\u0259n detallar\u0131 a\u00e7\u0131qlad\u0131"},"content":{"rendered":"\n<p>T\u00fcrkiy\u0259nin n\u0259qliyyat v\u0259 infrastruktur naziri Abdulkadir Uralo\u011flu bildirib ki, \u00f6lk\u0259si \u0130ran\u0131n \u015fimal-q\u0259rbind\u0259 q\u0259zaya u\u011frayan iranl\u0131 r\u0259smil\u0259ri da\u015f\u0131yan helikopterd\u0259n g\u0259l\u0259n siqnallar\u0131 qeyd\u0259 almay\u0131b.<\/p>\n\n\n\n<p>Bu bar\u0259d\u0259 \u201c\u0130HA\u201d agentliyi m\u0259lumat yay\u0131b.<\/p>\n\n\n\n<p>Nazirin s\u00f6zl\u0259rin\u0259 g\u00f6r\u0259, ba\u015f ver\u0259nl\u0259rl\u0259 ba\u011fl\u0131 ilk x\u0259b\u0259rl\u0259ri alandan d\u0259rhal sonra T\u00fcrkiy\u0259 v\u0259ziyy\u0259ti izl\u0259m\u0259y\u0259 ba\u015flay\u0131b:<\/p>\n\n\n\n<p>\u201c\u0130ran T\u00fcrkiy\u0259 hava axtar\u0131\u015f-xilasetm\u0259 m\u00fct\u0259x\u0259ssisl\u0259rinin m\u0259suliyy\u0259ti zonas\u0131ndad\u0131r. Bununla ba\u011fl\u0131 havada v\u0259 d\u0259nizd\u0259 b\u00fct\u00fcn siqnallar\u0131 izl\u0259yirl\u0259r. Birinci m\u0259rh\u0259l\u0259d\u0259 biz helikopterin siqnal verib-verm\u0259m\u0259sin\u0259 n\u0259zar\u0259t etdik v\u0259 \u0130ran t\u0259r\u0259fi il\u0259 \u0259laq\u0259 yaratd\u0131q. Hesab edirik ki, siqnal sistemi s\u00f6nd\u00fcr\u00fcl\u00fcb, yaxud helikopter onunla t\u0259chiz olunmay\u0131b, \u00e7\u00fcnki biz\u0259 he\u00e7 bir siqnal g\u0259lm\u0259yib v\u0259 onlar bizim t\u0259r\u0259fimizd\u0259n qeyd\u0259 al\u0131nmal\u0131d\u0131r\u201d.<\/p>\n\n\n\n<p>Nazir helikopterin qal\u0131qlar\u0131n\u0131 m\u0259hz T\u00fcrkiy\u0259y\u0259 m\u0259xsus \u201cAk\u0131nc\u0131\u201d pilotsuz u\u00e7an aparat\u0131n\u0131n tapd\u0131\u011f\u0131n\u0131 vur\u011fulayaraq, bu hadis\u0259nin naviqasiyan\u0131n vacibliyini s\u00fcbut etdiyini qeyd edib. Uralo\u011flunun s\u00f6zl\u0259rin\u0259 g\u00f6r\u0259, helikopter q\u0259zas\u0131nda m\u00fcmk\u00fcn kriminal \u00e7alarlardan dan\u0131\u015fmaq tezdir.<\/p>\n\n\n\n<p>Xat\u0131rladaq ki, may\u0131n 19-da \u0130ran Prezidenti \u0130brahim R\u0259isini da\u015f\u0131yan helikopter \u0130ran-Az\u0259rbaycan s\u0259rh\u0259di yax\u0131nl\u0131\u011f\u0131ndak\u0131 Varziqan \u015f\u0259h\u0259ri yax\u0131nl\u0131\u011f\u0131nda s\u0259rt eni\u015f edib. Q\u0259zada prezident helikopterinin b\u00fct\u00fcn s\u0259rni\u015finl\u0259ri v\u0259 ekipaj \u00fczvl\u0259ri \u00f6l\u00fcb. \/&nbsp;Report<\/p>\n","protected":false},"excerpt":{"rendered":"<p>T\u00fcrkiy\u0259nin n\u0259qliyyat v\u0259 infrastruktur naziri Abdulkadir Uralo\u011flu bildirib ki, \u00f6lk\u0259si \u0130ran\u0131n \u015fimal-q\u0259rbind\u0259 q\u0259zaya u\u011frayan iranl\u0131 r\u0259smil\u0259ri da\u015f\u0131yan helikopterd\u0259n g\u0259l\u0259n siqnallar\u0131 qeyd\u0259 almay\u0131b. Bu bar\u0259d\u0259 \u201c\u0130HA\u201d agentliyi m\u0259lumat yay\u0131b. Nazirin s\u00f6zl\u0259rin\u0259 g\u00f6r\u0259, ba\u015f ver\u0259nl\u0259rl\u0259 ba\u011fl\u0131 ilk x\u0259b\u0259rl\u0259ri alandan d\u0259rhal sonra T\u00fcrkiy\u0259 v\u0259ziyy\u0259ti izl\u0259m\u0259y\u0259 ba\u015flay\u0131b: \u201c\u0130ran T\u00fcrkiy\u0259 hava axtar\u0131\u015f-xilasetm\u0259 m\u00fct\u0259x\u0259ssisl\u0259rinin m\u0259suliyy\u0259ti zonas\u0131ndad\u0131r. Bununla ba\u011fl\u0131 havada v\u0259 d\u0259nizd\u0259 &hellip;<\/p>\n","protected":false},"author":1,"featured_media":12188,"comment_status":"open","ping_status":"closed","sticky":false,"template":"","format":"standard","meta":{"footnotes":""},"categories":[1],"tags":[],"class_list":["post-12187","post","type-post","status-publish","format-standard","has-post-thumbnail","hentry","category-idman"],"_links":{"self":[{"href":"https:\/\/millitv.net\/index.php?rest_route=\/wp\/v2\/posts\/12187","targetHints":{"allow":["GET"]}}],"collection":[{"href":"https:\/\/millitv.net\/index.php?rest_route=\/wp\/v2\/posts"}],"about":[{"href":"https:\/\/millitv.net\/index.php?rest_route=\/wp\/v2\/types\/post"}],"author":[{"embeddable":true,"href":"https:\/\/millitv.net\/index.php?rest_route=\/wp\/v2\/users\/1"}],"replies":[{"embeddable":true,"href":"https:\/\/millitv.net\/index.php?rest_route=%2Fwp%2Fv2%2Fcomments&post=12187"}],"version-history":[{"count":1,"href":"https:\/\/millitv.net\/index.php?rest_route=\/wp\/v2\/posts\/12187\/revisions"}],"predecessor-version":[{"id":12189,"href":"https:\/\/millitv.net\/index.php?rest_route=\/wp\/v2\/posts\/12187\/revisions\/12189"}],"wp:featuredmedia":[{"embeddable":true,"href":"https:\/\/millitv.net\/index.php?rest_route=\/wp\/v2\/media\/12188"}],"wp:attachment":[{"href":"https:\/\/millitv.net\/index.php?rest_route=%2Fwp%2Fv2%2Fmedia&parent=12187"}],"wp:term":[{"taxonomy":"category","embeddable":true,"href":"https:\/\/millitv.net\/index.php?rest_route=%2Fwp%2Fv2%2Fcategories&post=12187"},{"taxonomy":"post_tag","embeddable":true,"href":"https:\/\/millitv.net\/index.php?rest_route=%2Fwp%2Fv2%2Ftags&post=12187"}],"curies":[{"name":"wp","href":"https:\/\/api.w.org\/{rel}","templated":true}]}}