{"id":12163,"date":"2024-05-20T05:17:00","date_gmt":"2024-05-20T05:17:00","guid":{"rendered":"https:\/\/millitv.net\/?p=12163"},"modified":"2024-05-20T06:12:28","modified_gmt":"2024-05-20T06:12:28","slug":"ibrahim-r%C9%99isini-prezident-postunda-r%C9%99sm%C9%99n-o-%C9%99v%C9%99zl%C9%99di-foto","status":"publish","type":"post","link":"https:\/\/millitv.net\/?p=12163","title":{"rendered":"\u0130brahim R\u0259isini prezident postunda r\u0259sm\u0259n o \u0259v\u0259zl\u0259di &#8211; FOTO"},"content":{"rendered":"\n<p>X\u0259b\u0259r verdiyimiz kimi, \u0130randa prezident helikopterinin q\u0259zaya u\u011framas\u0131 n\u0259tic\u0259sind\u0259 Prezident H\u0259s\u0259n Ruhani h\u0259lak olub. Helikopterd\u0259 prezidentl\u0259 birlikd\u0259 olan xarici i\u015fl\u0259r naziri H\u00fcseyn \u018fmir Abdullahiyan, T\u0259brizin imam c\u00fcm\u0259si Ay\u0259tullah Ali Ha\u015fim, \u015e\u0259rqi Az\u0259rbaycan vilay\u0259tinin valisi Malik R\u0259hm\u0259ti d\u0259 h\u0259lak olub. \u0130brahim R\u0259isinin \u00f6l\u00fcm\u00fcnd\u0259n sonra onun yerin\u0259 kimin ke\u00e7\u0259c\u0259yi m\u0259lum olub. \u0130ran\u0131n birinci vitse-prezidenti, 70 ya\u015fl\u0131 M\u0259h\u0259mm\u0259d Moxber yax\u0131n iki ay \u0259rzind\u0259 \u0130ran\u0131n prezidenti olacaq. \u0130ran Konstitusiyas\u0131na \u0259sas\u0259n, r\u0259hb\u0259rin raz\u0131l\u0131\u011f\u0131 il\u0259 birinci vitse-prezident prezidentin v\u0259 arlamentin s\u0259drind\u0259n ibar\u0259t \u015furan\u0131n yerini al\u0131r, m\u0259hk\u0259m\u0259 hakimiyy\u0259tinin r\u0259hb\u0259rl\u0259ri v\u0259 vitse-prezident is\u0259 50 g\u00fcn \u0259rzind\u0259 yeni se\u00e7kil\u0259r ke\u00e7irm\u0259lidir.<\/p>\n\n\n\n<figure class=\"wp-block-image size-full\"><img loading=\"lazy\" decoding=\"async\" width=\"640\" height=\"427\" src=\"https:\/\/millitv.net\/wp-content\/uploads\/2024\/05\/bserbersb.jpg\" alt=\"\" class=\"wp-image-12164\" title=\"\" srcset=\"https:\/\/millitv.net\/wp-content\/uploads\/2024\/05\/bserbersb.jpg 640w, https:\/\/millitv.net\/wp-content\/uploads\/2024\/05\/bserbersb-300x200.jpg 300w\" sizes=\"auto, (max-width: 640px) 100vw, 640px\" \/><\/figure>\n","protected":false},"excerpt":{"rendered":"<p>X\u0259b\u0259r verdiyimiz kimi, \u0130randa prezident helikopterinin q\u0259zaya u\u011framas\u0131 n\u0259tic\u0259sind\u0259 Prezident H\u0259s\u0259n Ruhani h\u0259lak olub. Helikopterd\u0259 prezidentl\u0259 birlikd\u0259 olan xarici i\u015fl\u0259r naziri H\u00fcseyn \u018fmir Abdullahiyan, T\u0259brizin imam c\u00fcm\u0259si Ay\u0259tullah Ali Ha\u015fim, \u015e\u0259rqi Az\u0259rbaycan vilay\u0259tinin valisi Malik R\u0259hm\u0259ti d\u0259 h\u0259lak olub. \u0130brahim R\u0259isinin \u00f6l\u00fcm\u00fcnd\u0259n sonra onun yerin\u0259 kimin ke\u00e7\u0259c\u0259yi m\u0259lum olub. \u0130ran\u0131n birinci vitse-prezidenti, 70 ya\u015fl\u0131 M\u0259h\u0259mm\u0259d &hellip;<\/p>\n","protected":false},"author":1,"featured_media":12165,"comment_status":"open","ping_status":"closed","sticky":false,"template":"","format":"standard","meta":{"footnotes":""},"categories":[4],"tags":[],"class_list":["post-12163","post","type-post","status-publish","format-standard","has-post-thumbnail","hentry","category-dunya"],"_links":{"self":[{"href":"https:\/\/millitv.net\/index.php?rest_route=\/wp\/v2\/posts\/12163","targetHints":{"allow":["GET"]}}],"collection":[{"href":"https:\/\/millitv.net\/index.php?rest_route=\/wp\/v2\/posts"}],"about":[{"href":"https:\/\/millitv.net\/index.php?rest_route=\/wp\/v2\/types\/post"}],"author":[{"embeddable":true,"href":"https:\/\/millitv.net\/index.php?rest_route=\/wp\/v2\/users\/1"}],"replies":[{"embeddable":true,"href":"https:\/\/millitv.net\/index.php?rest_route=%2Fwp%2Fv2%2Fcomments&post=12163"}],"version-history":[{"count":1,"href":"https:\/\/millitv.net\/index.php?rest_route=\/wp\/v2\/posts\/12163\/revisions"}],"predecessor-version":[{"id":12166,"href":"https:\/\/millitv.net\/index.php?rest_route=\/wp\/v2\/posts\/12163\/revisions\/12166"}],"wp:featuredmedia":[{"embeddable":true,"href":"https:\/\/millitv.net\/index.php?rest_route=\/wp\/v2\/media\/12165"}],"wp:attachment":[{"href":"https:\/\/millitv.net\/index.php?rest_route=%2Fwp%2Fv2%2Fmedia&parent=12163"}],"wp:term":[{"taxonomy":"category","embeddable":true,"href":"https:\/\/millitv.net\/index.php?rest_route=%2Fwp%2Fv2%2Fcategories&post=12163"},{"taxonomy":"post_tag","embeddable":true,"href":"https:\/\/millitv.net\/index.php?rest_route=%2Fwp%2Fv2%2Ftags&post=12163"}],"curies":[{"name":"wp","href":"https:\/\/api.w.org\/{rel}","templated":true}]}}