{"id":12155,"date":"2024-05-20T03:53:36","date_gmt":"2024-05-20T03:53:36","guid":{"rendered":"https:\/\/millitv.net\/?p=12155"},"modified":"2024-05-20T03:53:37","modified_gmt":"2024-05-20T03:53:37","slug":"helikopterin-hadis%C9%99d%C9%99n-sonraki-ilk-goruntusu-hamisi-h%C9%99lak-olub-foto","status":"publish","type":"post","link":"https:\/\/millitv.net\/?p=12155","title":{"rendered":"Helikopterin hadis\u0259d\u0259n sonrak\u0131 ilk g\u00f6r\u00fcnt\u00fcs\u00fc &#8211; Ham\u0131s\u0131 h\u0259lak olub &#8211; FOTO"},"content":{"rendered":"\n<p><strong>\u0130randa q\u0259zaya u\u011frayan prezident helikopterind\u0259 olan b\u00fct\u00fcn s\u0259rni\u015finl\u0259r h\u0259lak olub.<\/strong><\/p>\n\n\n\n<p>Bu bar\u0259d\u0259 \u0130ran Q\u0131z\u0131l Aypara C\u0259miyy\u0259tinin r\u0259hb\u0259ri Pir H\u00fcseyn Kuliv\u0259nd \u0130ran televiziyas\u0131nda deyib.<\/p>\n\n\n\n<p>&#8220;Q\u0259zaya u\u011frayan vertolyotun yeri a\u015fkar edildikd\u0259, helikopter s\u0259rni\u015finl\u0259rinin canl\u0131 olmas\u0131na dair he\u00e7 bir \u0259lam\u0259t tap\u0131lmad\u0131. Helikopterd\u0259 xarici i\u015fl\u0259r naziri H\u00fcseyn \u018fmir Abdullahian, \u015e\u0259rqi Az\u0259rbaycan vilay\u0259tinin qubernatoru M\u0259l\u0259k R\u0259hm\u0259ti v\u0259 T\u0259briz \u015f\u0259h\u0259rinin c\u00fcm\u0259 imam\u0131 M\u0259h\u0259mm\u0259d \u018fli Ha\u015fim d\u0259 olub. \/ ucnoqta.az<\/p>\n\n\n\n<p>***<\/p>\n\n\n\n<figure class=\"wp-block-image size-full\"><img loading=\"lazy\" decoding=\"async\" width=\"800\" height=\"574\" src=\"https:\/\/millitv.net\/wp-content\/uploads\/2024\/05\/1205473-1.jpg\" alt=\"\" class=\"wp-image-12157\" title=\"\" srcset=\"https:\/\/millitv.net\/wp-content\/uploads\/2024\/05\/1205473-1.jpg 800w, https:\/\/millitv.net\/wp-content\/uploads\/2024\/05\/1205473-1-300x215.jpg 300w, https:\/\/millitv.net\/wp-content\/uploads\/2024\/05\/1205473-1-768x551.jpg 768w\" sizes=\"auto, (max-width: 800px) 100vw, 800px\" \/><\/figure>\n","protected":false},"excerpt":{"rendered":"<p>\u0130randa q\u0259zaya u\u011frayan prezident helikopterind\u0259 olan b\u00fct\u00fcn s\u0259rni\u015finl\u0259r h\u0259lak olub. Bu bar\u0259d\u0259 \u0130ran Q\u0131z\u0131l Aypara C\u0259miyy\u0259tinin r\u0259hb\u0259ri Pir H\u00fcseyn Kuliv\u0259nd \u0130ran televiziyas\u0131nda deyib. &#8220;Q\u0259zaya u\u011frayan vertolyotun yeri a\u015fkar edildikd\u0259, helikopter s\u0259rni\u015finl\u0259rinin canl\u0131 olmas\u0131na dair he\u00e7 bir \u0259lam\u0259t tap\u0131lmad\u0131. Helikopterd\u0259 xarici i\u015fl\u0259r naziri H\u00fcseyn \u018fmir Abdullahian, \u015e\u0259rqi Az\u0259rbaycan vilay\u0259tinin qubernatoru M\u0259l\u0259k R\u0259hm\u0259ti v\u0259 T\u0259briz \u015f\u0259h\u0259rinin c\u00fcm\u0259 &hellip;<\/p>\n","protected":false},"author":1,"featured_media":12156,"comment_status":"open","ping_status":"closed","sticky":false,"template":"","format":"standard","meta":{"footnotes":""},"categories":[4],"tags":[],"class_list":["post-12155","post","type-post","status-publish","format-standard","has-post-thumbnail","hentry","category-dunya"],"_links":{"self":[{"href":"https:\/\/millitv.net\/index.php?rest_route=\/wp\/v2\/posts\/12155","targetHints":{"allow":["GET"]}}],"collection":[{"href":"https:\/\/millitv.net\/index.php?rest_route=\/wp\/v2\/posts"}],"about":[{"href":"https:\/\/millitv.net\/index.php?rest_route=\/wp\/v2\/types\/post"}],"author":[{"embeddable":true,"href":"https:\/\/millitv.net\/index.php?rest_route=\/wp\/v2\/users\/1"}],"replies":[{"embeddable":true,"href":"https:\/\/millitv.net\/index.php?rest_route=%2Fwp%2Fv2%2Fcomments&post=12155"}],"version-history":[{"count":1,"href":"https:\/\/millitv.net\/index.php?rest_route=\/wp\/v2\/posts\/12155\/revisions"}],"predecessor-version":[{"id":12158,"href":"https:\/\/millitv.net\/index.php?rest_route=\/wp\/v2\/posts\/12155\/revisions\/12158"}],"wp:featuredmedia":[{"embeddable":true,"href":"https:\/\/millitv.net\/index.php?rest_route=\/wp\/v2\/media\/12156"}],"wp:attachment":[{"href":"https:\/\/millitv.net\/index.php?rest_route=%2Fwp%2Fv2%2Fmedia&parent=12155"}],"wp:term":[{"taxonomy":"category","embeddable":true,"href":"https:\/\/millitv.net\/index.php?rest_route=%2Fwp%2Fv2%2Fcategories&post=12155"},{"taxonomy":"post_tag","embeddable":true,"href":"https:\/\/millitv.net\/index.php?rest_route=%2Fwp%2Fv2%2Ftags&post=12155"}],"curies":[{"name":"wp","href":"https:\/\/api.w.org\/{rel}","templated":true}]}}