{"id":12139,"date":"2024-05-19T17:38:43","date_gmt":"2024-05-19T17:38:43","guid":{"rendered":"https:\/\/millitv.net\/?p=12139"},"modified":"2024-05-19T19:37:09","modified_gmt":"2024-05-19T19:37:09","slug":"r%C9%99isinin-oldugu-helikopter-q%C9%99zasi-il%C9%99-bagli-sok-detallar-sakinl%C9%99r-hadis%C9%99-zamani-n%C9%99-gorubl%C9%99r-video","status":"publish","type":"post","link":"https:\/\/millitv.net\/?p=12139","title":{"rendered":"R\u0259isi helikopter q\u0259zas\u0131nda h\u0259lak olub? &#8211; \u015eOK \u0130DD\u0130A"},"content":{"rendered":"\n<p>\u0130ran Prezidenti \u0130brahim R\u0259isinin t\u0259yyar\u0259 q\u0259zas\u0131nda h\u0259lak oldu\u011fu bar\u0259d\u0259 iddialar var.<\/p>\n\n\n\n<p>Bu bar\u0259d\u0259 T\u00fcrkiy\u0259nin t\u0259hl\u00fck\u0259sizlik m\u0259s\u0259l\u0259l\u0259ri \u00fczr\u0259 m\u00fct\u0259x\u0259ssisi Co\u015fqun Ba\u015fbuq &#8220;Cnnt\u00fcrk&#8221;\u00fcn canl\u0131 efirind\u0259 deyib. O bildirib ki, Q\u0259t\u0259r medias\u0131nda buna dair m\u0259lumatlar var.\u00a0<\/p>\n\n\n\n<p>***<\/p>\n\n\n\n<p>Bu bar\u0259d\u0259 &#8220;MOUZE&#8221; teleqram kanal\u0131 yerli sakinl\u0259r\u0259 istinad\u0259n m\u0259lumat yay\u0131b.\u00a0<\/p>\n\n\n\n<p>&#8220;Yerli sakinl\u0259r ad\u0259t\u0259n bu \u0259raziy\u0259 getmirl\u0259r, \u00e7\u00fcnki bu \u0259razi uzaqd\u0131r, orada ay\u0131lar ya\u015fay\u0131r v\u0259 \u00e7ox soyuqdur&#8221;.<\/p>\n\n\n\n<p>&#8220;R\u0259isini da\u015f\u0131yan helikopterin q\u0259zaya u\u011frad\u0131\u011f\u0131 yer Vanistan v\u0259 Sar\u0131 \u00c7aman k\u0259ndl\u0259ri aras\u0131ndad\u0131r&#8221;. \/&nbsp;News24.az<\/p>\n\n\n\n<p>***&nbsp;<\/p>\n\n\n\n<p><strong>\u0130ran Prezident Seyid \u0130brahim R\u0259isini da\u015f\u0131yan helikopter Uzi v\u0259 Pir Davud k\u0259ndl\u0259ri aras\u0131ndak\u0131 Dizmar me\u015f\u0259 sah\u0259sind\u0259 q\u0259zaya u\u011fray\u0131b.<\/strong><\/p>\n\n\n\n<p>Bu bar\u0259d\u0259 \u0259raziy\u0259 yax\u0131n k\u0259ndl\u0259rd\u0259 ya\u015fayan hadis\u0259 \u015fahidl\u0259ri m\u0259lumat veribl\u0259r<\/p>\n\n\n\n<p>Onlar bildiribl\u0259r ki, q\u0259zadan bir saat \u0259vv\u0259l \u0259razid\u0259n s\u0259sl\u0259r e\u015fidibl\u0259r.<\/p>\n\n\n\n<p>Q\u0259za b\u00f6lg\u0259sin\u0259 PUA v\u0259 axtar\u0131\u015f-xilasetm\u0259 itl\u0259ri d\u0259 daxil olmaqla 20-d\u0259n \u00e7ox yard\u0131m qrupu g\u00f6nd\u0259rilib.<\/p>\n\n\n\n<p>Axtar\u0131\u015f i\u015fl\u0259rin\u0259 k\u00f6m\u0259k etm\u0259k \u00fc\u00e7\u00fcn b\u00f6lg\u0259y\u0259 silahl\u0131 q\u00fcvv\u0259l\u0259rd\u0259n x\u00fcsusi t\u0259yinatl\u0131lar da g\u00f6nd\u0259rilib.<\/p>\n\n\n\n<p>\u018flveri\u015fsiz hava \u015f\u0259raiti s\u0259b\u0259bind\u0259n xilasetm\u0259 i\u015fl\u0259rinin vaxt apara bil\u0259c\u0259yi bildirilib. \/ MilliTv.NET<\/p>\n\n\n\n<p>***<\/p>\n\n\n\n<p>\u0130ran Prezidenti \u0130brahim R\u0259isi v\u0259 onu m\u00fc\u015fay\u0259t ed\u0259n \u015f\u0259xsl\u0259ri da\u015f\u0131yan helikopter Uzi v\u0259 Pir Davud k\u0259ndl\u0259ri aras\u0131ndak\u0131 Dizmar me\u015f\u0259sin\u0259 q\u0259za eni\u015fi edib.<\/p>\n\n\n\n<p>Bu bar\u0259d\u0259 \u0130ran\u0131n IRNA Agentliyi q\u0259za yerinin \u0259traf\u0131ndak\u0131 k\u0259ndl\u0259rin sakinl\u0259rin\u0259 istinad\u0259n m\u0259lumat yay\u0131b.<\/p>\n\n\n\n<p>Sakinl\u0259r deyibl\u0259r ki, onlar q\u0259zadan bir saat \u0259vv\u0259l s\u0259sl\u0259r e\u015fidibl\u0259r.<\/p>\n\n\n\n<p>\u018fraziy\u0259 pilotsuz u\u00e7u\u015f aparatlar\u0131 v\u0259 axtar\u0131\u015f itl\u0259ri d\u0259 daxil olmaqla, tam avadanl\u0131qla t\u0259chiz olunmu\u015f 20-d\u0259n \u00e7ox xilasetm\u0259 qrupu g\u00f6nd\u0259rilib.<\/p>\n\n\n\n<p>Onlarla yana\u015f\u0131, \u0259razid\u0259 axtar\u0131\u015f \u0259m\u0259liyyatlar\u0131na k\u00f6m\u0259k etm\u0259k \u00fc\u00e7\u00fcn silahl\u0131 q\u00fcvv\u0259l\u0259rin g\u00f6z\u0259t\u00e7i qruplar\u0131 v\u0259 x\u00fcsusi t\u0259yinatl\u0131lar\u0131 da i\u015ftirak edir.<\/p>\n\n\n\n<p>\u018frazinin m\u00fcr\u0259kk\u0259bliyi, el\u0259c\u0259 d\u0259 \u0259lveri\u015fsiz hava \u015f\u0259raiti, x\u00fcsus\u0259n d\u0259 \u0259razid\u0259 qat\u0131 duman olmas\u0131 s\u0259b\u0259bind\u0259n axtar\u0131\u015f-xilasetm\u0259 i\u015fl\u0259ri \u00e7\u0259tinl\u0259\u015fib. \/ MilliTv.NET<\/p>\n\n\n\n<p>&#8220;Mehr&#8221; agentliyi prezidentin oldu\u011fu helikopterin da\u011fl\u0131q \u0259razid\u0259 s\u0259rt eni\u015f etm\u0259sind\u0259n bir saat \u0259vv\u0259l u\u00e7u\u015funun videosunu yay\u0131b.<\/p>\n\n\n\n<p><a href=\"https:\/\/player.olke.az\/?v=31319\" target=\"_blank\" rel=\"noopener\">https:\/\/player.olke.az\/?v=31319<\/a><\/p>\n\n\n\n<p><\/p>\n","protected":false},"excerpt":{"rendered":"<p>\u0130ran Prezidenti \u0130brahim R\u0259isinin t\u0259yyar\u0259 q\u0259zas\u0131nda h\u0259lak oldu\u011fu bar\u0259d\u0259 iddialar var. Bu bar\u0259d\u0259 T\u00fcrkiy\u0259nin t\u0259hl\u00fck\u0259sizlik m\u0259s\u0259l\u0259l\u0259ri \u00fczr\u0259 m\u00fct\u0259x\u0259ssisi Co\u015fqun Ba\u015fbuq &#8220;Cnnt\u00fcrk&#8221;\u00fcn canl\u0131 efirind\u0259 deyib. O bildirib ki, Q\u0259t\u0259r medias\u0131nda buna dair m\u0259lumatlar var.\u00a0 *** Bu bar\u0259d\u0259 &#8220;MOUZE&#8221; teleqram kanal\u0131 yerli sakinl\u0259r\u0259 istinad\u0259n m\u0259lumat yay\u0131b.\u00a0 &#8220;Yerli sakinl\u0259r ad\u0259t\u0259n bu \u0259raziy\u0259 getmirl\u0259r, \u00e7\u00fcnki bu \u0259razi uzaqd\u0131r, orada &hellip;<\/p>\n","protected":false},"author":1,"featured_media":12152,"comment_status":"open","ping_status":"closed","sticky":false,"template":"","format":"standard","meta":{"footnotes":""},"categories":[4],"tags":[],"class_list":["post-12139","post","type-post","status-publish","format-standard","has-post-thumbnail","hentry","category-dunya"],"_links":{"self":[{"href":"https:\/\/millitv.net\/index.php?rest_route=\/wp\/v2\/posts\/12139","targetHints":{"allow":["GET"]}}],"collection":[{"href":"https:\/\/millitv.net\/index.php?rest_route=\/wp\/v2\/posts"}],"about":[{"href":"https:\/\/millitv.net\/index.php?rest_route=\/wp\/v2\/types\/post"}],"author":[{"embeddable":true,"href":"https:\/\/millitv.net\/index.php?rest_route=\/wp\/v2\/users\/1"}],"replies":[{"embeddable":true,"href":"https:\/\/millitv.net\/index.php?rest_route=%2Fwp%2Fv2%2Fcomments&post=12139"}],"version-history":[{"count":4,"href":"https:\/\/millitv.net\/index.php?rest_route=\/wp\/v2\/posts\/12139\/revisions"}],"predecessor-version":[{"id":12150,"href":"https:\/\/millitv.net\/index.php?rest_route=\/wp\/v2\/posts\/12139\/revisions\/12150"}],"wp:featuredmedia":[{"embeddable":true,"href":"https:\/\/millitv.net\/index.php?rest_route=\/wp\/v2\/media\/12152"}],"wp:attachment":[{"href":"https:\/\/millitv.net\/index.php?rest_route=%2Fwp%2Fv2%2Fmedia&parent=12139"}],"wp:term":[{"taxonomy":"category","embeddable":true,"href":"https:\/\/millitv.net\/index.php?rest_route=%2Fwp%2Fv2%2Fcategories&post=12139"},{"taxonomy":"post_tag","embeddable":true,"href":"https:\/\/millitv.net\/index.php?rest_route=%2Fwp%2Fv2%2Ftags&post=12139"}],"curies":[{"name":"wp","href":"https:\/\/api.w.org\/{rel}","templated":true}]}}