{"id":12103,"date":"2024-05-19T03:48:00","date_gmt":"2024-05-19T03:48:00","guid":{"rendered":"https:\/\/millitv.net\/?p=12103"},"modified":"2024-05-19T04:10:27","modified_gmt":"2024-05-19T04:10:27","slug":"meyxanaci-dostunu-bicaqladi-h%C9%99yat-yoldasi-onu-t%C9%99rk-etdi-buna-gor%C9%99-honkur-honkur-agladi-r%C9%99sad-dagli-bar%C9%99d%C9%99-sok-faktlar","status":"publish","type":"post","link":"https:\/\/millitv.net\/?p=12103","title":{"rendered":"Meyxana\u00e7\u0131 dostunu b\u0131\u00e7aqlad\u0131, h\u0259yat yolda\u015f\u0131 onu t\u0259rk etdi, buna g\u00f6r\u0259 h\u00f6nk\u00fcr-h\u00f6nk\u00fcr a\u011flad\u0131 &#8211; R\u0259\u015fad Da\u011fl\u0131 bar\u0259d\u0259 \u015fok faktlar"},"content":{"rendered":"\n<p><strong>Kulis.az meyxana al\u0259minin kral\u0131 hesab olunan R\u0259\u015fad Da\u011fl\u0131 haq\u0131nda on maraql\u0131 fakt\u0131 t\u0259qdim edir.<\/strong><\/p>\n\n\n\n<p>R\u0259\u015fad Vaqif o\u011flu \u018fmirov 21 aprel, 1984-c\u00fc ild\u0259 Bak\u0131n\u0131n Yasamal rayonunda anadan olub. 2001-ci v\u0259 2011-ci ild\u0259 Az\u0259rbaycan telekanallar\u0131nda yay\u0131mlanan &#8220;De g\u0259lsin&#8221; meyxana yar\u0131\u015fmas\u0131nda i\u015ftirak ed\u0259nd\u0259n sonra b\u00f6y\u00fck populyarl\u0131q qazan\u0131b.<\/p>\n\n\n\n<p>O, g\u0259lib-ke\u00e7mi\u015f meyxana\u00e7\u0131lar aras\u0131nda \u0259n yax\u015f\u0131lardand\u0131r. H\u0259tta \u201cdeyi\u015fm\u0259\u201d m\u00fcst\u0259visind\u0259, b\u0259lk\u0259 d\u0259, \u0259n yax\u015f\u0131s\u0131d\u0131r. S\u0259ri b\u0259hrind\u0259 apar\u0131lan \u00e7evik deyi\u015fm\u0259l\u0259rd\u0259 R\u0259\u015fad\u0131 m\u0259\u011flub ed\u0259n meyxana\u00e7\u0131 olmay\u0131b. O, h\u0259tta Ayd\u0131n X\u0131rdalanl\u0131 il\u0259 d\u0259 k\u0259ll\u0259-k\u0259ll\u0259y\u0259 g\u0259l\u0259 bilirdi.<\/p>\n\n\n\n<p>Bir qrup meyxana dey\u0259n g\u0259nc R\u0259\u015fad Da\u011fl\u0131n\u0131n \u00f6z avtoritetind\u0259n istifad\u0259 ed\u0259r\u0259k g\u0259ncl\u0259rin yolunu ba\u011flad\u0131\u011f\u0131n\u0131 iddia edir. Bir vaxtlar R\u0259\u015fadla \u00fcz-\u00fcz\u0259 deyi\u015f\u0259n, h\u0259tta b\u0259zi meydanlarda R\u0259\u015fada layiqli r\u0259qib olan o g\u0259ncl\u0259r g\u00fcnl\u0259rin birind\u0259 \u201cmeyxana kral\u0131\u201dn\u0131n q\u0259z\u0259bin\u0259 tu\u015f g\u0259lir, R\u0259\u015fad onlar\u0131n oldu\u011fu m\u0259clisl\u0259rd\u0259n imtina etm\u0259y\u0259 ba\u015flay\u0131r. T\u0259bii, m\u0259clis sahibi d\u0259 bu se\u00e7im qar\u015f\u0131s\u0131nda qald\u0131qda R\u0259\u015fad\u0131 se\u00e7ir v\u0259 h\u0259min g\u0259ncl\u0259rd\u0259n imtina edir. G\u0259ncl\u0259rin iddias\u0131na g\u00f6r\u0259, R\u0259\u015fad onunla ciddi r\u0259qab\u0259t aparan r\u0259qibl\u0259ri sevmir. O, toylara, ad\u0259t\u0259n, el\u0259 kollektivl\u0259 yollan\u0131r ki, h\u0259min m\u0259clisd\u0259 onun krall\u0131\u011f\u0131 a\u00e7\u0131q-ayd\u0131n se\u00e7ilsin, onunla deyi\u015f\u0259n, bir m\u0259clisd\u0259 olan \u015f\u0259xsl\u0259r d\u0259, iddiaya g\u00f6r\u0259, bu qaydaya sadiq qal\u0131rlar&#8230;<\/p>\n\n\n\n<p>***<\/p>\n\n\n\n<p>Bu haqda R\u0259\u015fad Da\u011fl\u0131n\u0131n yax\u0131n dostu Orxan L\u00f6kbatanl\u0131 m\u00fcsahib\u0259l\u0259rinin birind\u0259 deyir:<\/p>\n\n\n\n<p>\u201cM\u0259n R\u0259\u015fad\u0131 ne\u00e7\u0259 ill\u0259rdi tan\u0131y\u0131ram. R\u0259\u015fad kimins\u0259 \u00e7\u00f6r\u0259yin\u0259 bais olacaq insan deyil. Sad\u0259c\u0259, el\u0259 adamlar var ki, \u00f6zl\u0259rini meyxana\u00e7\u0131 kimi q\u0259l\u0259m\u0259 verirl\u0259r. Biz m\u0259clis\u0259 g\u0259lirik, biz\u0259 deyirl\u0259r, filan u\u015faq t\u0259z\u0259-t\u0259z\u0259 meyxana deyir, istedad\u0131 var, qoyun o da sizinl\u0259 meyxana desin. Raz\u0131la\u015f\u0131r\u0131q. H\u0259min u\u015faq mikrofonu \u0259lin\u0259 g\u00f6t\u00fcr\u00fcb ikinci b\u0259nd\u0259 ke\u00e7\u0259nd\u0259 ba\u015flay\u0131r qanacaqs\u0131zl\u0131q etm\u0259y\u0259. Ola bil\u0259r, h\u0259min m\u0259qamla bir d\u0259 rastla\u015fmamaq \u00fc\u00e7\u00fcn m\u0259n d\u0259, R\u0259\u015fad da, dig\u0259r meyxana\u00e7\u0131lar da toya d\u0259v\u0259t ed\u0259n\u0259 dey\u0259k ki, m\u0259clisd\u0259 ke\u00e7\u0259n d\u0259f\u0259 qanacaqs\u0131zl\u0131q ed\u0259n o\u011flan olmas\u0131n\u201d.<\/p>\n\n\n\n<p>R\u0259\u015fad Da\u011fl\u0131 2010-cu ild\u0259 Nail\u0259 S\u00fcleymanzad\u0259 adl\u0131 xan\u0131mla ail\u0259 qurub. Onlar\u0131n Yusif adl\u0131 o\u011flu v\u0259 B\u0259t\u00fcl adl\u0131 q\u0131zlar\u0131 d\u00fcnyaya g\u0259lib. 9 ild\u0259n sonra, 2019-cu ilin avqust ay\u0131nda is\u0259 Nail\u0259 S\u00fcleymanzad\u0259 X\u0259tai Rayon M\u0259hk\u0259m\u0259sin\u0259 verdiyi \u0259riz\u0259d\u0259 R\u0259\u015fad Da\u011fl\u0131dan ail\u0259daxili m\u00fcnaqi\u015f\u0259l\u0259rd\u0259n bezdiyi \u00fc\u00e7\u00fcn bo\u015fanmaq ist\u0259diyini bildir\u0259r\u0259k, bununla ba\u011fl\u0131 m\u0259hk\u0259m\u0259y\u0259 m\u00fcraci\u0259t edib.<\/p>\n\n\n\n<p>***<\/p>\n\n\n\n<p>X\u0259b\u0259rin \u00fcz\u0259rind\u0259n bir ne\u00e7\u0259 saat ke\u00e7\u0259nd\u0259n sonra Nail\u0259 xan\u0131m m\u0259tbuata a\u00e7\u0131qlama ver\u0259r\u0259k bo\u015fanma haqq\u0131nda m\u0259hk\u0259m\u0259y\u0259 m\u00fcraci\u0259t etdiyini do\u011frulay\u0131b:<\/p>\n\n\n\n<p>&#8220;Bu haqda dan\u0131\u015fmaq ist\u0259mirdim. \u0130st\u0259m\u0259zdim ki, bel\u0259 x\u0259b\u0259rl\u0259r m\u0259tbuatda yer als\u0131n. Biz R\u0259\u015fadla dost kimi ayr\u0131lma\u011f\u0131 d\u00fc\u015f\u00fcn\u00fcr\u00fck. O, \u00f6vladlar\u0131m\u0131n atas\u0131d\u0131r. Sad\u0259c\u0259 ail\u0259 m\u00fcnaqi\u015f\u0259l\u0259rimiz oldu v\u0259 anla\u015fa bilm\u0259dik. Bo\u015fanma \u0259riz\u0259sini m\u0259n vermi\u015f\u0259m. R\u0259\u015fad is\u0259 bununla raz\u0131 deyil&#8221;.<\/p>\n\n\n\n<p>R\u0259\u015fad 2015-ci ild\u0259 ANS TV-d\u0259 yay\u0131mlanan &#8220;Ma\u015f\u0131n \u015eou&#8221; realiti verili\u015find\u0259 i\u015ftirak edib. Bu verili\u015fd\u0259 o, aktrisa Mehriban Xanlarova il\u0259 m\u00fcbahis\u0259l\u0259ri il\u0259 yadda qal\u0131b. Bel\u0259 ki, aktrisa da\u011fl\u0131lardan s\u0259s ist\u0259yib. R\u0259\u015fad \u00f6z\u00fc d\u0259 Da\u011fl\u0131 oldu\u011fu \u00fc\u00e7\u00fcn onun s\u0259s ist\u0259m\u0259sin\u0259 bel\u0259 m\u00fcnasib\u0259t bildirib:<\/p>\n\n\n\n<p>&#8220;Da\u011fl\u0131 qad\u0131n\u0131 C\u0259f\u0259r Cabbarl\u0131n\u0131, Mikay\u0131l M\u00fc\u015ffiqi d\u00fcnyaya g\u0259tir\u0259n qad\u0131nd\u0131r, Mehriban Xanlarova deyil&#8221;.<\/p>\n\n\n\n<p>Bu \u015fouda R\u0259\u015fad y\u00fcks\u0259k s\u0259s y\u0131\u011faraq stilist Anar A\u011faki\u015fiyevi uzaqla\u015fd\u0131rmas\u0131 il\u0259 d\u0259 yadda qal\u0131b.<\/p>\n\n\n\n<p>***<\/p>\n\n\n\n<p>Deyil\u0259nl\u0259r\u0259 g\u00f6r\u0259, R\u0259\u015fad\u0131n \u0259n m\u00f6hk\u0259m konflikt ya\u015fad\u0131\u011f\u0131 meyxana\u00e7\u0131 R\u00fcf\u0259t Nasosnu olub. Bel\u0259 ki, m\u0259clisl\u0259rin birind\u0259 onlar\u0131n m\u00fcbahis\u0259si o q\u0259d\u0259r d\u0259rinl\u0259\u015fib ki, R\u0259\u015fad \u00f6z h\u0259mkar\u0131n\u0131 b\u0131\u00e7aqlay\u0131b. Bir m\u00fcdd\u0259t sonra R\u0259\u015fadla birg\u0259 \u015f\u0259kilini sosial \u015f\u0259b\u0259k\u0259d\u0259 payla\u015fan R\u00fcf\u0259t bel\u0259 yaz\u0131b:<\/p>\n\n\n\n<p>\u201cM\u0259n ancaq Allahdan xeyirlisini arzulad\u0131m&#8230; ist\u0259r \u00f6z\u00fcm\u0259, ist\u0259r \u00f6z\u00fcm kimil\u0259r\u0259\u201d.<\/p>\n\n\n\n<p>Meyxanan\u0131n tac\u0131 v\u0259 kral\u0131 hesab olunan R\u0259\u015fad Da\u011fl\u0131 bu g\u00fcn d\u0259 \u00f6z taxt\u0131n\u0131 qorumaqdad\u0131r. Meyxana al\u0259mind\u0259 onun r\u0259qibi yoxdur. R\u0259\u015fad m\u0259tbuata he\u00e7 bir m\u00fcsahib\u0259 vermir. Son g\u00fcnl\u0259r is\u0259 o bunu Ayd\u0131n X\u0131rdalanl\u0131n\u0131n, V\u00fcqar Bil\u0259c\u0259rinin \u00f6l\u00fcm\u00fc il\u0259 \u0259laq\u0259l\u0259ndirib v\u0259 onlara h\u0259l\u0259 d\u0259 yas saxlad\u0131\u011f\u0131n\u0131 bildirib. O, n\u0259 q\u0259d\u0259r s\u0259rt, davakar t\u0259sir ba\u011f\u0131\u015flasa da o, g\u00f6z ya\u015flar\u0131 il\u0259 d\u0259 yadda qal\u0131b. Yax\u0131n dostlar\u0131 Ayd\u0131n X\u0131rdalanl\u0131 v\u0259 V\u00fcqar Bil\u0259c\u0259rli d\u00fcnyas\u0131n\u0131 d\u0259yi\u015f\u0259n zaman R\u0259\u015fad kameralar qar\u015f\u0131s\u0131nda h\u00f6nk\u00fcr-h\u00f6nk\u00fcr a\u011flay\u0131b.<\/p>\n\n\n\n<p>***<\/p>\n\n\n\n<p>R\u0259\u015fad Da\u011fl\u0131 9 noyabr 2022-ci ild\u0259 qon\u015fusu 43 ya\u015fl\u0131 \u0130sk\u0259nd\u0259r Mehtiyevl\u0259 aralar\u0131nda yaranm\u0131\u015f m\u00fcnaqi\u015f\u0259 zaman\u0131 b\u0131\u00e7aqla \u00e7oxsayl\u0131 x\u0259sar\u0259tl\u0259r yetir\u0259r\u0259k \u0130sk\u0259nd\u0259r Mehtiyevi q\u0259tl\u0259 yetirib. Hadis\u0259d\u0259n sonra k\u00f6n\u00fcll\u00fc polis\u0259 t\u0259slim olan R\u0259\u015fad Da\u011fl\u0131ya qar\u015f\u0131 Cinay\u0259t M\u0259c\u0259ll\u0259sinin 120.1-ci (q\u0259sd\u0259n adam \u00f6ld\u00fcrm\u0259) madd\u0259si il\u0259 cinay\u0259t i\u015fi a\u00e7\u0131l\u0131b. R\u0259\u015fad \u018fmirov \u015f\u00fcbh\u0259li \u015f\u0259xs qismind\u0259 tutularaq istintaqa c\u0259lb edilib.<\/p>\n","protected":false},"excerpt":{"rendered":"<p>Kulis.az meyxana al\u0259minin kral\u0131 hesab olunan R\u0259\u015fad Da\u011fl\u0131 haq\u0131nda on maraql\u0131 fakt\u0131 t\u0259qdim edir. R\u0259\u015fad Vaqif o\u011flu \u018fmirov 21 aprel, 1984-c\u00fc ild\u0259 Bak\u0131n\u0131n Yasamal rayonunda anadan olub. 2001-ci v\u0259 2011-ci ild\u0259 Az\u0259rbaycan telekanallar\u0131nda yay\u0131mlanan &#8220;De g\u0259lsin&#8221; meyxana yar\u0131\u015fmas\u0131nda i\u015ftirak ed\u0259nd\u0259n sonra b\u00f6y\u00fck populyarl\u0131q qazan\u0131b. O, g\u0259lib-ke\u00e7mi\u015f meyxana\u00e7\u0131lar aras\u0131nda \u0259n yax\u015f\u0131lardand\u0131r. H\u0259tta \u201cdeyi\u015fm\u0259\u201d m\u00fcst\u0259visind\u0259, b\u0259lk\u0259 d\u0259, &hellip;<\/p>\n","protected":false},"author":1,"featured_media":12104,"comment_status":"open","ping_status":"closed","sticky":false,"template":"","format":"standard","meta":{"footnotes":""},"categories":[1],"tags":[],"class_list":["post-12103","post","type-post","status-publish","format-standard","has-post-thumbnail","hentry","category-idman"],"_links":{"self":[{"href":"https:\/\/millitv.net\/index.php?rest_route=\/wp\/v2\/posts\/12103","targetHints":{"allow":["GET"]}}],"collection":[{"href":"https:\/\/millitv.net\/index.php?rest_route=\/wp\/v2\/posts"}],"about":[{"href":"https:\/\/millitv.net\/index.php?rest_route=\/wp\/v2\/types\/post"}],"author":[{"embeddable":true,"href":"https:\/\/millitv.net\/index.php?rest_route=\/wp\/v2\/users\/1"}],"replies":[{"embeddable":true,"href":"https:\/\/millitv.net\/index.php?rest_route=%2Fwp%2Fv2%2Fcomments&post=12103"}],"version-history":[{"count":1,"href":"https:\/\/millitv.net\/index.php?rest_route=\/wp\/v2\/posts\/12103\/revisions"}],"predecessor-version":[{"id":12105,"href":"https:\/\/millitv.net\/index.php?rest_route=\/wp\/v2\/posts\/12103\/revisions\/12105"}],"wp:featuredmedia":[{"embeddable":true,"href":"https:\/\/millitv.net\/index.php?rest_route=\/wp\/v2\/media\/12104"}],"wp:attachment":[{"href":"https:\/\/millitv.net\/index.php?rest_route=%2Fwp%2Fv2%2Fmedia&parent=12103"}],"wp:term":[{"taxonomy":"category","embeddable":true,"href":"https:\/\/millitv.net\/index.php?rest_route=%2Fwp%2Fv2%2Fcategories&post=12103"},{"taxonomy":"post_tag","embeddable":true,"href":"https:\/\/millitv.net\/index.php?rest_route=%2Fwp%2Fv2%2Ftags&post=12103"}],"curies":[{"name":"wp","href":"https:\/\/api.w.org\/{rel}","templated":true}]}}