{"id":12089,"date":"2024-05-18T20:31:11","date_gmt":"2024-05-18T20:31:11","guid":{"rendered":"https:\/\/millitv.net\/?p=12089"},"modified":"2024-05-18T20:31:13","modified_gmt":"2024-05-18T20:31:13","slug":"lamiy%C9%99-inanilmazi-bacardi-foto","status":"publish","type":"post","link":"https:\/\/millitv.net\/?p=12089","title":{"rendered":"Lamiy\u0259 inan\u0131lmaz\u0131 bacard\u0131 &#8211; FOTO"},"content":{"rendered":"\n<p>Az\u0259rbaycan paraatleti Lamiy\u0259 V\u0259liyeva Yaponiyan\u0131n Kobe \u015f\u0259h\u0259rind\u0259 ke\u00e7iril\u0259n d\u00fcnya \u00e7empionat\u0131nda q\u0131z\u0131l medal qazan\u0131b.<\/p>\n\n\n\n<p>Milli Paralimpiya Komit\u0259sind\u0259n veril\u0259n m\u0259lumata g\u00f6r\u0259, idman\u00e7\u0131 T13 kateqoriyas\u0131nda 100 metr m\u0259saf\u0259ni 11,94 saniy\u0259y\u0259 ba\u015fa vurub.<\/p>\n\n\n\n<p>L.V\u0259liyeva bu n\u0259tic\u0259 il\u0259 b\u00fct\u00fcn r\u0259qibl\u0259rini qabaqlayaraq d\u00fcnya \u00e7empionu olub.<\/p>\n\n\n\n<p>Qeyd ed\u0259k ki, bu, 22 ya\u015fl\u0131 Paralimpiya \u00e7empionunun \u00fcmumilikd\u0259 \u00fc\u00e7\u00fcnc\u00fc d\u00fcnya \u00e7empionlu\u011fudur. L.V\u0259liyeva \u00f6t\u0259n il Parisd\u0259 t\u0259\u015fkil edil\u0259n mundialda 100 v\u0259 400 metr m\u0259saf\u0259l\u0259r\u0259 qa\u00e7\u0131\u015f \u00fczr\u0259 q\u0131z\u0131l medal qazan\u0131b. \/&nbsp;MilliTv.NET<\/p>\n\n\n\n<figure class=\"wp-block-image\"><img decoding=\"async\" src=\"https:\/\/baku.tv\/post-thumbnail\/138414\/default\" alt=\"\" title=\"\"><\/figure>\n","protected":false},"excerpt":{"rendered":"<p>Az\u0259rbaycan paraatleti Lamiy\u0259 V\u0259liyeva Yaponiyan\u0131n Kobe \u015f\u0259h\u0259rind\u0259 ke\u00e7iril\u0259n d\u00fcnya \u00e7empionat\u0131nda q\u0131z\u0131l medal qazan\u0131b. Milli Paralimpiya Komit\u0259sind\u0259n veril\u0259n m\u0259lumata g\u00f6r\u0259, idman\u00e7\u0131 T13 kateqoriyas\u0131nda 100 metr m\u0259saf\u0259ni 11,94 saniy\u0259y\u0259 ba\u015fa vurub. L.V\u0259liyeva bu n\u0259tic\u0259 il\u0259 b\u00fct\u00fcn r\u0259qibl\u0259rini qabaqlayaraq d\u00fcnya \u00e7empionu olub. Qeyd ed\u0259k ki, bu, 22 ya\u015fl\u0131 Paralimpiya \u00e7empionunun \u00fcmumilikd\u0259 \u00fc\u00e7\u00fcnc\u00fc d\u00fcnya \u00e7empionlu\u011fudur. L.V\u0259liyeva \u00f6t\u0259n il Parisd\u0259 &hellip;<\/p>\n","protected":false},"author":1,"featured_media":12090,"comment_status":"open","ping_status":"closed","sticky":false,"template":"","format":"standard","meta":{"footnotes":""},"categories":[3,1],"tags":[],"class_list":["post-12089","post","type-post","status-publish","format-standard","has-post-thumbnail","hentry","category-olke","category-idman"],"_links":{"self":[{"href":"https:\/\/millitv.net\/index.php?rest_route=\/wp\/v2\/posts\/12089","targetHints":{"allow":["GET"]}}],"collection":[{"href":"https:\/\/millitv.net\/index.php?rest_route=\/wp\/v2\/posts"}],"about":[{"href":"https:\/\/millitv.net\/index.php?rest_route=\/wp\/v2\/types\/post"}],"author":[{"embeddable":true,"href":"https:\/\/millitv.net\/index.php?rest_route=\/wp\/v2\/users\/1"}],"replies":[{"embeddable":true,"href":"https:\/\/millitv.net\/index.php?rest_route=%2Fwp%2Fv2%2Fcomments&post=12089"}],"version-history":[{"count":1,"href":"https:\/\/millitv.net\/index.php?rest_route=\/wp\/v2\/posts\/12089\/revisions"}],"predecessor-version":[{"id":12091,"href":"https:\/\/millitv.net\/index.php?rest_route=\/wp\/v2\/posts\/12089\/revisions\/12091"}],"wp:featuredmedia":[{"embeddable":true,"href":"https:\/\/millitv.net\/index.php?rest_route=\/wp\/v2\/media\/12090"}],"wp:attachment":[{"href":"https:\/\/millitv.net\/index.php?rest_route=%2Fwp%2Fv2%2Fmedia&parent=12089"}],"wp:term":[{"taxonomy":"category","embeddable":true,"href":"https:\/\/millitv.net\/index.php?rest_route=%2Fwp%2Fv2%2Fcategories&post=12089"},{"taxonomy":"post_tag","embeddable":true,"href":"https:\/\/millitv.net\/index.php?rest_route=%2Fwp%2Fv2%2Ftags&post=12089"}],"curies":[{"name":"wp","href":"https:\/\/api.w.org\/{rel}","templated":true}]}}