{"id":12083,"date":"2024-05-30T19:41:00","date_gmt":"2024-05-30T19:41:00","guid":{"rendered":"https:\/\/millitv.net\/?p=12083"},"modified":"2024-06-01T14:06:55","modified_gmt":"2024-06-01T14:06:55","slug":"az%C9%99rbaycanli-aparici-h%C9%99mcinsi-il%C9%99-buna-gor%C9%99-nisanlanibmis-sok-iddia-foto","status":"publish","type":"post","link":"https:\/\/millitv.net\/?p=12083","title":{"rendered":"Az\u0259rbaycanl\u0131 apar\u0131c\u0131 h\u0259mcinsi il\u0259 buna g\u00f6r\u0259 ni\u015fanlan\u0131bm\u0131\u015f &#8211; \u015eOK \u0130DD\u0130A &#8211; FOTO"},"content":{"rendered":"\n<p>X\u0259b\u0259r verdiyimiz kimi, haz\u0131rda AB\u015e-d\u0259 ya\u015fayan apar\u0131c\u0131 Natiq Nail\u0259o\u011flu \u00f6z h\u0259mcinsi il\u0259 ni\u015fanlan\u0131b.<\/p>\n\n\n\n<p>Apar\u0131c\u0131 bu bar\u0259d\u0259 \u00f6z\u00fcn\u00fcn sosial \u015f\u0259b\u0259k\u0259 hesab\u0131nda m\u0259lumat yaym\u0131\u015fd\u0131. O, payla\u015fd\u0131\u011f\u0131 fotoya &#8220;ni\u015fanl\u0131mla&#8221; qeydini yaz\u0131b.<\/p>\n\n\n\n<p>Qeyd ed\u0259k ki, Natiq Ataki\u015fiyev ANS-d\u0259 v\u0259 dig\u0259r yerli televiziyalarda apar\u0131c\u0131l\u0131q edib. O, daha sonra yerli kanalllar\u0131n birinin AB\u015e m\u00fcxbiri kimi f\u0259aliyy\u0259t g\u00f6st\u0259rib. Haz\u0131rda xarici media qurumunda Amerika m\u00fcxbiri kimi \u00e7al\u0131\u015f\u0131r.<\/p>\n\n\n\n<p>Sosial mediada payla\u015f\u0131lan iddiaya g\u00f6r\u0259, apar\u0131c\u0131n\u0131n h\u0259mcinsi il\u0259 ni\u015fanlanmas\u0131n\u0131n s\u0259b\u0259bi AB\u015e v\u0259t\u0259nda\u015f\u0131 almaq ist\u0259m\u0259si il\u0259 ba\u011fl\u0131d\u0131r. Bildirilir ki, apar\u0131c\u0131n\u0131n ni\u015fanland\u0131\u011f\u0131 h\u0259mcinsi AB\u015e v\u0259t\u0259nda\u015f\u0131d\u0131r v\u0259 bu, az\u0259rbaycanl\u0131 apar\u0131c\u0131ya da AB\u015e v\u0259t\u0259nda\u015f\u0131 olmaq h\u00fcququ ver\u0259 bil\u0259r.&nbsp;<\/p>\n\n\n\n<figure class=\"wp-block-image\"><img decoding=\"async\" src=\"https:\/\/MilliTv.NET\/uploads\/317\/b6b0b8a34c-1713161264435721319180565133235756801935037278640764334n.jpg\" alt=\"\" title=\"\"><\/figure>\n","protected":false},"excerpt":{"rendered":"<p>X\u0259b\u0259r verdiyimiz kimi, haz\u0131rda AB\u015e-d\u0259 ya\u015fayan apar\u0131c\u0131 Natiq Nail\u0259o\u011flu \u00f6z h\u0259mcinsi il\u0259 ni\u015fanlan\u0131b. Apar\u0131c\u0131 bu bar\u0259d\u0259 \u00f6z\u00fcn\u00fcn sosial \u015f\u0259b\u0259k\u0259 hesab\u0131nda m\u0259lumat yaym\u0131\u015fd\u0131. O, payla\u015fd\u0131\u011f\u0131 fotoya &#8220;ni\u015fanl\u0131mla&#8221; qeydini yaz\u0131b. Qeyd ed\u0259k ki, Natiq Ataki\u015fiyev ANS-d\u0259 v\u0259 dig\u0259r yerli televiziyalarda apar\u0131c\u0131l\u0131q edib. O, daha sonra yerli kanalllar\u0131n birinin AB\u015e m\u00fcxbiri kimi f\u0259aliyy\u0259t g\u00f6st\u0259rib. Haz\u0131rda xarici media qurumunda &hellip;<\/p>\n","protected":false},"author":1,"featured_media":12084,"comment_status":"open","ping_status":"closed","sticky":false,"template":"","format":"standard","meta":{"footnotes":""},"categories":[6,8],"tags":[],"class_list":["post-12083","post","type-post","status-publish","format-standard","has-post-thumbnail","hentry","category-maqazin","category-maraqli"],"_links":{"self":[{"href":"https:\/\/millitv.net\/index.php?rest_route=\/wp\/v2\/posts\/12083","targetHints":{"allow":["GET"]}}],"collection":[{"href":"https:\/\/millitv.net\/index.php?rest_route=\/wp\/v2\/posts"}],"about":[{"href":"https:\/\/millitv.net\/index.php?rest_route=\/wp\/v2\/types\/post"}],"author":[{"embeddable":true,"href":"https:\/\/millitv.net\/index.php?rest_route=\/wp\/v2\/users\/1"}],"replies":[{"embeddable":true,"href":"https:\/\/millitv.net\/index.php?rest_route=%2Fwp%2Fv2%2Fcomments&post=12083"}],"version-history":[{"count":1,"href":"https:\/\/millitv.net\/index.php?rest_route=\/wp\/v2\/posts\/12083\/revisions"}],"predecessor-version":[{"id":12085,"href":"https:\/\/millitv.net\/index.php?rest_route=\/wp\/v2\/posts\/12083\/revisions\/12085"}],"wp:featuredmedia":[{"embeddable":true,"href":"https:\/\/millitv.net\/index.php?rest_route=\/wp\/v2\/media\/12084"}],"wp:attachment":[{"href":"https:\/\/millitv.net\/index.php?rest_route=%2Fwp%2Fv2%2Fmedia&parent=12083"}],"wp:term":[{"taxonomy":"category","embeddable":true,"href":"https:\/\/millitv.net\/index.php?rest_route=%2Fwp%2Fv2%2Fcategories&post=12083"},{"taxonomy":"post_tag","embeddable":true,"href":"https:\/\/millitv.net\/index.php?rest_route=%2Fwp%2Fv2%2Ftags&post=12083"}],"curies":[{"name":"wp","href":"https:\/\/api.w.org\/{rel}","templated":true}]}}