{"id":12068,"date":"2024-05-18T07:58:12","date_gmt":"2024-05-18T07:58:12","guid":{"rendered":"https:\/\/millitv.net\/?p=12068"},"modified":"2024-05-18T07:58:13","modified_gmt":"2024-05-18T07:58:13","slug":"m%C9%99cburi-s%C9%99kild%C9%99-mualic%C9%99-olunacaq-v%C9%99-tam-sagaldiqdan-buraxilacaq-sok-aciqlama","status":"publish","type":"post","link":"https:\/\/millitv.net\/?p=12068","title":{"rendered":"&#8220;M\u0259cburi \u015f\u0259kild\u0259 m\u00fcalic\u0259 olunacaq v\u0259 tam sa\u011fald\u0131qdan burax\u0131lacaq&#8221; &#8211; \u015eOK A\u00c7IQLAMA"},"content":{"rendered":"\n<p><strong>5 n\u0259f\u0259r ail\u0259 \u00fczv\u00fcn\u00fc \u00f6ld\u00fcr\u0259n \u018fhm\u0259d \u018fhm\u0259dov bar\u0259d\u0259 qalmaqall\u0131 a\u00e7\u0131qlama ortaya \u00e7\u0131x\u0131b. Bel\u0259 ki, onun azadl\u0131\u011fa \u00e7\u0131xma ehtimal\u0131n\u0131n oldu\u011fu bildirilib.&nbsp;<\/strong><\/p>\n\n\n\n<p>Bu bar\u0259d\u0259&nbsp;<strong>\u201cYeni Sabah\u201da<\/strong>&nbsp;sabiq polkovnik, h\u00fcquq\u015f\u00fcnas \u015e\u0259ms\u0259ddin \u018fliyev a\u00e7\u0131qlama verib. Bildirib ki, \u018fhm\u0259d m\u00fcalic\u0259sini tamamlad\u0131qdan sonra c\u0259miyy\u0259t\u0259 inteqrasiya edil\u0259c\u0259k:&nbsp;<\/p>\n\n\n\n<p>\u201c\u018fhm\u0259din sif\u0259tin\u0259 baxanda dem\u0259k olar ki, o ruhi x\u0259st\u0259 deyil. Ehtimal edir\u0259m ki, \u018fhm\u0259d varislik h\u00fcququnu \u0259ld\u0259 etm\u0259k \u00fc\u00e7\u00fcn bu q\u0259tli t\u00f6r\u0259dib. \u00c7\u00fcnki atas\u0131 ona ev v\u0259 ma\u015f\u0131n al\u0131b verdiyi \u00fc\u00e7\u00fcn qalan \u0259mlak\u0131n bac\u0131s\u0131na veril\u0259c\u0259yini bildiribmi\u015f. Buradan bel\u0259 g\u00f6r\u00fcn\u00fcr ki, s\u00f6z\u00fcged\u0259n cinay\u0259t miras \u00fcst\u00fcnd\u0259 olub. Amma \u00e7ox t\u0259\u0259ss\u00fcf ki, bu adam\u0131n q\u0259tll\u0259ri t\u00f6r\u0259d\u0259rk\u0259n \u00f6z h\u0259r\u0259k\u0259tini \u00f6l\u00e7\u00fcb-bi\u00e7m\u0259k iqtidar\u0131nda olmad\u0131\u011f\u0131na dair iki d\u0259f\u0259 r\u0259y verildi. Dem\u0259li, o,&nbsp;m\u0259cburi \u015f\u0259kild\u0259 m\u00fcalic\u0259 olunacaq v\u0259 tam sa\u011fald\u0131qdan sonra azadl\u0131\u011fa burax\u0131lacaq. Kim z\u0259man\u0259t ver\u0259 bil\u0259r ki, bu insan\u0131n sonradan psixi pozuntular\u0131 olmayacaq, kim\u0259s\u0259 bu formada amans\u0131zl\u0131qla davranmayacaq?&nbsp;He\u00e7 kim bunu dey\u0259 bilm\u0259z. \u00c7\u00fcnki bu \u015f\u0259xs c\u0259za\u00e7\u0259km\u0259 m\u00fc\u0259ssis\u0259sind\u0259 yox, x\u0259st\u0259xana \u015f\u0259raitind\u0259 m\u00fcalic\u0259sini davam etdir\u0259c\u0259k. Tam sa\u011falandan sonra h\u0259kim komissiyas\u0131 t\u0259r\u0259find\u0259n r\u0259y veril\u0259c\u0259k v\u0259 c\u0259miyy\u0259t\u0259 inteqrasiya olunacaq\u201d.&nbsp;<\/p>\n\n\n\n<p>H\u00fcquq\u015f\u00fcnas m\u00fct\u0259x\u0259ssisl\u0259rin m\u0259s\u0259l\u0259 il\u0259 ba\u011fl\u0131 verdiyi r\u0259yl\u0259r\u0259 diqq\u0259t \u00e7\u0259kib:&nbsp;<\/p>\n\n\n\n<p>\u201cT\u0259bii ki, m\u0259n \u018fhm\u0259d \u00fc\u00e7\u00fcn ekspertl\u0259rin verdiyi r\u0259yl\u0259r\u0259 \u015f\u00fcbh\u0259 il\u0259 yana\u015fm\u0131ram. Amma h\u0259min m\u00fct\u0259x\u0259ssisl\u0259rin yol q\u0259zas\u0131nda g\u00fcnah\u0131 olan s\u00fcr\u00fcc\u00fcy\u0259 \u201ct\u0259hl\u00fck\u0259nin qar\u015f\u0131s\u0131n\u0131 ala bilm\u0259yib\u201d kimi r\u0259yl\u0259r verdiyi d\u0259 az olmay\u0131b. Bel\u0259likl\u0259, s\u00fckan arxas\u0131ndak\u0131 s\u00fcr\u00fcc\u00fc m\u0259suliyy\u0259td\u0259n yay\u0131n\u0131r. B\u00fct\u00fcn bel\u0259 hallara yol verm\u0259m\u0259k \u00fc\u00e7\u00fcn m\u00fct\u0259x\u0259ssisl\u0259rin d\u0259qiq r\u0259yin\u0259 ehtiyac var. Bel\u0259 olarsa, n\u0259 media, n\u0259 d\u0259 c\u0259miyy\u0259t \u00fc\u00e7\u00fcn \u015f\u00fcbh\u0259li m\u0259qamq alar\u201d.&nbsp;<\/p>\n","protected":false},"excerpt":{"rendered":"<p>5 n\u0259f\u0259r ail\u0259 \u00fczv\u00fcn\u00fc \u00f6ld\u00fcr\u0259n \u018fhm\u0259d \u018fhm\u0259dov bar\u0259d\u0259 qalmaqall\u0131 a\u00e7\u0131qlama ortaya \u00e7\u0131x\u0131b. Bel\u0259 ki, onun azadl\u0131\u011fa \u00e7\u0131xma ehtimal\u0131n\u0131n oldu\u011fu bildirilib.&nbsp; Bu bar\u0259d\u0259&nbsp;\u201cYeni Sabah\u201da&nbsp;sabiq polkovnik, h\u00fcquq\u015f\u00fcnas \u015e\u0259ms\u0259ddin \u018fliyev a\u00e7\u0131qlama verib. Bildirib ki, \u018fhm\u0259d m\u00fcalic\u0259sini tamamlad\u0131qdan sonra c\u0259miyy\u0259t\u0259 inteqrasiya edil\u0259c\u0259k:&nbsp; \u201c\u018fhm\u0259din sif\u0259tin\u0259 baxanda dem\u0259k olar ki, o ruhi x\u0259st\u0259 deyil. Ehtimal edir\u0259m ki, \u018fhm\u0259d varislik h\u00fcququnu \u0259ld\u0259 &hellip;<\/p>\n","protected":false},"author":1,"featured_media":12069,"comment_status":"open","ping_status":"closed","sticky":false,"template":"","format":"standard","meta":{"footnotes":""},"categories":[3,8],"tags":[],"class_list":["post-12068","post","type-post","status-publish","format-standard","has-post-thumbnail","hentry","category-olke","category-maraqli"],"_links":{"self":[{"href":"https:\/\/millitv.net\/index.php?rest_route=\/wp\/v2\/posts\/12068","targetHints":{"allow":["GET"]}}],"collection":[{"href":"https:\/\/millitv.net\/index.php?rest_route=\/wp\/v2\/posts"}],"about":[{"href":"https:\/\/millitv.net\/index.php?rest_route=\/wp\/v2\/types\/post"}],"author":[{"embeddable":true,"href":"https:\/\/millitv.net\/index.php?rest_route=\/wp\/v2\/users\/1"}],"replies":[{"embeddable":true,"href":"https:\/\/millitv.net\/index.php?rest_route=%2Fwp%2Fv2%2Fcomments&post=12068"}],"version-history":[{"count":1,"href":"https:\/\/millitv.net\/index.php?rest_route=\/wp\/v2\/posts\/12068\/revisions"}],"predecessor-version":[{"id":12070,"href":"https:\/\/millitv.net\/index.php?rest_route=\/wp\/v2\/posts\/12068\/revisions\/12070"}],"wp:featuredmedia":[{"embeddable":true,"href":"https:\/\/millitv.net\/index.php?rest_route=\/wp\/v2\/media\/12069"}],"wp:attachment":[{"href":"https:\/\/millitv.net\/index.php?rest_route=%2Fwp%2Fv2%2Fmedia&parent=12068"}],"wp:term":[{"taxonomy":"category","embeddable":true,"href":"https:\/\/millitv.net\/index.php?rest_route=%2Fwp%2Fv2%2Fcategories&post=12068"},{"taxonomy":"post_tag","embeddable":true,"href":"https:\/\/millitv.net\/index.php?rest_route=%2Fwp%2Fv2%2Ftags&post=12068"}],"curies":[{"name":"wp","href":"https:\/\/api.w.org\/{rel}","templated":true}]}}