{"id":12059,"date":"2024-06-02T05:15:00","date_gmt":"2024-06-02T05:15:00","guid":{"rendered":"https:\/\/millitv.net\/?p=12059"},"modified":"2024-06-03T13:06:23","modified_gmt":"2024-06-03T13:06:23","slug":"ali-t%C9%99hsili-olmayan-mug%C9%99nnil%C9%99r-efir%C9%99-buraxilmamalidir-xalq-artisti","status":"publish","type":"post","link":"https:\/\/millitv.net\/?p=12059","title":{"rendered":"\u201cAli t\u0259hsili olmayan m\u00fc\u011f\u0259nnil\u0259r efir\u0259 burax\u0131lmamal\u0131d\u0131r\u201d &#8211; Xalq artisti"},"content":{"rendered":"\n<p>\u201cTeleviziyalar\u0131m\u0131zda senzura olmal\u0131d\u0131r. Biz h\u0259mi\u015f\u0259 oran\u0131 mavi ekran kimi g\u00f6rm\u00fc\u015f\u00fck, insanlar ona bax\u0131b z\u00f6vq al\u0131b. Bizd\u0259n \u0259vv\u0259l v\u0259 bizim d\u00f6vr\u00fcm\u00fczd\u0259 insanlar televizayadak\u0131 verili\u015fl\u0259ri h\u0259sr\u0259tl\u0259 g\u00f6zl\u0259yirdil\u0259r. O verili\u015fl\u0259rd\u0259n, filml\u0259rd\u0259n, apar\u0131c\u0131lardan n\u0259s\u0259 \u00f6yr\u0259nirdil\u0259r. Senzura oldu\u011fu \u00fc\u00e7\u00fcn insan \u00f6z\u00fcn\u00fc toparlay\u0131rd\u0131. \u0130ndi ba\u015f ver\u0259nl\u0259r is\u0259 \u00e7ox pis hald\u0131r. Bunu b\u00fct\u00fcn xalq pisl\u0259yir\u201d.<\/p>\n\n\n\n<p>Bunu&nbsp;Bakupost.az&nbsp;-a a\u00e7\u0131qlamas\u0131nda&nbsp;Xalq artisti Naib\u0259 Allahverdiyeva&nbsp;deyib.<br>Aktrisa televiziyalarda \u00f6z\u00fcn\u00fc apara bilm\u0259y\u0259n m\u00fc\u011f\u0259nnil\u0259rin f\u0259aliyy\u0259tini s\u0259rt t\u0259nqid edib:\u201cK\u00fc\u00e7\u0259d\u0259-bay\u0131rda dava olanda, bir adam axmaq h\u0259r\u0259k\u0259t ed\u0259nd\u0259 ham\u0131 ona bax\u0131r. Bunlar \u0259g\u0259r \u00e7\u0131x\u0131b televiziyada meymunluq edirl\u0259rs\u0259, \u0259lb\u0259tt\u0259, qar\u015f\u0131s\u0131 al\u0131nmal\u0131d\u0131r. Bura bazar deyil ax\u0131, efirdi. Bu g\u00fcn bazar\u0131n \u00f6z\u00fcnd\u0259 bel\u0259 m\u0259d\u0259niyy\u0259t var. Efird\u0259 a\u011fz\u0131na g\u0259l\u0259ni dan\u0131\u015fmaq olmaz. Bu t\u0259kc\u0259 m\u00fc\u011f\u0259nnil\u0259r\u0259 aid deyil. El\u0259 apar\u0131c\u0131lar var ki, ya\u015fl\u0131 s\u0259n\u0259tkarlara h\u0259qar\u0259t edir, bunlar\u0131n ham\u0131s\u0131n\u0131 g\u00f6rm\u00fc\u015f\u0259m. Sanki \u00e7\u0259ki-d\u00fcz\u0259n itib, bir-birin\u0259 qar\u015f\u0131 h\u00f6rm\u0259tsizlik var.<br>M\u00fc\u011f\u0259nnil\u0259r bunu ba\u015fa d\u00fc\u015fm\u0259lidir ki, \u0259g\u0259r hans\u0131sa s\u0259n\u0259t adam\u0131n\u0131 pisl\u0259yirs\u0259, art\u0131q \u00f6z\u00fc d\u0259 ba\u015fqas\u0131n\u0131n g\u00f6z\u00fcnd\u0259n d\u00fc\u015f\u00fcr. Bizim d\u0259 d\u00f6vr\u00fcm\u00fczd\u0259 aram\u0131zda m\u00fc\u0259yy\u0259n g\u0259rginlikl\u0259r olub. Amma bunu televiziyada dey\u0259nd\u0259 s\u0259rh\u0259di a\u015fmam\u0131\u015f\u0131q\u201d.<br>N.Allahverdiya ali t\u0259hsili olmayan m\u00fc\u011f\u0259nnil\u0259rin efir\u0259 \u00e7\u0131xar\u0131lmas\u0131n\u0131n \u0259leyhin\u0259 oldu\u011funu bildirib:<br>\u201cM\u0259n\u0259 bel\u0259 g\u0259lir ki, y\u00fcks\u0259k t\u0259hsili olmayan m\u00fc\u011f\u0259nnil\u0259ri efir\u0259 buraxmas\u0131nlar. Biz \u015fou proqramlar\u0131n \u0259leyhin\u0259 deyilik, amma o proqramlar estetik c\u0259h\u0259td\u0259n insanlar\u0131 q\u0131c\u0131qland\u0131rmamal\u0131d\u0131r. \u018fksin\u0259, insanlar\u0131 g\u00fcld\u00fcrm\u0259lidir. Bu g\u00fcn efirl\u0259rd\u0259 teatr\u0131n, m\u0259d\u0259niyy\u0259tin deyil, axmaq-axmaq s\u00f6hb\u0259tl\u0259rin t\u0259bli\u011fi gedir. B\u00fct\u00fcn bunlar efirl\u0259rd\u0259n y\u0131\u011f\u0131\u015fd\u0131r\u0131lmal\u0131d\u0131r.<br>\u00d6z\u00fcm m\u0259d\u0259niyy\u0259t i\u015f\u00e7isiy\u0259m, amma art\u0131q b\u0259zi kanallara baxm\u0131ram. Y\u0259ni orda bazar s\u00f6hb\u0259tl\u0259ri gedir. \u0130ndi bazar m\u0259d\u0259niyy\u0259ti efir m\u0259d\u0259niyy\u0259tind\u0259n y\u00fcks\u0259kdi. Bu da insanlara t\u0259sir edir. N\u0259 b\u00f6y\u00fck, n\u0259 ki\u00e7ik bilirl\u0259r. Bir d\u0259 g\u00f6r\u00fcrs\u0259n ki, hans\u0131sa u\u015faq s\u0259n\u0259td\u0259 s\u00f6z\u00fcn\u00fc demi\u015f, tarix\u0259 d\u00fc\u015fm\u00fc\u015f insana s\u00f6z at\u0131r. Televiziyada olan bu s\u00f6hb\u0259tl\u0259r ail\u0259l\u0259r\u0259 d\u0259 siray\u0259t edir. Ail\u0259l\u0259rd\u0259 art\u0131q g\u0259ncl\u0259r \u00f6z valideynl\u0259rin\u0259 h\u0259qar\u0259t edirl\u0259r. \u00c7\u00fcnki g\u00f6rd\u00fckl\u0259ri budur. Televiziya qorunmal\u0131d\u0131r, bura sosial \u015f\u0259b\u0259k\u0259 deyil\u201d.<\/p>\n","protected":false},"excerpt":{"rendered":"<p>\u201cTeleviziyalar\u0131m\u0131zda senzura olmal\u0131d\u0131r. Biz h\u0259mi\u015f\u0259 oran\u0131 mavi ekran kimi g\u00f6rm\u00fc\u015f\u00fck, insanlar ona bax\u0131b z\u00f6vq al\u0131b. Bizd\u0259n \u0259vv\u0259l v\u0259 bizim d\u00f6vr\u00fcm\u00fczd\u0259 insanlar televizayadak\u0131 verili\u015fl\u0259ri h\u0259sr\u0259tl\u0259 g\u00f6zl\u0259yirdil\u0259r. O verili\u015fl\u0259rd\u0259n, filml\u0259rd\u0259n, apar\u0131c\u0131lardan n\u0259s\u0259 \u00f6yr\u0259nirdil\u0259r. Senzura oldu\u011fu \u00fc\u00e7\u00fcn insan \u00f6z\u00fcn\u00fc toparlay\u0131rd\u0131. \u0130ndi ba\u015f ver\u0259nl\u0259r is\u0259 \u00e7ox pis hald\u0131r. Bunu b\u00fct\u00fcn xalq pisl\u0259yir\u201d. Bunu&nbsp;Bakupost.az&nbsp;-a a\u00e7\u0131qlamas\u0131nda&nbsp;Xalq artisti Naib\u0259 Allahverdiyeva&nbsp;deyib.Aktrisa televiziyalarda \u00f6z\u00fcn\u00fc &hellip;<\/p>\n","protected":false},"author":1,"featured_media":12060,"comment_status":"open","ping_status":"closed","sticky":false,"template":"","format":"standard","meta":{"footnotes":""},"categories":[6,3],"tags":[],"class_list":["post-12059","post","type-post","status-publish","format-standard","has-post-thumbnail","hentry","category-maqazin","category-olke"],"_links":{"self":[{"href":"https:\/\/millitv.net\/index.php?rest_route=\/wp\/v2\/posts\/12059","targetHints":{"allow":["GET"]}}],"collection":[{"href":"https:\/\/millitv.net\/index.php?rest_route=\/wp\/v2\/posts"}],"about":[{"href":"https:\/\/millitv.net\/index.php?rest_route=\/wp\/v2\/types\/post"}],"author":[{"embeddable":true,"href":"https:\/\/millitv.net\/index.php?rest_route=\/wp\/v2\/users\/1"}],"replies":[{"embeddable":true,"href":"https:\/\/millitv.net\/index.php?rest_route=%2Fwp%2Fv2%2Fcomments&post=12059"}],"version-history":[{"count":1,"href":"https:\/\/millitv.net\/index.php?rest_route=\/wp\/v2\/posts\/12059\/revisions"}],"predecessor-version":[{"id":12061,"href":"https:\/\/millitv.net\/index.php?rest_route=\/wp\/v2\/posts\/12059\/revisions\/12061"}],"wp:featuredmedia":[{"embeddable":true,"href":"https:\/\/millitv.net\/index.php?rest_route=\/wp\/v2\/media\/12060"}],"wp:attachment":[{"href":"https:\/\/millitv.net\/index.php?rest_route=%2Fwp%2Fv2%2Fmedia&parent=12059"}],"wp:term":[{"taxonomy":"category","embeddable":true,"href":"https:\/\/millitv.net\/index.php?rest_route=%2Fwp%2Fv2%2Fcategories&post=12059"},{"taxonomy":"post_tag","embeddable":true,"href":"https:\/\/millitv.net\/index.php?rest_route=%2Fwp%2Fv2%2Ftags&post=12059"}],"curies":[{"name":"wp","href":"https:\/\/api.w.org\/{rel}","templated":true}]}}