{"id":12041,"date":"2024-05-17T03:55:00","date_gmt":"2024-05-17T03:55:00","guid":{"rendered":"https:\/\/millitv.net\/?p=12041"},"modified":"2024-05-19T03:14:41","modified_gmt":"2024-05-19T03:14:41","slug":"h%C9%99bsxanada-ad%C9%99min-atasinin-saclari-niy%C9%99-buna-gor%C9%99-qirxilmayib-maraqli-s%C9%99b%C9%99b-video","status":"publish","type":"post","link":"https:\/\/millitv.net\/?p=12041","title":{"rendered":"H\u0259bsxanada Ad\u0259min atas\u0131n\u0131n sa\u00e7lar\u0131 niy\u0259 buna g\u00f6r\u0259 q\u0131rx\u0131lmay\u0131b &#8211; Maraql\u0131 s\u0259b\u0259b &#8211; V\u0130DEO"},"content":{"rendered":"\n<p>X\u0259b\u0259r verdiyimiz kimi Tiktok sosial \u015f\u0259b\u0259k\u0259sind\u0259 9 ya\u015fl\u0131 \u00f6vlad\u0131 Ad\u0259ml\u0259 canl\u0131 yay\u0131mlara \u00e7\u0131xan v\u0259 videolar payla\u015fan A\u011fcab\u0259di rayonunun H\u00fcs\u00fcl\u00fc k\u0259nd sakini Sadiq Mirz\u0259yev azadl\u0131\u011fa burax\u0131l\u0131b.<\/p>\n\n\n\n<p>Bu bar\u0259d\u0259 onun g\u00f6r\u00fcnt\u00fcl\u0259ri sosial \u015f\u0259b\u0259k\u0259l\u0259rd\u0259 payla\u015f\u0131l\u0131b.G\u00f6r\u00fcnt\u00fcl\u0259rd\u0259 &#8220;Sadiq ki\u015fi h\u0259mi\u015f\u0259 azadl\u0131qda&#8221; \u015f\u0259rhi qeyd olunub.&nbsp;<\/p>\n\n\n\n<p>Xat\u0131rladaq ki, m\u0259hk\u0259m\u0259nin q\u0259rar\u0131 il\u0259 S.Mirz\u0259yev 30 sutka inzibati qaydada h\u0259bs edilib.<\/p>\n\n\n\n<p>Qeyd ed\u0259k ki, A\u011fcab\u0259di rayon sakini olan 9 ya\u015fl\u0131 Ad\u0259min atas\u0131 il\u0259 birg\u0259 canl\u0131 yay\u0131mlar a\u00e7mas\u0131, nalayiq ifad\u0259l\u0259r i\u015fl\u0259tm\u0259si, g\u0259l\u0259c\u0259k t\u0259rbiy\u0259sin\u0259 neqativ t\u0259sir ed\u0259 bil\u0259c\u0259k m\u00f6vzularla ba\u011fl\u0131 m\u00fczakir\u0259l\u0259r aparmas\u0131 c\u0259miyy\u0259td\u0259 birm\u0259nal\u0131 qar\u015f\u0131lanmay\u0131b v\u0259 m\u00fczakir\u0259l\u0259r\u0259 s\u0259b\u0259b olub. Bununla ba\u011fl\u0131 olaraq azya\u015fl\u0131n\u0131n atas\u0131 Sadiq Mirz\u0259yev bir ne\u00e7\u0259 d\u0259f\u0259 polis \u015f\u00f6b\u0259sin\u0259 d\u0259v\u0259t edilib.<\/p>\n\n\n\n<p>Daha \u0259vv\u0259l, Ad\u0259min s\u00f6y\u00fc\u015f s\u00f6yd\u00fcy\u00fc videosunu payla\u015fan h\u0259mk\u0259ndlisi Samir \u018fl\u0259sg\u0259rov h\u0259bs edilib.&nbsp;<\/p>\n\n\n\n<p>\u018flav\u0259 ed\u0259k ki, onun azadl\u0131qdak\u0131 g\u00f6r\u00fcnt\u00fcl\u0259rind\u0259 sa\u00e7lar\u0131n\u0131n q\u0131rx\u0131lmad\u0131\u011f\u0131 m\u00fc\u015fahid\u0259 edilib. Sosial mediada payla\u015f\u0131lan iddiaya g\u00f6r\u0259, onun ail\u0259si v\u0259 u\u015faqlar\u0131 n\u0259z\u0259r\u0259 al\u0131naraq sa\u00e7lar\u0131 q\u0131rx\u0131lmay\u0131b. Dig\u0259r h\u0259bs olunan ki\u015fi tiktokerl\u0259rin sa\u00e7lar\u0131 qaydalara uy\u011fun olaraq q\u0131rx\u0131lm\u0131\u015fd\u0131.&nbsp;<\/p>\n\n\n\n<p><a href=\"https:\/\/newstube.az\/embed\/167894\" target=\"_blank\" rel=\"noopener\">https:\/\/newstube.az\/embed\/167894<\/a><\/p>\n\n\n\n<figure class=\"wp-block-embed\"><div class=\"wp-block-embed__wrapper\">\nhttps:\/\/fb.watch\/s7TUbPy2sM\n<\/div><\/figure>\n","protected":false},"excerpt":{"rendered":"<p>X\u0259b\u0259r verdiyimiz kimi Tiktok sosial \u015f\u0259b\u0259k\u0259sind\u0259 9 ya\u015fl\u0131 \u00f6vlad\u0131 Ad\u0259ml\u0259 canl\u0131 yay\u0131mlara \u00e7\u0131xan v\u0259 videolar payla\u015fan A\u011fcab\u0259di rayonunun H\u00fcs\u00fcl\u00fc k\u0259nd sakini Sadiq Mirz\u0259yev azadl\u0131\u011fa burax\u0131l\u0131b. Bu bar\u0259d\u0259 onun g\u00f6r\u00fcnt\u00fcl\u0259ri sosial \u015f\u0259b\u0259k\u0259l\u0259rd\u0259 payla\u015f\u0131l\u0131b.G\u00f6r\u00fcnt\u00fcl\u0259rd\u0259 &#8220;Sadiq ki\u015fi h\u0259mi\u015f\u0259 azadl\u0131qda&#8221; \u015f\u0259rhi qeyd olunub.&nbsp; Xat\u0131rladaq ki, m\u0259hk\u0259m\u0259nin q\u0259rar\u0131 il\u0259 S.Mirz\u0259yev 30 sutka inzibati qaydada h\u0259bs edilib. Qeyd ed\u0259k ki, A\u011fcab\u0259di &hellip;<\/p>\n","protected":false},"author":1,"featured_media":12043,"comment_status":"open","ping_status":"closed","sticky":false,"template":"","format":"standard","meta":{"footnotes":""},"categories":[6,3],"tags":[],"class_list":["post-12041","post","type-post","status-publish","format-standard","has-post-thumbnail","hentry","category-maqazin","category-olke"],"_links":{"self":[{"href":"https:\/\/millitv.net\/index.php?rest_route=\/wp\/v2\/posts\/12041","targetHints":{"allow":["GET"]}}],"collection":[{"href":"https:\/\/millitv.net\/index.php?rest_route=\/wp\/v2\/posts"}],"about":[{"href":"https:\/\/millitv.net\/index.php?rest_route=\/wp\/v2\/types\/post"}],"author":[{"embeddable":true,"href":"https:\/\/millitv.net\/index.php?rest_route=\/wp\/v2\/users\/1"}],"replies":[{"embeddable":true,"href":"https:\/\/millitv.net\/index.php?rest_route=%2Fwp%2Fv2%2Fcomments&post=12041"}],"version-history":[{"count":1,"href":"https:\/\/millitv.net\/index.php?rest_route=\/wp\/v2\/posts\/12041\/revisions"}],"predecessor-version":[{"id":12044,"href":"https:\/\/millitv.net\/index.php?rest_route=\/wp\/v2\/posts\/12041\/revisions\/12044"}],"wp:featuredmedia":[{"embeddable":true,"href":"https:\/\/millitv.net\/index.php?rest_route=\/wp\/v2\/media\/12043"}],"wp:attachment":[{"href":"https:\/\/millitv.net\/index.php?rest_route=%2Fwp%2Fv2%2Fmedia&parent=12041"}],"wp:term":[{"taxonomy":"category","embeddable":true,"href":"https:\/\/millitv.net\/index.php?rest_route=%2Fwp%2Fv2%2Fcategories&post=12041"},{"taxonomy":"post_tag","embeddable":true,"href":"https:\/\/millitv.net\/index.php?rest_route=%2Fwp%2Fv2%2Ftags&post=12041"}],"curies":[{"name":"wp","href":"https:\/\/api.w.org\/{rel}","templated":true}]}}