{"id":12009,"date":"2024-05-17T11:46:25","date_gmt":"2024-05-17T11:46:25","guid":{"rendered":"https:\/\/millitv.net\/?p=12009"},"modified":"2024-05-17T11:46:26","modified_gmt":"2024-05-17T11:46:26","slug":"az%C9%99rbaycanda-bu-s%C9%99xsl%C9%99r%C9%99-veril%C9%99n-pullar-k%C9%99sildi-resmi","status":"publish","type":"post","link":"https:\/\/millitv.net\/?p=12009","title":{"rendered":"Az\u0259rbaycanda bu \u015f\u0259xsl\u0259r\u0259 veril\u0259n pullar k\u0259sildi &#8211; R\u018fSM\u0130"},"content":{"rendered":"\n<p><strong>F\u00fczuli rayonunun Horadiz \u015f\u0259h\u0259rind\u0259 v\u0259 21 k\u0259ndind\u0259, A\u011fdam rayonunun 7 k\u0259ndind\u0259 daimi ya\u015fayan v\u0259t\u0259nda\u015flara vahid ayl\u0131q m\u00fcavin\u0259tin \u00f6d\u0259nilm\u0259si may\u0131n 1-d\u0259n etibar\u0259n dayand\u0131r\u0131l\u0131b.<\/strong><\/p>\n\n\n\n<p>Bbu bar\u0259d\u0259\u00a0Qa\u00e7q\u0131nlar\u0131n v\u0259 M\u0259cburi K\u00f6\u00e7k\u00fcnl\u0259rin \u0130\u015fl\u0259ri \u00fczr\u0259 D\u00f6vl\u0259t Komit\u0259sinin M\u0259tbuat xidm\u0259tind\u0259n m\u0259lumat verilib.<\/p>\n\n\n\n<p>Qeyd olunub ki,&nbsp;Az\u0259rbaycan Prezidentinin F\u0259rman\u0131na, Nazirl\u0259r Kabinetinin onun icras\u0131 il\u0259 ba\u011fl\u0131 m\u00fcvafiq q\u0259rar\u0131na \u0259sas\u0259n, yem\u0259k x\u0259rci, kommunal v\u0259 dig\u0259r xidm\u0259tl\u0259r \u00fczr\u0259 m\u0259cburi k\u00f6\u00e7k\u00fcnl\u0259r\u0259 d\u00f6vl\u0259t b\u00fcdc\u0259sind\u0259n \u00f6d\u0259ni\u015fl\u0259r \u0259v\u0259zin\u0259 vahid ayl\u0131q m\u00fcavin\u0259tin verilm\u0259si davam etdirilir.<\/p>\n\n\n\n<p>Bildirilib ki, F\u00fczuli v\u0259 A\u011fdam rayonlar\u0131n\u0131n vaxtil\u0259 i\u015f\u011fala m\u0259ruz qalm\u0131\u015f v\u0259 ya d\u00fc\u015fm\u0259nl\u0259 t\u0259mas x\u0259ttin\u0259 yax\u0131n olan, 1994-c\u00fc ilin may ay\u0131nda imzalanm\u0131\u015f at\u0259\u015fk\u0259s m\u00fcqavil\u0259sind\u0259n sonra dinc h\u0259yat\u0131n b\u0259rpa edildiyi ya\u015fay\u0131\u015f m\u0259nt\u0259q\u0259l\u0259rin\u0259 qay\u0131dan v\u0259t\u0259nda\u015flara da sosial d\u0259st\u0259k m\u0259qs\u0259dil\u0259 vahid ayl\u0131q m\u00fcavin\u0259t verilib.<\/p>\n\n\n\n<p>&#8220;V\u0259t\u0259n m\u00fcharib\u0259si v\u0259 2023-c\u00fc ilin sentyabr\u0131nda h\u0259yata ke\u00e7iril\u0259n lokal antiterror t\u0259dbirl\u0259ri n\u0259tic\u0259sind\u0259 t\u0259mas x\u0259tti tamamil\u0259 l\u0259\u011fv olunaraq \u0259halinin t\u0259hl\u00fck\u0259siz ya\u015famas\u0131 v\u0259 f\u0259aliyy\u0259t g\u00f6st\u0259rm\u0259si t\u0259min edilib. Bununla \u0259laq\u0259dar, F\u00fczuli rayonunun Horadiz \u015f\u0259h\u0259rind\u0259 v\u0259 21 k\u0259ndind\u0259, A\u011fdam rayonunun 7 k\u0259ndind\u0259 daimi ya\u015fayan v\u0259t\u0259nda\u015flara vahid ayl\u0131q m\u00fcavin\u0259tin \u00f6d\u0259nilm\u0259si may\u0131n 1-d\u0259n etibar\u0259n dayand\u0131r\u0131l\u0131b&#8221;, &#8211; m\u0259lumatda deyilir.<\/p>\n\n\n\n<p>Bildirilib ki, eyni q\u0259rar C\u0259bray\u0131l rayonunun i\u015f\u011faldan azad edildikd\u0259n sonra 2017-ci ild\u0259 b\u0259rpa olunmu\u015f Cocuq M\u0259rcanl\u0131 k\u0259ndinin geri qay\u0131d\u0131b daimi m\u0259skunla\u015fan sakinl\u0259rin\u0259 d\u0259 \u015famil olunub.<\/p>\n\n\n\n<p>&#8220;M\u00f6vcud qanunvericiliy\u0259 \u0259sas\u0259n, ke\u00e7mi\u015f m\u0259cburi k\u00f6\u00e7k\u00fcnl\u0259rin \u0259vv\u0259lki ya\u015fay\u0131\u015f yerl\u0259rin\u0259 qay\u0131tmas\u0131 \u00fc\u00e7\u00fcn \u015f\u0259raitin yarand\u0131\u011f\u0131 vaxtdan etibar\u0259n d\u00f6vl\u0259t b\u00fcdc\u0259sinin v\u0259saiti hesab\u0131na g\u00f6r\u00fcl\u0259n sosial m\u00fcdafi\u0259 t\u0259dbirl\u0259rinin, o c\u00fcml\u0259d\u0259n vahid ayl\u0131q m\u00fcavin\u0259tin verilm\u0259sinin qanunvericilikl\u0259 n\u0259z\u0259rd\u0259 tutulan \u00fc\u00e7 il m\u00fcdd\u0259tind\u0259 ba\u015fa \u00e7atmas\u0131 n\u0259z\u0259rd\u0259 tutulur&#8221;, &#8211; komit\u0259d\u0259n bildirilib.<\/p>\n","protected":false},"excerpt":{"rendered":"<p>F\u00fczuli rayonunun Horadiz \u015f\u0259h\u0259rind\u0259 v\u0259 21 k\u0259ndind\u0259, A\u011fdam rayonunun 7 k\u0259ndind\u0259 daimi ya\u015fayan v\u0259t\u0259nda\u015flara vahid ayl\u0131q m\u00fcavin\u0259tin \u00f6d\u0259nilm\u0259si may\u0131n 1-d\u0259n etibar\u0259n dayand\u0131r\u0131l\u0131b. Bbu bar\u0259d\u0259\u00a0Qa\u00e7q\u0131nlar\u0131n v\u0259 M\u0259cburi K\u00f6\u00e7k\u00fcnl\u0259rin \u0130\u015fl\u0259ri \u00fczr\u0259 D\u00f6vl\u0259t Komit\u0259sinin M\u0259tbuat xidm\u0259tind\u0259n m\u0259lumat verilib. Qeyd olunub ki,&nbsp;Az\u0259rbaycan Prezidentinin F\u0259rman\u0131na, Nazirl\u0259r Kabinetinin onun icras\u0131 il\u0259 ba\u011fl\u0131 m\u00fcvafiq q\u0259rar\u0131na \u0259sas\u0259n, yem\u0259k x\u0259rci, kommunal v\u0259 dig\u0259r xidm\u0259tl\u0259r &hellip;<\/p>\n","protected":false},"author":1,"featured_media":12010,"comment_status":"open","ping_status":"closed","sticky":false,"template":"","format":"standard","meta":{"footnotes":""},"categories":[3],"tags":[],"class_list":["post-12009","post","type-post","status-publish","format-standard","has-post-thumbnail","hentry","category-olke"],"_links":{"self":[{"href":"https:\/\/millitv.net\/index.php?rest_route=\/wp\/v2\/posts\/12009","targetHints":{"allow":["GET"]}}],"collection":[{"href":"https:\/\/millitv.net\/index.php?rest_route=\/wp\/v2\/posts"}],"about":[{"href":"https:\/\/millitv.net\/index.php?rest_route=\/wp\/v2\/types\/post"}],"author":[{"embeddable":true,"href":"https:\/\/millitv.net\/index.php?rest_route=\/wp\/v2\/users\/1"}],"replies":[{"embeddable":true,"href":"https:\/\/millitv.net\/index.php?rest_route=%2Fwp%2Fv2%2Fcomments&post=12009"}],"version-history":[{"count":1,"href":"https:\/\/millitv.net\/index.php?rest_route=\/wp\/v2\/posts\/12009\/revisions"}],"predecessor-version":[{"id":12011,"href":"https:\/\/millitv.net\/index.php?rest_route=\/wp\/v2\/posts\/12009\/revisions\/12011"}],"wp:featuredmedia":[{"embeddable":true,"href":"https:\/\/millitv.net\/index.php?rest_route=\/wp\/v2\/media\/12010"}],"wp:attachment":[{"href":"https:\/\/millitv.net\/index.php?rest_route=%2Fwp%2Fv2%2Fmedia&parent=12009"}],"wp:term":[{"taxonomy":"category","embeddable":true,"href":"https:\/\/millitv.net\/index.php?rest_route=%2Fwp%2Fv2%2Fcategories&post=12009"},{"taxonomy":"post_tag","embeddable":true,"href":"https:\/\/millitv.net\/index.php?rest_route=%2Fwp%2Fv2%2Ftags&post=12009"}],"curies":[{"name":"wp","href":"https:\/\/api.w.org\/{rel}","templated":true}]}}