{"id":12001,"date":"2024-05-17T08:13:54","date_gmt":"2024-05-17T08:13:54","guid":{"rendered":"https:\/\/millitv.net\/?p=12001"},"modified":"2024-05-17T08:15:35","modified_gmt":"2024-05-17T08:15:35","slug":"faci%C9%99vi-s%C9%99kild%C9%99-ol%C9%99n-polis-r%C9%99isinin-goruntusu-foto","status":"publish","type":"post","link":"https:\/\/millitv.net\/?p=12001","title":{"rendered":"Faci\u0259vi \u015f\u0259kild\u0259 \u00f6l\u0259n polis r\u0259isinin g\u00f6r\u00fcnt\u00fcs\u00fc &#8211; FOTO"},"content":{"rendered":"\n<p>Hac\u0131qabulda \u00f6l\u00fcml\u0259 n\u0259tic\u0259l\u0259n\u0259n yol-n\u0259qliyyat hadis\u0259si ba\u015f verib. \u201cToyota Prado\u201d markal\u0131 avtomobil idar\u0259etm\u0259ni itir\u0259r\u0259k u\u015faq ba\u011f\u00e7as\u0131n\u0131n divar\u0131na \u00e7\u0131rp\u0131l\u0131b.<\/p>\n\n\n\n<p>Q\u0259zada ald\u0131\u011f\u0131 x\u0259sar\u0259tl\u0259rd\u0259n v\u0259fat ed\u0259n 1986-c\u0131 il t\u0259v\u0259ll\u00fcdl\u00fc Ramil Nur\u0259ddin o\u011flu \u018fsg\u0259rov Hac\u0131qabul Rayon Post-Patrul (PPX) Xidm\u0259tinin r\u0259isi olub.<\/p>\n\n\n\n<p>Faktla ba\u011fl\u0131 ara\u015fd\u0131rma apar\u0131l\u0131r.<\/p>\n\n\n\n<p>V\u0259fat ed\u0259n polisin g\u00f6r\u00fcnt\u00fcs\u00fcn\u00fc t\u0259qdim edirik: \/&nbsp;MilliTv.NET<\/p>\n\n\n\n<figure class=\"wp-block-image\"><img decoding=\"async\" src=\"https:\/\/MilliTv.NET\/images\/metbuat\/images_d\/1500238_0.jpg\" alt=\"\" title=\"\"><\/figure>\n","protected":false},"excerpt":{"rendered":"<p>Hac\u0131qabulda \u00f6l\u00fcml\u0259 n\u0259tic\u0259l\u0259n\u0259n yol-n\u0259qliyyat hadis\u0259si ba\u015f verib. \u201cToyota Prado\u201d markal\u0131 avtomobil idar\u0259etm\u0259ni itir\u0259r\u0259k u\u015faq ba\u011f\u00e7as\u0131n\u0131n divar\u0131na \u00e7\u0131rp\u0131l\u0131b. Q\u0259zada ald\u0131\u011f\u0131 x\u0259sar\u0259tl\u0259rd\u0259n v\u0259fat ed\u0259n 1986-c\u0131 il t\u0259v\u0259ll\u00fcdl\u00fc Ramil Nur\u0259ddin o\u011flu \u018fsg\u0259rov Hac\u0131qabul Rayon Post-Patrul (PPX) Xidm\u0259tinin r\u0259isi olub. Faktla ba\u011fl\u0131 ara\u015fd\u0131rma apar\u0131l\u0131r. V\u0259fat ed\u0259n polisin g\u00f6r\u00fcnt\u00fcs\u00fcn\u00fc t\u0259qdim edirik: \/&nbsp;MilliTv.NET<\/p>\n","protected":false},"author":1,"featured_media":12004,"comment_status":"open","ping_status":"closed","sticky":false,"template":"","format":"standard","meta":{"footnotes":""},"categories":[3],"tags":[],"class_list":["post-12001","post","type-post","status-publish","format-standard","has-post-thumbnail","hentry","category-olke"],"_links":{"self":[{"href":"https:\/\/millitv.net\/index.php?rest_route=\/wp\/v2\/posts\/12001","targetHints":{"allow":["GET"]}}],"collection":[{"href":"https:\/\/millitv.net\/index.php?rest_route=\/wp\/v2\/posts"}],"about":[{"href":"https:\/\/millitv.net\/index.php?rest_route=\/wp\/v2\/types\/post"}],"author":[{"embeddable":true,"href":"https:\/\/millitv.net\/index.php?rest_route=\/wp\/v2\/users\/1"}],"replies":[{"embeddable":true,"href":"https:\/\/millitv.net\/index.php?rest_route=%2Fwp%2Fv2%2Fcomments&post=12001"}],"version-history":[{"count":1,"href":"https:\/\/millitv.net\/index.php?rest_route=\/wp\/v2\/posts\/12001\/revisions"}],"predecessor-version":[{"id":12003,"href":"https:\/\/millitv.net\/index.php?rest_route=\/wp\/v2\/posts\/12001\/revisions\/12003"}],"wp:featuredmedia":[{"embeddable":true,"href":"https:\/\/millitv.net\/index.php?rest_route=\/wp\/v2\/media\/12004"}],"wp:attachment":[{"href":"https:\/\/millitv.net\/index.php?rest_route=%2Fwp%2Fv2%2Fmedia&parent=12001"}],"wp:term":[{"taxonomy":"category","embeddable":true,"href":"https:\/\/millitv.net\/index.php?rest_route=%2Fwp%2Fv2%2Fcategories&post=12001"},{"taxonomy":"post_tag","embeddable":true,"href":"https:\/\/millitv.net\/index.php?rest_route=%2Fwp%2Fv2%2Ftags&post=12001"}],"curies":[{"name":"wp","href":"https:\/\/api.w.org\/{rel}","templated":true}]}}