{"id":11937,"date":"2024-05-16T07:49:05","date_gmt":"2024-05-16T07:49:05","guid":{"rendered":"https:\/\/millitv.net\/?p=11937"},"modified":"2024-05-16T07:49:06","modified_gmt":"2024-05-16T07:49:06","slug":"olumund%C9%99n-bir-gun-sonra-qatil-tanisini-cagiraraq-c%C9%99s%C9%99di-qrup-yoldasi-il%C9%99-%C9%99laq%C9%99si-yoxdu-t%C9%99f%C9%99rruatlar","status":"publish","type":"post","link":"https:\/\/millitv.net\/?p=11937","title":{"rendered":"\u00d6l\u00fcm\u00fcnd\u0259n bir g\u00fcn sonra qatil tan\u0131\u015f\u0131n\u0131 \u00e7a\u011f\u0131raraq c\u0259s\u0259di\u2026 &#8211; Qrup yolda\u015f\u0131 il\u0259 \u0259laq\u0259si yoxdu &#8211; T\u0259f\u0259rr\u00fcatlar"},"content":{"rendered":"\n<p>2 ayd\u0131r itkin d\u00fc\u015f\u0259n 4-c\u00fc kurs t\u0259l\u0259b\u0259si K\u00f6n\u00fcl A\u011fayevan\u0131n q\u0259tlind\u0259 \u015f\u00fcbh\u0259li bilin\u0259r\u0259k saxlan\u0131lan \u015f\u0259xs onun qrup yolda\u015f\u0131 deyil.<\/p>\n\n\n\n<p>Bu bar\u0259d\u0259&nbsp;MilliTv.NET-a Az\u0259rbaycan D\u00f6vl\u0259t Pedaqoji Universitetinin C\u0259lilabad filial\u0131ndan bildirilib. Qeyd edilib ki, saxlan\u0131lan Elvin \u0130smay\u0131lzad\u0259 \u00fcmumiyy\u0259tl\u0259 universitetin t\u0259l\u0259b\u0259si deyil.<\/p>\n\n\n\n<p>Xat\u0131rladaq ki, \u00f6t\u0259n g\u00fcn m\u00fcxt\u0259lif m\u0259nb\u0259l\u0259rd\u0259 K\u00f6n\u00fcl A\u011fayevan\u0131n qrup yolda\u015f\u0131 t\u0259r\u0259find\u0259n \u00f6ld\u00fcr\u00fclm\u0259sin\u0259 dair iddialar yay\u0131lm\u0131\u015fd\u0131.<\/p>\n\n\n\n<p>Qeyd ed\u0259k ki, L\u0259nk\u0259ran rayon prokurorlu\u011fu v\u0259 rayon polis \u015f\u00f6b\u0259si \u0259m\u0259kda\u015flar\u0131n\u0131n birg\u0259 f\u0259aliyy\u0259ti n\u0259tic\u0259sind\u0259 cari ilin mart ay\u0131nda itkin d\u00fc\u015fm\u00fc\u015f C\u0259lilabad rayon sakini, 2002-ci il t\u0259v\u0259ll\u00fcdl\u00fc K\u00f6n\u00fcl A\u011fayevan\u0131n q\u0259sd\u0259n \u00f6ld\u00fcr\u00fclm\u0259si m\u00fc\u0259yy\u0259n edilib.<\/p>\n\n\n\n<p>Bildirilib ki, h\u0259yata ke\u00e7irilmi\u015f \u00e7oxsayl\u0131 istintaq v\u0259 \u0259m\u0259liyyat-axtar\u0131\u015f t\u0259dbirl\u0259ri n\u0259tic\u0259sind\u0259 2003-c\u00fc il t\u0259v\u0259ll\u00fcdl\u00fc L\u0259nk\u0259ran \u015f\u0259h\u0259r sakini Elvin \u0130smay\u0131lzad\u0259nin mart\u0131n 1-d\u0259 L\u0259nk\u0259ran \u015f\u0259h\u0259ri \u0259razisind\u0259 yerl\u0259\u015f\u0259n evl\u0259rd\u0259n birind\u0259 K\u00f6n\u00fcl A\u011fayevan\u0131 bo\u011faraq q\u0259sd\u0259n \u00f6ld\u00fcrm\u0259si, n\u00f6vb\u0259ti g\u00fcn cinay\u0259t hadis\u0259sini gizl\u0259tm\u0259k \u00fc\u00e7\u00fcn tan\u0131\u015f\u0131 X\u0259yal S\u0259m\u0259dovun k\u00f6m\u0259kliyi il\u0259 K\u00f6n\u00fcl A\u011fayevan\u0131n meyitini h\u0259min f\u0259rdi ya\u015fay\u0131\u015f evinin birinci m\u0259rt\u0259b\u0259sind\u0259 basd\u0131rmas\u0131na \u0259sasl\u0131 \u015f\u00fcbh\u0259l\u0259r m\u00fc\u0259yy\u0259n edilib.<\/p>\n\n\n\n<p>Elvin \u0130smay\u0131lzad\u0259 polis \u0259m\u0259kda\u015flar\u0131 t\u0259r\u0259find\u0259n saxlan\u0131laraq istintaqa t\u0259hvil verilib v\u0259 prokurorluq t\u0259r\u0259find\u0259n \u015f\u00fcbh\u0259li \u015f\u0259xs qismind\u0259 tutulub.<\/p>\n","protected":false},"excerpt":{"rendered":"<p>2 ayd\u0131r itkin d\u00fc\u015f\u0259n 4-c\u00fc kurs t\u0259l\u0259b\u0259si K\u00f6n\u00fcl A\u011fayevan\u0131n q\u0259tlind\u0259 \u015f\u00fcbh\u0259li bilin\u0259r\u0259k saxlan\u0131lan \u015f\u0259xs onun qrup yolda\u015f\u0131 deyil. Bu bar\u0259d\u0259&nbsp;MilliTv.NET-a Az\u0259rbaycan D\u00f6vl\u0259t Pedaqoji Universitetinin C\u0259lilabad filial\u0131ndan bildirilib. Qeyd edilib ki, saxlan\u0131lan Elvin \u0130smay\u0131lzad\u0259 \u00fcmumiyy\u0259tl\u0259 universitetin t\u0259l\u0259b\u0259si deyil. Xat\u0131rladaq ki, \u00f6t\u0259n g\u00fcn m\u00fcxt\u0259lif m\u0259nb\u0259l\u0259rd\u0259 K\u00f6n\u00fcl A\u011fayevan\u0131n qrup yolda\u015f\u0131 t\u0259r\u0259find\u0259n \u00f6ld\u00fcr\u00fclm\u0259sin\u0259 dair iddialar yay\u0131lm\u0131\u015fd\u0131. Qeyd ed\u0259k ki, &hellip;<\/p>\n","protected":false},"author":1,"featured_media":11938,"comment_status":"open","ping_status":"closed","sticky":false,"template":"","format":"standard","meta":{"footnotes":""},"categories":[3],"tags":[],"class_list":["post-11937","post","type-post","status-publish","format-standard","has-post-thumbnail","hentry","category-olke"],"_links":{"self":[{"href":"https:\/\/millitv.net\/index.php?rest_route=\/wp\/v2\/posts\/11937","targetHints":{"allow":["GET"]}}],"collection":[{"href":"https:\/\/millitv.net\/index.php?rest_route=\/wp\/v2\/posts"}],"about":[{"href":"https:\/\/millitv.net\/index.php?rest_route=\/wp\/v2\/types\/post"}],"author":[{"embeddable":true,"href":"https:\/\/millitv.net\/index.php?rest_route=\/wp\/v2\/users\/1"}],"replies":[{"embeddable":true,"href":"https:\/\/millitv.net\/index.php?rest_route=%2Fwp%2Fv2%2Fcomments&post=11937"}],"version-history":[{"count":1,"href":"https:\/\/millitv.net\/index.php?rest_route=\/wp\/v2\/posts\/11937\/revisions"}],"predecessor-version":[{"id":11939,"href":"https:\/\/millitv.net\/index.php?rest_route=\/wp\/v2\/posts\/11937\/revisions\/11939"}],"wp:featuredmedia":[{"embeddable":true,"href":"https:\/\/millitv.net\/index.php?rest_route=\/wp\/v2\/media\/11938"}],"wp:attachment":[{"href":"https:\/\/millitv.net\/index.php?rest_route=%2Fwp%2Fv2%2Fmedia&parent=11937"}],"wp:term":[{"taxonomy":"category","embeddable":true,"href":"https:\/\/millitv.net\/index.php?rest_route=%2Fwp%2Fv2%2Fcategories&post=11937"},{"taxonomy":"post_tag","embeddable":true,"href":"https:\/\/millitv.net\/index.php?rest_route=%2Fwp%2Fv2%2Ftags&post=11937"}],"curies":[{"name":"wp","href":"https:\/\/api.w.org\/{rel}","templated":true}]}}