{"id":11931,"date":"2024-05-16T06:13:30","date_gmt":"2024-05-16T06:13:30","guid":{"rendered":"https:\/\/millitv.net\/?p=11931"},"modified":"2024-05-16T06:13:32","modified_gmt":"2024-05-16T06:13:32","slug":"h%C9%99r-k%C9%99s-artimdan-faydalanacaq-sohb%C9%99t-boyuk-m%C9%99bl%C9%99gl%C9%99rd%C9%99n-gedir","status":"publish","type":"post","link":"https:\/\/millitv.net\/?p=11931","title":{"rendered":"H\u0259r k\u0259s art\u0131mdan faydalanacaq: S\u00f6hb\u0259t b\u00f6y\u00fck m\u0259bl\u0259\u011fl\u0259rd\u0259n gedir"},"content":{"rendered":"\n<p><strong>Az\u0259rbaycanda sosial islahatlar\u0131n h\u0259yata ke\u00e7irilm\u0259si davaml\u0131 hal al\u0131b. 2018-2023-c\u00fc ill\u0259rd\u0259 4 milyondan \u00e7ox v\u0259t\u0259nda\u015f\u0131 \u0259hat\u0259 ed\u0259n 4 sosial islahat paketi icra olunmaqla, bu islahatlar \u00fczr\u0259 \u0259lav\u0259 olaraq illik 6,8 milyard manat v\u0259sait y\u00f6n\u0259ldilib. Apar\u0131lan islahatlar \u00e7\u0259r\u00e7iv\u0259sind\u0259 insanlar\u0131n g\u0259lir imkanlar\u0131n\u0131n art\u0131r\u0131lmas\u0131 x\u0259tti d\u0259 m\u00fch\u00fcm yer tutur. X\u00fcsusil\u0259 d\u0259 respublikam\u0131zda \u0259m\u0259khaqlar\u0131n\u0131n v\u0259 pensiyalar\u0131n art\u0131r\u0131lmas\u0131 davaml\u0131 olaraq diqq\u0259t m\u0259rk\u0259zind\u0259 saxlan\u0131l\u0131r.<\/strong><\/p>\n\n\n\n<p>Respublikam\u0131zda \u0259m\u0259khaqlar\u0131n\u0131n art\u0131r\u0131lmas\u0131 davaml\u0131 bir \u0259n\u0259n\u0259y\u0259 \u00e7evrilib. Son be\u015f ild\u0259 \u00f6lk\u0259mizd\u0259 minimum ayl\u0131q \u0259m\u0259khaqq\u0131 2,7 d\u0259f\u0259 art\u0131r\u0131l\u0131b. Orta ayl\u0131q \u0259m\u0259khaqq\u0131nda 65,3 faiz, median \u0259m\u0259khaqq\u0131nda 2,1 d\u0259f\u0259, \u0259m\u0259khaqq\u0131 fondunda 2,5 d\u0259f\u0259 art\u0131m ba\u015f verib.<\/p>\n\n\n\n<p>2024-c\u00fc ilin \u0259vv\u0259lind\u0259 &#8211; fevral ay\u0131nda Az\u0259rbaycanda ke\u00e7iril\u0259n prezident se\u00e7kil\u0259ri \u00f6nc\u0259si pensiya m\u00fcavin\u0259tl\u0259rind\u0259 art\u0131m oldu, lakin maa\u015flarla ba\u011fl\u0131 h\u0259r hans\u0131 ciddi bir art\u0131m qeyd\u0259 al\u0131nmad\u0131. Diqq\u0259ti \u00e7\u0259k\u0259n \u0259sas m\u0259qamlardan biri d\u0259 ondan ibar\u0259tdir ki, hans\u0131 sektorda \u00e7al\u0131\u015fmas\u0131ndan as\u0131l\u0131 olmayaraq minimum \u0259m\u0259khaqq\u0131 alan b\u00fct\u00fcn v\u0259t\u0259nda\u015flar\u0131m\u0131z\u0131n maa\u015flar\u0131n\u0131n art\u0131r\u0131l\u0131b-art\u0131r\u0131lmayaca\u011f\u0131d\u0131r. Yax\u0131n ill\u0259rin t\u0259cr\u00fcb\u0259si g\u00f6st\u0259rir ki, maa\u015f art\u0131mlar\u0131 yaln\u0131z d\u00f6vl\u0259t sektorunda deyil, \u00f6z\u0259l sektorda \u00e7al\u0131\u015fanlara da cari ild\u0259n etibar\u0259n hesablan\u0131r v\u0259 verilir.<\/p>\n\n\n\n<p>Bel\u0259 ki, 2018 ild\u0259n bu yana \u00f6lk\u0259 \u00fczr\u0259 orta ayl\u0131q \u0259m\u0259khaqlar\u0131n\u0131n art\u0131m dinamikas\u0131n\u0131n da y\u00fcks\u0259k oldu\u011funu m\u00fc\u015fahid\u0259 edirik. 2023-c\u00fc ilin ilk 7 ay\u0131nda respublikam\u0131zda&nbsp; orta ayl\u0131q nominal \u0259m\u0259khaqq\u0131 \u0259vv\u0259lki ilin m\u00fcvafiq d\u00f6vr\u00fcn\u0259 nisb\u0259t\u0259n 11,3 faiz artaraq 925,3 manat olub.<\/p>\n\n\n\n<p>Prezident \u0130lham \u018fliyevin \u00f6t\u0259n ilin \u0259vv\u0259lind\u0259 imzalad\u0131\u011f\u0131 \u201c\u018fhalinin sosial rifah\u0131n\u0131n yax\u015f\u0131la\u015fd\u0131r\u0131lmas\u0131 sah\u0259sind\u0259 \u0259lav\u0259 t\u0259dbirl\u0259r haqq\u0131nda\u201d S\u0259r\u0259ncama \u0259sas\u0259n minimum ayl\u0131q \u0259m\u0259khaqq\u0131 1 yanvar 2023-c\u00fc ild\u0259n 15 faiz art\u0131r\u0131laraq 300 manatdan&nbsp; 345 manata \u00e7atd\u0131r\u0131l\u0131b. D\u00f6vl\u0259t b\u00fcdc\u0259sind\u0259n maliyy\u0259l\u0259\u015fdiril\u0259n sah\u0259l\u0259rd\u0259 \u00e7al\u0131\u015fan i\u015f\u00e7il\u0259rin ayl\u0131q tarif (v\u0259zif\u0259) maa\u015flar\u0131 da bu S\u0259r\u0259ncama uy\u011funla\u015fd\u0131r\u0131l\u0131b v\u0259 minimum \u0259m\u0259khaqq\u0131 art\u0131m\u0131 vahid tarif c\u0259dv\u0259linin (VTC) b\u00fct\u00fcn pill\u0259l\u0259ri \u00fczr\u0259 \u0259m\u0259khaqlar\u0131nda art\u0131mlar\u0131 t\u0259min edib.<\/p>\n\n\n\n<p><em>B\u0259s 2024-c\u00fc ilin ir\u0259lil\u0259y\u0259n aylar\u0131nda Az\u0259rbaycanda v\u0259t\u0259nda\u015flar\u0131n \u0259m\u0259khaqq\u0131lar\u0131nda ciddi art\u0131mlar m\u00fc\u015fahid\u0259 oluna bil\u0259rmi?<\/em><\/p>\n\n\n\n<p>M\u0259s\u0259l\u0259 il\u0259 ba\u011fl\u0131&nbsp;Milli M\u0259clisin iqtisadi siyas\u0259t, s\u0259naye v\u0259 sahibkarl\u0131q komit\u0259sinin \u00fczv\u00fc V\u00fcqar Bayramov&nbsp;Referans.az-a a\u00e7\u0131qlamas\u0131nda bildirib ki, art\u0131q \u0259m\u0259khaqq\u0131lar\u0131nda ilin sonuna do\u011fru art\u0131mlar\u0131n olaca\u011f\u0131 g\u00f6zl\u0259nilir:&nbsp;\u201cG\u00f6zl\u0259nti ondan ibar\u0259tdir ki, \u0259sas\u0259n minimum \u0259m\u0259khaqq\u0131nda art\u0131m zaman\u0131 ya inflyasiya, ya da nominal orta ayl\u0131q \u0259m\u0259khaqq\u0131ndak\u0131 art\u0131m meyyar\u0131ndan istifad\u0259 olunacaq. T\u0259bii ki, bu nominallardan istifad\u0259 olunmas\u0131 minimum \u0259m\u0259khaqq\u0131n\u0131n h\u0259tta iki r\u0259q\u0259mli art\u0131r\u0131lmas\u0131na s\u0259b\u0259b ola bil\u0259r. X\u00fcsus\u0259n n\u0259z\u0259r\u0259 alsaq ki, 2024-c\u00fc ilin birinci r\u00fcb\u00fcnd\u0259 b\u00fct\u00f6vl\u00fckd\u0259 sosial x\u0259rcl\u0259rd\u0259 proqnozla m\u00fcqayis\u0259d\u0259 40 faiz daha \u00e7ox x\u0259rcl\u0259nm\u0259 olub. Y\u0259ni b\u00fcdc\u0259d\u0259 propsit yaran\u0131b. Dig\u0259r t\u0259r\u0259fd\u0259n sosial x\u0259rcl\u0259rd\u0259 proqnoz nisb\u0259til\u0259 m\u00fcqayis\u0259d\u0259 art\u0131mlar var. H\u00f6kum\u0259td\u0259ki qiym\u0259tl\u0259ndirm\u0259d\u0259n sonra 2024-c\u00fc ilin d\u00f6vl\u0259t b\u00fcdc\u0259sin\u0259 bax\u0131l\u0131b-bax\u0131lmamas\u0131 il\u0259 ba\u011fl\u0131 q\u0259rar veril\u0259c\u0259k\u201d.<\/p>\n\n\n\n<figure class=\"wp-block-image\"><img decoding=\"async\" src=\"https:\/\/www.referans.az\/storage\/news\/2024\/05\/15\/e0675177_4c96_3188_8a29_1da67345be24_850_1_1715762617-full.jpg\" alt=\"\" title=\"\"><\/figure>\n\n\n\n<p>Deputat qeyd edib ki, proqnozlar\u0131n g\u00f6zl\u0259nil\u0259nd\u0259n daha yax\u015f\u0131 n\u0259tic\u0259 g\u00f6st\u0259rm\u0259si yax\u0131n aylarda d\u00f6vl\u0259t b\u00fcdc\u0259sin\u0259 yenid\u0259n bax\u0131lmas\u0131 imkanlar\u0131n\u0131 art\u0131r\u0131r. Onun s\u00f6zl\u0259rin\u0259 g\u00f6r\u0259, b\u00fcdc\u0259y\u0259 yenid\u0259n bax\u0131larsa, t\u0259qdim olunan layih\u0259 \u00fczr\u0259 m\u00fczakir\u0259nin apar\u0131lmas\u0131 m\u00fcmk\u00fcnd\u00fcr: \u201c\u018fsas prioritet sah\u0259l\u0259r i\u015f\u011faldan azad olunan \u0259razil\u0259rimizin b\u0259rpas\u0131, milli t\u0259hl\u00fck\u0259sizliyimiz g\u00fccl\u0259ndirilm\u0259si, eyni zamanda sosial t\u0259minat\u0131n daha da yax\u015f\u0131la\u015fd\u0131r\u0131lmas\u0131 il\u0259 ba\u011fl\u0131d\u0131r. B\u00fcdc\u0259y\u0259 yenid\u0259n bax\u0131larsa, sosial istiqam\u0259tl\u0259 ba\u011fl\u0131 t\u0259klifl\u0259rimizi d\u0259 t\u0259qdim ed\u0259c\u0259yik. Sosial t\u0259minat\u0131n g\u00fccl\u0259ndirilm\u0259si h\u0259r zaman prioritetdir v\u0259 2024-c\u00fc il \u00fc\u00e7\u00fcn d\u0259 \u00f6z prioritetliyini qoruyub saxlayacaq\u201d.<\/p>\n\n\n\n<p>Milli M\u0259clisin deputat\u0131 Vahid \u018fhm\u0259dov&nbsp;redaksiyam\u0131za dedi ki, d\u00f6vl\u0259t b\u00fcdc\u0259sin\u0259 yenid\u0259n bax\u0131lmal\u0131d\u0131r, \u00e7\u00fcnki \u0259lav\u0259 g\u0259lirl\u0259r art\u0131b:&nbsp;\u201cNeftin qiym\u0259ti 60 dollar g\u00f6t\u00fcr\u00fclm\u00fc\u015fd\u00fc, amma haz\u0131rda orta hesabla 85 dollar s\u0259viyy\u0259sind\u0259dir. Art\u0131mlara g\u00f6r\u0259, d\u00f6vl\u0259t b\u00fcdc\u0259sin\u0259 yenid\u0259n bax\u0131lmal\u0131d\u0131r. \u018fm\u0259khaqq\u0131lar\u0131, t\u0259qa\u00fcd v\u0259 pensiyalar\u0131n art\u0131r\u0131lmas\u0131 il\u0259 ba\u011fl\u0131 h\u0259l\u0259lik d\u0259qiq m\u0259lumat olmasa da, h\u0259r zaman oldu\u011fu kimi n\u00f6vb\u0259ti iclaslarda da Milli M\u0259clisd\u0259 bu m\u0259s\u0259l\u0259l\u0259r\u0259 toxunaca\u011f\u0131q. D\u0259yi\u015fikliyi almad\u0131\u011f\u0131m\u0131z \u00fc\u00e7\u00fcn h\u0259r hans\u0131 d\u0259qiq m\u0259lumat dey\u0259 bilmirik\u201d.<\/p>\n\n\n\n<figure class=\"wp-block-image\"><img decoding=\"async\" src=\"https:\/\/www.referans.az\/storage\/news\/2024\/05\/15\/92f79639_6f8a_343c_bd74_62a5c4083ba4_850_1715762649-full.jpg\" alt=\"\" title=\"\"><\/figure>\n\n\n\n<p>Vahid \u018fhm\u0259dovun s\u00f6zl\u0259rin\u0259 g\u00f6r\u0259, maa\u015flar inflyasiyaya uy\u011fun olaraq art\u0131r\u0131lmal\u0131d\u0131r, inflyasiya is\u0259 2023-c\u00fc ild\u0259 2,8 olubsa, bu ilin aprel ay\u0131na olan statistikaya g\u00f6r\u0259 hardasa 0-1 faiz\u0259 yax\u0131nd\u0131r. Amma \u00fcmumi g\u00f6t\u00fcrs\u0259k, bizd\u0259 minimum \u0259m\u0259khaqq\u0131 a\u015fa\u011f\u0131d\u0131 v\u0259 bunun art\u0131r\u0131lmas\u0131na ehtiyac var. \u00c7ox uza\u011fa getm\u0259y\u0259 ehtiyac yoxdur, qarda\u015f \u00f6lk\u0259 T\u00fcrkiy\u0259 il\u0259 m\u00fcqayis\u0259d\u0259 nec\u0259 a\u015fa\u011f\u0131 oldu\u011funu g\u00f6r\u0259 bil\u0259rik.<\/p>\n\n\n\n<p>\u0130qtisad\u00e7\u0131 Xalid K\u0259rimli qeyd edir ki, Az\u0259rbaycanda parlament se\u00e7kil\u0259rind\u0259n \u0259vv\u0259l \u0259m\u0259khaqq\u0131lar\u0131nda, pensiya v\u0259 m\u00fcavin\u0259tl\u0259rd\u0259 art\u0131m olaca\u011f\u0131 g\u00f6zl\u0259nilmir:&nbsp;\u201cYanvar\u0131n 1-d\u0259n etibar\u0259n h\u0259m pensiya, h\u0259m sosial \u00f6d\u0259ni\u015fl\u0259r, h\u0259m d\u0259 ya\u015fay\u0131\u015f minimumu art\u0131r\u0131ld\u0131. B\u00fct\u00fcn pensiya v\u0259 t\u0259qa\u00fcdl\u0259rd\u0259 olan art\u0131mlar ild\u0259 sad\u0259c\u0259 bir d\u0259f\u0259 h\u0259yata ke\u00e7irilir. Pensiyalarda indeksasiya mexanizmi var, orta ayl\u0131q \u0259m\u0259khaqq\u0131n\u0131n art\u0131m faizin\u0259 g\u00f6r\u0259 hesablan\u0131r. Bu ilin axr\u0131nda bu m\u0259s\u0259l\u0259l\u0259r b\u0259lli olacaq v\u0259 b\u00fcdc\u0259 paketi il\u0259 birlikd\u0259 m\u00fczakir\u0259 olunub ilin axr\u0131nda \u2013 dekabrda t\u0259sdiq olunacaq. Bunlar h\u0259r il eyni qaydada t\u0259tbiq olunur v\u0259 ild\u0259n-il\u0259 art\u0131r\u0131l\u0131r\u201d.<\/p>\n\n\n\n<figure class=\"wp-block-image\"><img decoding=\"async\" src=\"https:\/\/www.referans.az\/storage\/news\/2024\/05\/15\/16849222701972150647_1200x630_1715762741-full.jpeg\" alt=\"\" title=\"\"><\/figure>\n\n\n\n<p>\u0130qtisad\u00e7\u0131 bildirib ki, maa\u015flar\u0131n art\u0131r\u0131lmas\u0131 h\u00f6kum\u0259tin q\u0259rar\u0131ndan as\u0131l\u0131 olan bir m\u0259s\u0259l\u0259dir. Onun s\u00f6zl\u0259rin\u0259 g\u00f6r\u0259, minimum \u0259m\u0259khaqq\u0131 \u00f6t\u0259n il art\u0131r\u0131lmad\u0131, amma bu ilin noyabr ay\u0131na q\u0259d\u0259r art\u0131r\u0131laca\u011f\u0131 g\u00f6zl\u0259nilir.<\/p>\n\n\n\n<p>Xalid K\u0259rimlinin fikrinc\u0259, Az\u0259rbaycanda noyabra q\u0259d\u0259r minimum \u0259m\u0259khaqq\u0131 10 faiz art\u0131r\u0131la bil\u0259r: Amma t\u0259bii ki, bu bir ehtimal\u0131d\u0131r. \u018fvv\u0259lc\u0259 t\u0259klifl\u0259r haz\u0131rlanacaq daha sonra is\u0259 h\u00f6kum\u0259t n\u0259 q\u0259d\u0259r art\u0131r\u0131laca\u011f\u0131na q\u0259rar ver\u0259c\u0259k. Eyni zamanda minimum \u0259m\u0259khaqq\u0131 qald\u0131r\u0131lsa da, bu art\u0131m g\u0259l\u0259n il yanvar\u0131n birind\u0259n q\u00fcvv\u0259y\u0259 min\u0259c\u0259k\u201d.<\/p>\n","protected":false},"excerpt":{"rendered":"<p>Az\u0259rbaycanda sosial islahatlar\u0131n h\u0259yata ke\u00e7irilm\u0259si davaml\u0131 hal al\u0131b. 2018-2023-c\u00fc ill\u0259rd\u0259 4 milyondan \u00e7ox v\u0259t\u0259nda\u015f\u0131 \u0259hat\u0259 ed\u0259n 4 sosial islahat paketi icra olunmaqla, bu islahatlar \u00fczr\u0259 \u0259lav\u0259 olaraq illik 6,8 milyard manat v\u0259sait y\u00f6n\u0259ldilib. Apar\u0131lan islahatlar \u00e7\u0259r\u00e7iv\u0259sind\u0259 insanlar\u0131n g\u0259lir imkanlar\u0131n\u0131n art\u0131r\u0131lmas\u0131 x\u0259tti d\u0259 m\u00fch\u00fcm yer tutur. X\u00fcsusil\u0259 d\u0259 respublikam\u0131zda \u0259m\u0259khaqlar\u0131n\u0131n v\u0259 pensiyalar\u0131n art\u0131r\u0131lmas\u0131 davaml\u0131 olaraq diqq\u0259t &hellip;<\/p>\n","protected":false},"author":1,"featured_media":11932,"comment_status":"open","ping_status":"closed","sticky":false,"template":"","format":"standard","meta":{"footnotes":""},"categories":[5,3],"tags":[],"class_list":["post-11931","post","type-post","status-publish","format-standard","has-post-thumbnail","hentry","category-iqtisadiyyat","category-olke"],"_links":{"self":[{"href":"https:\/\/millitv.net\/index.php?rest_route=\/wp\/v2\/posts\/11931","targetHints":{"allow":["GET"]}}],"collection":[{"href":"https:\/\/millitv.net\/index.php?rest_route=\/wp\/v2\/posts"}],"about":[{"href":"https:\/\/millitv.net\/index.php?rest_route=\/wp\/v2\/types\/post"}],"author":[{"embeddable":true,"href":"https:\/\/millitv.net\/index.php?rest_route=\/wp\/v2\/users\/1"}],"replies":[{"embeddable":true,"href":"https:\/\/millitv.net\/index.php?rest_route=%2Fwp%2Fv2%2Fcomments&post=11931"}],"version-history":[{"count":1,"href":"https:\/\/millitv.net\/index.php?rest_route=\/wp\/v2\/posts\/11931\/revisions"}],"predecessor-version":[{"id":11933,"href":"https:\/\/millitv.net\/index.php?rest_route=\/wp\/v2\/posts\/11931\/revisions\/11933"}],"wp:featuredmedia":[{"embeddable":true,"href":"https:\/\/millitv.net\/index.php?rest_route=\/wp\/v2\/media\/11932"}],"wp:attachment":[{"href":"https:\/\/millitv.net\/index.php?rest_route=%2Fwp%2Fv2%2Fmedia&parent=11931"}],"wp:term":[{"taxonomy":"category","embeddable":true,"href":"https:\/\/millitv.net\/index.php?rest_route=%2Fwp%2Fv2%2Fcategories&post=11931"},{"taxonomy":"post_tag","embeddable":true,"href":"https:\/\/millitv.net\/index.php?rest_route=%2Fwp%2Fv2%2Ftags&post=11931"}],"curies":[{"name":"wp","href":"https:\/\/api.w.org\/{rel}","templated":true}]}}