{"id":11901,"date":"2024-05-15T19:46:57","date_gmt":"2024-05-15T19:46:57","guid":{"rendered":"https:\/\/millitv.net\/?p=11901"},"modified":"2024-05-15T19:46:58","modified_gmt":"2024-05-15T19:46:58","slug":"gec%C9%99d%C9%99n-gec%C9%99y%C9%99-g%C9%99lirmisl%C9%99r-hadis%C9%99nin-bas-verdiyi-evd%C9%99-iki-qizla-qonsular-danisdi","status":"publish","type":"post","link":"https:\/\/millitv.net\/?p=11901","title":{"rendered":"Gec\u0259d\u0259n-gec\u0259y\u0259 g\u0259lirmi\u015fl\u0259r: Hadis\u0259nin ba\u015f verdiyi evd\u0259 iki q\u0131zla\u2026 &#8211; Qon\u015fular dan\u0131\u015fd\u0131"},"content":{"rendered":"\n<p>L\u0259nk\u0259randa iki ay \u0259vv\u0259l itkin d\u00fc\u015fm\u00fc\u015f qad\u0131n\u0131n meyiti tap\u0131l\u0131b. Onun C\u0259lilabad rayon sakini oldu\u011fu v\u0259 q\u0259tl\u0259 yetirildiyi bildirilir.<\/p>\n\n\n\n<p>Qon\u015fular iddia edir ki, q\u0259tl t\u00f6r\u0259dil\u0259n ev iki n\u0259f\u0259r t\u0259l\u0259b\u0259y\u0259 kiray\u0259 verilib v\u0259 meyiti tap\u0131lan qad\u0131n da onlarla birlikd\u0259 qal\u0131b.<\/p>\n\n\n\n<p>Bildirilir ki, K\u00f6n\u00fcl A\u011fayeva Az\u0259rbaycan D\u00f6vl\u0259t Pedaqoji Universitetinin C\u0259lilabad filial\u0131nda &#8220;Az\u0259rbaycan dili v\u0259 \u0259d\u0259biyyat\u0131 m\u00fc\u0259llimliyi ixtisas\u0131n\u0131n&#8221; 4 &#8211; c\u00fc kurs t\u0259l\u0259b\u0259si olub.<\/p>\n\n\n\n<p>C\u0259lilabaddak\u0131 qon\u015fular\u0131n\u0131n bildirdiyin\u0259 g\u00f6r\u0259, K\u00f6n\u00fcl A\u011fayeva d\u00fcn\u0259n ax\u015fam saatlar\u0131nda do\u011fuldu\u011fu Mu\u011fan k\u0259ndind\u0259 d\u0259fn olunub. M\u0259lumata g\u00f6r\u0259, K\u00f6n\u00fcl A\u011fayeva iki aydan \u00e7oxdur ki, axtar\u0131l\u0131rd\u0131. Qon\u015fular A\u011fayevl\u0259r ail\u0259sinin problemsiz v\u0259 yax\u015f\u0131 insanlar olduqlar\u0131n\u0131 s\u00f6yl\u0259yibl\u0259r.<\/p>\n\n\n\n<p>Qeyd ed\u0259k ki, faktla ba\u011fl\u0131 L\u0259nk\u0259ran rayon prokurorlu\u011funda ara\u015fd\u0131rma apar\u0131l\u0131r. \/&nbsp;Xezerxeber.az<\/p>\n\n\n\n<figure class=\"wp-block-embed is-type-rich is-provider-g-mme-tutucu wp-block-embed-g-mme-tutucu wp-embed-aspect-16-9 wp-has-aspect-ratio\"><div class=\"wp-block-embed__wrapper\">\n<iframe loading=\"lazy\" title=\"L\u0259nk\u0259randa q\u0259tl\u0259 yetiril\u0259n 22 ya\u015fl\u0131 qad\u0131n\u0131n hadis\u0259si il\u0259 ba\u011fl\u0131 T\u018fF\u018fRR\u00dcATLAR\" width=\"500\" height=\"281\" src=\"https:\/\/www.youtube.com\/embed\/vzVBAviDetw?feature=oembed\" frameborder=\"0\" allow=\"accelerometer; autoplay; clipboard-write; encrypted-media; gyroscope; picture-in-picture; web-share\" referrerpolicy=\"strict-origin-when-cross-origin\" allowfullscreen><\/iframe>\n<\/div><\/figure>\n","protected":false},"excerpt":{"rendered":"<p>L\u0259nk\u0259randa iki ay \u0259vv\u0259l itkin d\u00fc\u015fm\u00fc\u015f qad\u0131n\u0131n meyiti tap\u0131l\u0131b. Onun C\u0259lilabad rayon sakini oldu\u011fu v\u0259 q\u0259tl\u0259 yetirildiyi bildirilir. Qon\u015fular iddia edir ki, q\u0259tl t\u00f6r\u0259dil\u0259n ev iki n\u0259f\u0259r t\u0259l\u0259b\u0259y\u0259 kiray\u0259 verilib v\u0259 meyiti tap\u0131lan qad\u0131n da onlarla birlikd\u0259 qal\u0131b. Bildirilir ki, K\u00f6n\u00fcl A\u011fayeva Az\u0259rbaycan D\u00f6vl\u0259t Pedaqoji Universitetinin C\u0259lilabad filial\u0131nda &#8220;Az\u0259rbaycan dili v\u0259 \u0259d\u0259biyyat\u0131 m\u00fc\u0259llimliyi ixtisas\u0131n\u0131n&#8221; 4 &hellip;<\/p>\n","protected":false},"author":1,"featured_media":11903,"comment_status":"open","ping_status":"closed","sticky":false,"template":"","format":"standard","meta":{"footnotes":""},"categories":[3],"tags":[],"class_list":["post-11901","post","type-post","status-publish","format-standard","has-post-thumbnail","hentry","category-olke"],"_links":{"self":[{"href":"https:\/\/millitv.net\/index.php?rest_route=\/wp\/v2\/posts\/11901","targetHints":{"allow":["GET"]}}],"collection":[{"href":"https:\/\/millitv.net\/index.php?rest_route=\/wp\/v2\/posts"}],"about":[{"href":"https:\/\/millitv.net\/index.php?rest_route=\/wp\/v2\/types\/post"}],"author":[{"embeddable":true,"href":"https:\/\/millitv.net\/index.php?rest_route=\/wp\/v2\/users\/1"}],"replies":[{"embeddable":true,"href":"https:\/\/millitv.net\/index.php?rest_route=%2Fwp%2Fv2%2Fcomments&post=11901"}],"version-history":[{"count":1,"href":"https:\/\/millitv.net\/index.php?rest_route=\/wp\/v2\/posts\/11901\/revisions"}],"predecessor-version":[{"id":11904,"href":"https:\/\/millitv.net\/index.php?rest_route=\/wp\/v2\/posts\/11901\/revisions\/11904"}],"wp:featuredmedia":[{"embeddable":true,"href":"https:\/\/millitv.net\/index.php?rest_route=\/wp\/v2\/media\/11903"}],"wp:attachment":[{"href":"https:\/\/millitv.net\/index.php?rest_route=%2Fwp%2Fv2%2Fmedia&parent=11901"}],"wp:term":[{"taxonomy":"category","embeddable":true,"href":"https:\/\/millitv.net\/index.php?rest_route=%2Fwp%2Fv2%2Fcategories&post=11901"},{"taxonomy":"post_tag","embeddable":true,"href":"https:\/\/millitv.net\/index.php?rest_route=%2Fwp%2Fv2%2Ftags&post=11901"}],"curies":[{"name":"wp","href":"https:\/\/api.w.org\/{rel}","templated":true}]}}