{"id":11898,"date":"2024-08-03T17:49:00","date_gmt":"2024-08-03T17:49:00","guid":{"rendered":"https:\/\/millitv.net\/?p=11898"},"modified":"2024-08-04T17:04:32","modified_gmt":"2024-08-04T17:04:32","slug":"m%C9%99ni-t%C9%99nqid-ed%C9%99nl%C9%99r-disini-yumayanlardir","status":"publish","type":"post","link":"https:\/\/millitv.net\/?p=11898","title":{"rendered":"\u201cM\u0259ni t\u0259nqid ed\u0259nl\u0259r di\u015fini yumayanlard\u0131r\u201d"},"content":{"rendered":"\n<p>\u018fm\u0259kdar artist Elza Seyidcahan onu t\u0259nqid ed\u0259nl\u0259rd\u0259n dan\u0131\u015f\u0131b.<\/p>\n\n\n\n<p>\u201cQonaqcanl\u0131\u201d proqram\u0131nda qonaq olan s\u0259n\u0259t\u00e7i ona sosial \u015f\u0259b\u0259k\u0259l\u0259rd\u0259 m\u0259nfi r\u0259y yazanlarla ba\u011fl\u0131 bunlar\u0131 deyib:<\/p>\n\n\n\n<p>\u201cT\u0259nqid \u00fc\u00e7\u00fcn \u00fcr\u0259yim gedir. \u00c7\u00fcnki t\u0259nqid insan\u0131 inki\u015fafa apar\u0131r. \u00d6lm\u0259z b\u0259st\u0259kar\u0131m\u0131z Qara Qarayev deyib ki, t\u0259nqid ed\u0259nl\u0259ri q\u0131z\u0131l axtaranlara b\u0259nz\u0259dir. T\u0259nqid\u00e7il\u0259r s\u00fcbut ed\u0259c\u0259k d\u0259r\u0259c\u0259d\u0259 t\u0259nqid etm\u0259yi bacarmal\u0131d\u0131rlar. Ail\u0259 t\u0259rbiy\u0259si, m\u0259kt\u0259b partas\u0131, auditoriya g\u00f6rm\u0259y\u0259n, \u0259lini, \u00fcz\u00fcn\u00fc, di\u015fini yumayan, ayaqqab\u0131 g\u00f6rm\u0259yib k\u00fc\u00e7\u0259l\u0259rd\u0259 \u201cvyetnamka\u201d il\u0259 g\u0259z\u0259n s\u0259n\u0259 sosial \u015f\u0259b\u0259k\u0259d\u0259 \u015f\u0259rh yaz\u0131r ki, bunu b\u0259y\u0259nmir\u0259m&#8230; O, t\u0259nqid\u00e7i deyil. Musiqimiz\u0259, mentalitetimiz\u0259 t\u0259hqirdir. Konservatoriyada musiqi\u00e7il\u0259r ayr\u0131, t\u0259nqid\u00e7il\u0259r ayr\u0131d\u0131r. T\u0259nqid\u00e7il\u0259rin qar\u015f\u0131s\u0131nda biz hans\u0131sa bir \u0259s\u0259ri ifa ed\u0259nd\u0259 birinci g\u00f6zl\u0259yirik ki, bizi t\u0259nqid etsinl\u0259r. T\u0259nqidin \u0259sas\u0131nda is\u0259 biz inki\u015fafa do\u011fru gedirik\u201d. \/ Olay.az<\/p>\n\n\n\n<figure class=\"wp-block-image\"><img decoding=\"async\" src=\"https:\/\/olay.az\/uploads\/posts\/2024-05\/kjlgjklkjl.webp\" alt=\"\" title=\"\"><\/figure>\n","protected":false},"excerpt":{"rendered":"<p>\u018fm\u0259kdar artist Elza Seyidcahan onu t\u0259nqid ed\u0259nl\u0259rd\u0259n dan\u0131\u015f\u0131b. \u201cQonaqcanl\u0131\u201d proqram\u0131nda qonaq olan s\u0259n\u0259t\u00e7i ona sosial \u015f\u0259b\u0259k\u0259l\u0259rd\u0259 m\u0259nfi r\u0259y yazanlarla ba\u011fl\u0131 bunlar\u0131 deyib: \u201cT\u0259nqid \u00fc\u00e7\u00fcn \u00fcr\u0259yim gedir. \u00c7\u00fcnki t\u0259nqid insan\u0131 inki\u015fafa apar\u0131r. \u00d6lm\u0259z b\u0259st\u0259kar\u0131m\u0131z Qara Qarayev deyib ki, t\u0259nqid ed\u0259nl\u0259ri q\u0131z\u0131l axtaranlara b\u0259nz\u0259dir. T\u0259nqid\u00e7il\u0259r s\u00fcbut ed\u0259c\u0259k d\u0259r\u0259c\u0259d\u0259 t\u0259nqid etm\u0259yi bacarmal\u0131d\u0131rlar. Ail\u0259 t\u0259rbiy\u0259si, m\u0259kt\u0259b partas\u0131, auditoriya g\u00f6rm\u0259y\u0259n, &hellip;<\/p>\n","protected":false},"author":1,"featured_media":11899,"comment_status":"open","ping_status":"closed","sticky":false,"template":"","format":"standard","meta":{"footnotes":""},"categories":[6,8],"tags":[],"class_list":["post-11898","post","type-post","status-publish","format-standard","has-post-thumbnail","hentry","category-maqazin","category-maraqli"],"_links":{"self":[{"href":"https:\/\/millitv.net\/index.php?rest_route=\/wp\/v2\/posts\/11898","targetHints":{"allow":["GET"]}}],"collection":[{"href":"https:\/\/millitv.net\/index.php?rest_route=\/wp\/v2\/posts"}],"about":[{"href":"https:\/\/millitv.net\/index.php?rest_route=\/wp\/v2\/types\/post"}],"author":[{"embeddable":true,"href":"https:\/\/millitv.net\/index.php?rest_route=\/wp\/v2\/users\/1"}],"replies":[{"embeddable":true,"href":"https:\/\/millitv.net\/index.php?rest_route=%2Fwp%2Fv2%2Fcomments&post=11898"}],"version-history":[{"count":1,"href":"https:\/\/millitv.net\/index.php?rest_route=\/wp\/v2\/posts\/11898\/revisions"}],"predecessor-version":[{"id":11900,"href":"https:\/\/millitv.net\/index.php?rest_route=\/wp\/v2\/posts\/11898\/revisions\/11900"}],"wp:featuredmedia":[{"embeddable":true,"href":"https:\/\/millitv.net\/index.php?rest_route=\/wp\/v2\/media\/11899"}],"wp:attachment":[{"href":"https:\/\/millitv.net\/index.php?rest_route=%2Fwp%2Fv2%2Fmedia&parent=11898"}],"wp:term":[{"taxonomy":"category","embeddable":true,"href":"https:\/\/millitv.net\/index.php?rest_route=%2Fwp%2Fv2%2Fcategories&post=11898"},{"taxonomy":"post_tag","embeddable":true,"href":"https:\/\/millitv.net\/index.php?rest_route=%2Fwp%2Fv2%2Ftags&post=11898"}],"curies":[{"name":"wp","href":"https:\/\/api.w.org\/{rel}","templated":true}]}}