{"id":11866,"date":"2024-07-28T07:00:00","date_gmt":"2024-07-28T07:00:00","guid":{"rendered":"https:\/\/millitv.net\/?p=11866"},"modified":"2024-07-29T19:27:04","modified_gmt":"2024-07-29T19:27:04","slug":"yazirlar-ki-qoca-n%C9%99n%C9%99s%C9%99n-niy%C9%99-soyunursan-m%C9%99nim-cox-goz%C9%99l-s%C9%99sim-vucudum-v%C9%99-goruntum-var","status":"publish","type":"post","link":"https:\/\/millitv.net\/?p=11866","title":{"rendered":"\u201cYaz\u0131rlar ki, \u201cqoca n\u0259n\u0259s\u0259n, niy\u0259 soyunursan?\u201d &#8211; M\u0259nim \u00e7ox g\u00f6z\u0259l v\u00fccudum v\u0259 g\u00f6r\u00fcnt\u00fcm var"},"content":{"rendered":"\n<p>\u201cAz\u0259rbaycan televiziyalar\u0131n\u0131n indiki d\u00f6vr\u00fc \u0259n yax\u015f\u0131 d\u00f6vrd\u00fcr. Amma zaman\u0131nda \u00f6zba\u015fnal\u0131q vard\u0131. H\u0259m pul ke\u00e7irdi h\u0259m d\u0259 \u201cb\u0259d\u0259n\u201d ke\u00e7irdi. O, \u201cb\u0259d\u0259n\u201d ke\u00e7\u0259n d\u00f6vrd\u0259 18 il m\u0259n\u0259 d\u0259 qada\u011fa qoyulub. Onlar m\u0259nd\u0259n \u201cb\u0259d\u0259n\u201d ist\u0259yirdil\u0259r. Televiziyalarda m\u00fc\u011f\u0259nnil\u0259rl\u0259 \u00e7ox s\u0259rb\u0259st davran\u0131\u015flar olurdu\u201d.\u00a0<br>Bu s\u00f6zl\u0259ri m\u00fc\u011f\u0259nni Roza Z\u0259rg\u0259rli qonaq oldu\u011fu \u201cH\u0259ft\u0259nin qona\u011f\u0131\u201d verili\u015find\u0259 deyib.\u00a0<br>Televiziya qada\u011fas\u0131n\u0131n 2018-ci ild\u0259 aradan qald\u0131r\u0131ld\u0131\u011f\u0131n\u0131 dil\u0259 g\u0259tir\u0259n s\u0259n\u0259t\u00e7i bildirib ki, izl\u0259yicil\u0259r onu televiziya s\u0259h\u0259sind\u0259 g\u00f6rd\u00fcy\u00fc i\u015fl\u0259r\u0259 g\u00f6r\u0259 yox, geyimin\u0259 v\u0259 b\u0259d\u0259n qurulu\u015funa g\u00f6r\u0259 qiym\u0259t veribl\u0259r: \u00a0<br>\u201c\u0130ndi \u00e7oxlar\u0131 deyir ki, Roza Z\u0259rg\u0259rlinin s\u0259n\u0259ti v\u0259 s\u0259si yoxdur. D\u00fcz deyirsiniz! \u00c7\u00fcnki zaman\u0131nda \u201cpodstilka\u201d( ona fayda ver\u0259n ki\u015fil\u0259rl\u0259 yatan qad\u0131n \u2013 red.) olmam\u0131\u015fam ki, siz m\u0259ni televiziyada vaxt\u0131nda tan\u0131yas\u0131n\u0131z. Siz Rozan\u0131 \u201cMa\u015f\u0131n\u201d \u015founun vaxt\u0131ndan tan\u0131d\u0131n\u0131z. Siz onu tan\u0131d\u0131n\u0131z \u201cBak\u0131 vaxt\u0131 il\u0259&#8230;\u201d verili\u015finin d\u00f6vr\u00fcnd\u0259n. Sonra da etdiyi xeyirxah i\u015fl\u0259rl\u0259&#8230;\u00a0<br>M\u0259nim 18 illik televiziya qada\u011fam, bu is\u0259 2018-ci il\u0259 t\u0259sad\u00fcf edir, h\u0259qiq\u0259t\u0259n d\u0259, s\u0259n\u0259t\u0259 d\u0259y\u0259r v\u0259 qiym\u0259t ver\u0259n \u0259sl televiziya insanlar\u0131 qald\u0131rd\u0131. M\u0259nim \u00e7ox g\u00f6z\u0259l s\u0259sim, v\u00fccudum v\u0259 g\u00f6r\u00fcnt\u00fcm var. Pop estrada m\u00fc\u011f\u0259nnisiy\u0259m v\u0259 buna g\u00f6r\u0259 d\u0259 ist\u0259diyim t\u0259rzd\u0259 geyinir\u0259m v\u0259 \u00f6z s\u0259n\u0259timi t\u0259bli\u011f edir\u0259m. Niy\u0259 el\u0259 siz, \u201csi\u00e7ovul\u201d kimi yazanlar&#8230; \u00a0Haqq\u0131mda yaz\u0131rs\u0131n\u0131z ki, \u201cQoca n\u0259n\u0259dir niy\u0259 soyunub?\u201d M\u0259n kombinizon geyin\u0259nd\u0259 izl\u0259yicil\u0259r yaz\u0131llar ki, \u201cRoza soyundu\u201d. Halbuki, m\u0259n geyimliy\u0259m. M\u0259n h\u0259cmli, h\u00fcnd\u00fcr, iri v\u0259 \u201c\u015faqqall\u0131\u201d qad\u0131nam. Ona g\u00f6r\u0259 d\u0259 ham\u0131n\u0131n g\u00f6z\u00fcn\u0259 girir\u0259m\u201d.<\/p>\n","protected":false},"excerpt":{"rendered":"<p>\u201cAz\u0259rbaycan televiziyalar\u0131n\u0131n indiki d\u00f6vr\u00fc \u0259n yax\u015f\u0131 d\u00f6vrd\u00fcr. Amma zaman\u0131nda \u00f6zba\u015fnal\u0131q vard\u0131. H\u0259m pul ke\u00e7irdi h\u0259m d\u0259 \u201cb\u0259d\u0259n\u201d ke\u00e7irdi. O, \u201cb\u0259d\u0259n\u201d ke\u00e7\u0259n d\u00f6vrd\u0259 18 il m\u0259n\u0259 d\u0259 qada\u011fa qoyulub. Onlar m\u0259nd\u0259n \u201cb\u0259d\u0259n\u201d ist\u0259yirdil\u0259r. Televiziyalarda m\u00fc\u011f\u0259nnil\u0259rl\u0259 \u00e7ox s\u0259rb\u0259st davran\u0131\u015flar olurdu\u201d.\u00a0Bu s\u00f6zl\u0259ri m\u00fc\u011f\u0259nni Roza Z\u0259rg\u0259rli qonaq oldu\u011fu \u201cH\u0259ft\u0259nin qona\u011f\u0131\u201d verili\u015find\u0259 deyib.\u00a0Televiziya qada\u011fas\u0131n\u0131n 2018-ci ild\u0259 aradan qald\u0131r\u0131ld\u0131\u011f\u0131n\u0131 dil\u0259 g\u0259tir\u0259n &hellip;<\/p>\n","protected":false},"author":1,"featured_media":11867,"comment_status":"open","ping_status":"closed","sticky":false,"template":"","format":"standard","meta":{"footnotes":""},"categories":[8,6],"tags":[],"class_list":["post-11866","post","type-post","status-publish","format-standard","has-post-thumbnail","hentry","category-maraqli","category-maqazin"],"_links":{"self":[{"href":"https:\/\/millitv.net\/index.php?rest_route=\/wp\/v2\/posts\/11866","targetHints":{"allow":["GET"]}}],"collection":[{"href":"https:\/\/millitv.net\/index.php?rest_route=\/wp\/v2\/posts"}],"about":[{"href":"https:\/\/millitv.net\/index.php?rest_route=\/wp\/v2\/types\/post"}],"author":[{"embeddable":true,"href":"https:\/\/millitv.net\/index.php?rest_route=\/wp\/v2\/users\/1"}],"replies":[{"embeddable":true,"href":"https:\/\/millitv.net\/index.php?rest_route=%2Fwp%2Fv2%2Fcomments&post=11866"}],"version-history":[{"count":2,"href":"https:\/\/millitv.net\/index.php?rest_route=\/wp\/v2\/posts\/11866\/revisions"}],"predecessor-version":[{"id":14340,"href":"https:\/\/millitv.net\/index.php?rest_route=\/wp\/v2\/posts\/11866\/revisions\/14340"}],"wp:featuredmedia":[{"embeddable":true,"href":"https:\/\/millitv.net\/index.php?rest_route=\/wp\/v2\/media\/11867"}],"wp:attachment":[{"href":"https:\/\/millitv.net\/index.php?rest_route=%2Fwp%2Fv2%2Fmedia&parent=11866"}],"wp:term":[{"taxonomy":"category","embeddable":true,"href":"https:\/\/millitv.net\/index.php?rest_route=%2Fwp%2Fv2%2Fcategories&post=11866"},{"taxonomy":"post_tag","embeddable":true,"href":"https:\/\/millitv.net\/index.php?rest_route=%2Fwp%2Fv2%2Ftags&post=11866"}],"curies":[{"name":"wp","href":"https:\/\/api.w.org\/{rel}","templated":true}]}}