{"id":11818,"date":"2024-05-14T15:36:06","date_gmt":"2024-05-14T15:36:06","guid":{"rendered":"https:\/\/millitv.net\/?p=11818"},"modified":"2024-05-14T15:36:08","modified_gmt":"2024-05-14T15:36:08","slug":"onlara-x%C9%99b%C9%99rdarliq-edildi-niy%C9%99-vecl%C9%99rin%C9%99-almadilar-tv-r%C9%99hb%C9%99rl%C9%99ri-sok-iddia","status":"publish","type":"post","link":"https:\/\/millitv.net\/?p=11818","title":{"rendered":"Onlara x\u0259b\u0259rdarl\u0131q edildi: Niy\u0259 vecl\u0259rin\u0259 almad\u0131lar? &#8211; TV r\u0259hb\u0259rl\u0259ri\u2026 &#8211; \u015eOK \u0130DD\u0130A"},"content":{"rendered":"\n<p>T\u0259qrib\u0259n 2 ay \u00f6nc\u0259 Prezident Administrasiyas\u0131 t\u0259\u0259rfind\u0259n ATV, X\u018fZ\u018fR, ARB v\u0259 SPACE telekanallar\u0131n\u0131n r\u0259hb\u0259rl\u0259rin\u0259 kanalda yay\u0131mlanan b\u0259zi verli\u015fl\u0259rl\u0259 ba\u011fl\u0131 x\u0259b\u0259rdarl\u0131q edildiyi deyildi.&nbsp;<\/p>\n\n\n\n<p>Qeyd edildi ki, ictimai naraz\u0131l\u0131q v\u0259 narahatl\u0131q do\u011furan &#8220;Biziml\u0259s\u0259n\u201d, &#8220;Elgizl\u0259 izl\u0259\u201d, &#8220;S\u0259ni axtar\u0131ram\u201d, &#8220;H\u0259min Zaur\u201d, &#8220;G\u0259l dan\u0131\u015f\u201d, &#8220;Yax\u015f\u0131l\u0131\u011fa do\u011fru\u201d kimi verili\u015fl\u0259r son ill\u0259r teleradio m\u0259kan\u0131n\u0131n inki\u015faf\u0131 sah\u0259sind\u0259 \u0259ld\u0259 olunmu\u015f u\u011furlara ciddi k\u00f6lg\u0259 sal\u0131r.&nbsp;<\/p>\n\n\n\n<p>Telekanallar\u0131n reytinq yar\u0131\u015f\u0131nda etik qaydalar\u0131n pozuldu\u011fu, milli-m\u0259n\u0259vi d\u0259y\u0259rl\u0259rimiz\u0259 x\u0259l\u0259l g\u0259tirildiyi, insanlar\u0131n \u015f\u0259xsi h\u0259yat\u0131na kobud m\u00fcdaxil\u0259l\u0259rin yol verildiyi bildiril\u0259r\u0259k \u0259n q\u0131sa zamanda t\u0259dbir g\u00f6r\u00fclm\u0259si t\u0259l\u0259b olundu.<\/p>\n\n\n\n<p>Bundan sonra b\u0259zi verili\u015fl\u0259rin efir saat\u0131 2 saat, 30 d\u0259qiq\u0259 kimi aral\u0131qlarda azald\u0131ld\u0131.&nbsp;<\/p>\n\n\n\n<p>Buna baxmayaraq, verili\u015fl\u0259rin m\u0259zmununda h\u0259r hans\u0131 d\u0259yi\u015fiklik m\u00fc\u015fahid\u0259 olunmad\u0131.<\/p>\n\n\n\n<p>S\u00f6z\u00fcge\u0259n layih\u0259l\u0259rin r\u0259hb\u0259rl\u0259ri v\u0259 apar\u0131c\u0131lar\u0131 edil\u0259n x\u0259b\u0259rdarl\u0131qlardan niy\u0259 n\u0259tic\u0259 \u00e7\u0131xarmad\u0131lar?&nbsp;<\/p>\n\n\n\n<p>M\u0259s\u0259l\u0259 il\u0259 ba\u011fl\u0131 Yenisabah.az-a teleapar\u0131c\u0131 Kamran H\u0259s\u0259nli dan\u0131\u015f\u0131b.&nbsp;<\/p>\n\n\n\n<p>O, bu x\u0259b\u0259rdarl\u0131qlar\u0131n efird\u0259 ciddi d\u0259yi\u015fiklikl\u0259r\u0259 s\u0259b\u0259b olmad\u0131\u011f\u0131n\u0131 bildirib:&nbsp;<\/p>\n\n\n\n<p>\u201cM\u0259n televiziyaya baxm\u0131ram, amma bilir\u0259m ki, he\u00e7 bir d\u0259yi\u015fiklik yoxdur. \u00c7\u00fcnki sosial \u015f\u0259b\u0259k\u0259l\u0259r\u0259 insanlar\u0131n naraz\u0131l\u0131\u011f\u0131 davam edir. Efiri o hala salan televiziya r\u0259hb\u0259rin\u0259 x\u0259b\u0259rdarl\u0131q edib n\u0259yis\u0259 d\u0259yi\u015fm\u0259yini g\u00f6zl\u0259m\u0259k \u00e7ox g\u00fclm\u0259lidir. O efiri bu c\u00fcr hala salan zat\u0259n el\u0259 h\u0259min adamlard\u0131r. Televiziya r\u0259hb\u0259rl\u0259rinin h\u0259yata bax\u0131\u015f\u0131 bu c\u00fcr verili\u015fl\u0259rd\u0259n ibar\u0259tdir, o he\u00e7 n\u0259yi d\u0259yi\u015f\u0259 bilm\u0259z. Efird\u0259 n\u0259 g\u00f6r\u00fcrs\u00fcn\u00fczs\u0259, o, bizim telekanal r\u0259hb\u0259rl\u0259rinin orqanik g\u00f6r\u00fcnt\u00fcs\u00fcd\u00fcr.&nbsp;<\/p>\n\n\n\n<p>M\u0259n bunu pe\u015f\u0259kar, h\u0259min fabrikin i\u00e7ind\u0259n \u00e7\u0131xan biri kimi deyir\u0259m, m\u0259n 25 il bu sah\u0259d\u0259 olmu\u015fam. B\u0259z\u0259n iclaslarda televiziya r\u0259hb\u0259rl\u0259ri deyir ki, el\u0259 bilirsiniz m\u0259n bel\u0259 adama, yox, \u00e7ox intellektualam filan. Lakin bel\u0259 deyil, iki k\u0259lm\u0259 dan\u0131\u015f\u0131rsan, g\u00f6r\u00fcrs\u0259n ki, el\u0259 h\u0259min verili\u015fl\u0259rin s\u0259viyy\u0259sind\u0259dirl\u0259r. Televiziya r\u0259hb\u0259ri \u00f6z\u00fc kimi kollektivi y\u0131\u011f\u0131r \u0259traf\u0131na v\u0259 ancaq pul yem\u0259kl\u0259 m\u0259\u015f\u011fuldurlar.&nbsp;<\/p>\n\n\n\n<p>Pul yem\u0259k \u00fc\u00e7\u00fcn d\u0259 m\u00fctl\u0259q g\u0259r\u0259k a\u015fa\u011f\u0131 t\u0259b\u0259q\u0259y\u0259 k\u0259ll\u0259 vurasan. \u00c7\u00fcnki normal d\u00fc\u015f\u00fcnc\u0259li insan pul verib televiziyaya \u00e7\u0131xmaz. Ona g\u00f6r\u0259 d\u0259 b\u00fct\u00fcn istedadlar, intellektual insanlar qal\u0131b k\u0259narda.&nbsp;<\/p>\n\n\n\n<p>Kim n\u0259 c\u00fcr ya\u015fay\u0131rsa, televiziya kanal\u0131n\u0131 da ona d\u00f6nd\u0259rir. \u0259g\u0259r o insanlar\u0131n \u00f6zl\u0259ri televiziya r\u0259hb\u0259rliyind\u0259n \u00e7\u0131xar\u0131lmasa, he\u00e7 bir d\u0259yi\u015fiklik olmayacaq. Konsepti yaln\u0131z normal d\u00fc\u015f\u00fcnc\u0259d\u0259 olan biri d\u0259yi\u015f\u0259 bil\u0259r\u201d.<\/p>\n","protected":false},"excerpt":{"rendered":"<p>T\u0259qrib\u0259n 2 ay \u00f6nc\u0259 Prezident Administrasiyas\u0131 t\u0259\u0259rfind\u0259n ATV, X\u018fZ\u018fR, ARB v\u0259 SPACE telekanallar\u0131n\u0131n r\u0259hb\u0259rl\u0259rin\u0259 kanalda yay\u0131mlanan b\u0259zi verli\u015fl\u0259rl\u0259 ba\u011fl\u0131 x\u0259b\u0259rdarl\u0131q edildiyi deyildi.&nbsp; Qeyd edildi ki, ictimai naraz\u0131l\u0131q v\u0259 narahatl\u0131q do\u011furan &#8220;Biziml\u0259s\u0259n\u201d, &#8220;Elgizl\u0259 izl\u0259\u201d, &#8220;S\u0259ni axtar\u0131ram\u201d, &#8220;H\u0259min Zaur\u201d, &#8220;G\u0259l dan\u0131\u015f\u201d, &#8220;Yax\u015f\u0131l\u0131\u011fa do\u011fru\u201d kimi verili\u015fl\u0259r son ill\u0259r teleradio m\u0259kan\u0131n\u0131n inki\u015faf\u0131 sah\u0259sind\u0259 \u0259ld\u0259 olunmu\u015f u\u011furlara ciddi k\u00f6lg\u0259 sal\u0131r.&nbsp; &hellip;<\/p>\n","protected":false},"author":1,"featured_media":11819,"comment_status":"open","ping_status":"closed","sticky":false,"template":"","format":"standard","meta":{"footnotes":""},"categories":[1],"tags":[],"class_list":["post-11818","post","type-post","status-publish","format-standard","has-post-thumbnail","hentry","category-idman"],"_links":{"self":[{"href":"https:\/\/millitv.net\/index.php?rest_route=\/wp\/v2\/posts\/11818","targetHints":{"allow":["GET"]}}],"collection":[{"href":"https:\/\/millitv.net\/index.php?rest_route=\/wp\/v2\/posts"}],"about":[{"href":"https:\/\/millitv.net\/index.php?rest_route=\/wp\/v2\/types\/post"}],"author":[{"embeddable":true,"href":"https:\/\/millitv.net\/index.php?rest_route=\/wp\/v2\/users\/1"}],"replies":[{"embeddable":true,"href":"https:\/\/millitv.net\/index.php?rest_route=%2Fwp%2Fv2%2Fcomments&post=11818"}],"version-history":[{"count":1,"href":"https:\/\/millitv.net\/index.php?rest_route=\/wp\/v2\/posts\/11818\/revisions"}],"predecessor-version":[{"id":11820,"href":"https:\/\/millitv.net\/index.php?rest_route=\/wp\/v2\/posts\/11818\/revisions\/11820"}],"wp:featuredmedia":[{"embeddable":true,"href":"https:\/\/millitv.net\/index.php?rest_route=\/wp\/v2\/media\/11819"}],"wp:attachment":[{"href":"https:\/\/millitv.net\/index.php?rest_route=%2Fwp%2Fv2%2Fmedia&parent=11818"}],"wp:term":[{"taxonomy":"category","embeddable":true,"href":"https:\/\/millitv.net\/index.php?rest_route=%2Fwp%2Fv2%2Fcategories&post=11818"},{"taxonomy":"post_tag","embeddable":true,"href":"https:\/\/millitv.net\/index.php?rest_route=%2Fwp%2Fv2%2Ftags&post=11818"}],"curies":[{"name":"wp","href":"https:\/\/api.w.org\/{rel}","templated":true}]}}