{"id":11807,"date":"2024-06-05T10:19:00","date_gmt":"2024-06-05T10:19:00","guid":{"rendered":"https:\/\/millitv.net\/?p=11807"},"modified":"2024-06-07T04:40:58","modified_gmt":"2024-06-07T04:40:58","slug":"56-yasli-xalq-artisti-mini-geyindi-gob%C9%99yini-acdi-video","status":"publish","type":"post","link":"https:\/\/millitv.net\/?p=11807","title":{"rendered":"56 ya\u015fl\u0131 xalq artisti mini geyindi, g\u00f6b\u0259yini a\u00e7d\u0131 &#8211; V\u0130DEO"},"content":{"rendered":"\n<p>Xalq artisti M\u0259leyk\u0259 \u018fs\u0259dova bu d\u0259f\u0259 geyim t\u0259rzi il\u0259 g\u00fcnd\u0259m\u0259 g\u0259lib.<\/p>\n\n\n\n<p>\u0130stirah\u0259td\u0259 olan s\u0259n\u0259t\u00e7i \u015f\u0259xsi &#8220;Instagram&#8221; hesab\u0131nda yeni g\u00f6r\u00fcnt\u00fcl\u0259rini yay\u0131mlay\u0131b. Q\u0259b\u0259l\u0259d\u0259 dinc\u0259l\u0259n Xalq artisti bu d\u0259f\u0259 geyimi il\u0259 diqq\u0259t \u00e7\u0259kib.<\/p>\n\n\n\n<p>Bel\u0259 ki, ad\u0259t\u0259n a\u00e7\u0131q-sa\u00e7\u0131q geyiml\u0259r\u0259 \u00fcst\u00fcnl\u00fck verm\u0259y\u0259n aktrisa g\u00f6b\u0259yia\u00e7\u0131q geyimd\u0259 g\u00f6r\u00fcnt\u00fcl\u0259nib.<\/p>\n\n\n\n<p>56 ya\u015fl\u0131 \u018fs\u0259dovan\u0131n imici m\u00fczakir\u0259l\u0259r\u0259 s\u0259b\u0259b olub. Onun g\u00f6r\u00fcnt\u00fcl\u0259ri sosial \u015f\u0259b\u0259k\u0259 istifad\u0259\u00e7il\u0259ri t\u0259r\u0259find\u0259n b\u0259y\u0259nilib, izl\u0259yicil\u0259ri aktrisan\u0131n ya\u015f\u0131ndan \u00e7ox g\u0259nc g\u00f6r\u00fcnd\u00fcy\u00fcn\u00fc bildiribl\u0259r. T\u0259nqid ed\u0259nl\u0259r d\u0259 olub. \/ Sfera.az<\/p>\n\n\n\n<p><a href=\"https:\/\/newstube.az\/embed\/155518\" target=\"_blank\" rel=\"noopener\">https:\/\/newstube.az\/embed\/155518<\/a><\/p>\n","protected":false},"excerpt":{"rendered":"<p>Xalq artisti M\u0259leyk\u0259 \u018fs\u0259dova bu d\u0259f\u0259 geyim t\u0259rzi il\u0259 g\u00fcnd\u0259m\u0259 g\u0259lib. \u0130stirah\u0259td\u0259 olan s\u0259n\u0259t\u00e7i \u015f\u0259xsi &#8220;Instagram&#8221; hesab\u0131nda yeni g\u00f6r\u00fcnt\u00fcl\u0259rini yay\u0131mlay\u0131b. Q\u0259b\u0259l\u0259d\u0259 dinc\u0259l\u0259n Xalq artisti bu d\u0259f\u0259 geyimi il\u0259 diqq\u0259t \u00e7\u0259kib. Bel\u0259 ki, ad\u0259t\u0259n a\u00e7\u0131q-sa\u00e7\u0131q geyiml\u0259r\u0259 \u00fcst\u00fcnl\u00fck verm\u0259y\u0259n aktrisa g\u00f6b\u0259yia\u00e7\u0131q geyimd\u0259 g\u00f6r\u00fcnt\u00fcl\u0259nib. 56 ya\u015fl\u0131 \u018fs\u0259dovan\u0131n imici m\u00fczakir\u0259l\u0259r\u0259 s\u0259b\u0259b olub. Onun g\u00f6r\u00fcnt\u00fcl\u0259ri sosial \u015f\u0259b\u0259k\u0259 istifad\u0259\u00e7il\u0259ri t\u0259r\u0259find\u0259n b\u0259y\u0259nilib, &hellip;<\/p>\n","protected":false},"author":1,"featured_media":11808,"comment_status":"open","ping_status":"closed","sticky":false,"template":"","format":"standard","meta":{"footnotes":""},"categories":[6,8],"tags":[],"class_list":["post-11807","post","type-post","status-publish","format-standard","has-post-thumbnail","hentry","category-maqazin","category-maraqli"],"_links":{"self":[{"href":"https:\/\/millitv.net\/index.php?rest_route=\/wp\/v2\/posts\/11807","targetHints":{"allow":["GET"]}}],"collection":[{"href":"https:\/\/millitv.net\/index.php?rest_route=\/wp\/v2\/posts"}],"about":[{"href":"https:\/\/millitv.net\/index.php?rest_route=\/wp\/v2\/types\/post"}],"author":[{"embeddable":true,"href":"https:\/\/millitv.net\/index.php?rest_route=\/wp\/v2\/users\/1"}],"replies":[{"embeddable":true,"href":"https:\/\/millitv.net\/index.php?rest_route=%2Fwp%2Fv2%2Fcomments&post=11807"}],"version-history":[{"count":1,"href":"https:\/\/millitv.net\/index.php?rest_route=\/wp\/v2\/posts\/11807\/revisions"}],"predecessor-version":[{"id":11809,"href":"https:\/\/millitv.net\/index.php?rest_route=\/wp\/v2\/posts\/11807\/revisions\/11809"}],"wp:featuredmedia":[{"embeddable":true,"href":"https:\/\/millitv.net\/index.php?rest_route=\/wp\/v2\/media\/11808"}],"wp:attachment":[{"href":"https:\/\/millitv.net\/index.php?rest_route=%2Fwp%2Fv2%2Fmedia&parent=11807"}],"wp:term":[{"taxonomy":"category","embeddable":true,"href":"https:\/\/millitv.net\/index.php?rest_route=%2Fwp%2Fv2%2Fcategories&post=11807"},{"taxonomy":"post_tag","embeddable":true,"href":"https:\/\/millitv.net\/index.php?rest_route=%2Fwp%2Fv2%2Ftags&post=11807"}],"curies":[{"name":"wp","href":"https:\/\/api.w.org\/{rel}","templated":true}]}}