{"id":11778,"date":"2024-07-29T15:59:00","date_gmt":"2024-07-29T15:59:00","guid":{"rendered":"https:\/\/millitv.net\/?p=11778"},"modified":"2024-07-30T19:40:43","modified_gmt":"2024-07-30T19:40:43","slug":"23-gund%C9%99-800-manati-kecm%C9%99lidir-az%C9%99rbaycanda-maaslarla-bagli-sok-yenilik","status":"publish","type":"post","link":"https:\/\/millitv.net\/?p=11778","title":{"rendered":"&#8220;23 g\u00fcnd\u0259 800 manat\u0131 ke\u00e7m\u0259lidir&#8221;\u00a0&#8211; Az\u0259rbaycanda maa\u015flarla ba\u011fl\u0131 \u015fok yenilik"},"content":{"rendered":"\n<p><strong>Az\u0259rbaycanda ayl\u0131q minimum \u0259m\u0259khaqq\u0131 saatl\u0131q minimum \u0259m\u0259khaqq\u0131 il\u0259 \u0259v\u0259z edil\u0259 bil\u0259r. Bu, D\u00fcnya Bank\u0131 Qrupunun \u201cBusiness Ready\u201d hesabat\u0131n\u0131n \u201c\u0130\u015f\u00e7i q\u00fcvv\u0259si\u201d indikatoru il\u0259 ba\u011fl\u0131 m\u00fcvafiq sah\u0259d\u0259 t\u0259kmill\u0259\u015fm\u0259l\u0259rin v\u0259 kommunikasiyan\u0131n h\u0259yata ke\u00e7irilm\u0259sin\u0259 dair 2024-c\u00fc il \u00fczr\u0259 Yol X\u0259rit\u0259sind\u0259 \u00f6z \u0259ksini tap\u0131b. \u018fm\u0259k v\u0259 \u018fhalinin Sosial M\u00fcdafi\u0259si Nazirliyin\u0259 bu il iyulun 1-d\u0259k ayl\u0131q minimum \u0259m\u0259khaqq\u0131n\u0131n saatl\u0131q minimum \u0259m\u0259khaqq\u0131 il\u0259 \u0259v\u0259z edilm\u0259si il\u0259 ba\u011fl\u0131 t\u0259klifl\u0259ri haz\u0131rlamas\u0131 v\u0259 aidiyy\u0259ti \u00fczr\u0259 t\u0259qdim etm\u0259si tap\u015f\u0131r\u0131l\u0131b.<\/strong><\/p>\n\n\n\n<p>M\u0259s\u0259l\u0259 il\u0259 ba\u011fl\u0131 h\u00fcquq m\u00fcdafi\u0259\u00e7isi Sahib M\u0259mm\u0259dov\u00a0Demokrat.az-a a\u00e7\u0131qlama verib.<\/p>\n\n\n\n<p>O qeyd edib ki, bu, bir \u00e7ox \u00f6lk\u0259l\u0259rd\u0259 t\u0259tbiq olunan sosial normad\u0131r:<\/p>\n\n\n\n<figure class=\"wp-block-image\"><img decoding=\"async\" src=\"https:\/\/cdn.demokrat.az\/uploadedfiles\/custom\/2023\/11\/2\/1\/16c17132-236c-4fa5-b037-1a06576b5a17\/sahib.jpg\" alt=\"\" title=\"\"><\/figure>\n\n\n\n<p>\u201cX\u00fcsus\u0259n Avropa \u00f6lk\u0259l\u0259rind\u0259, AB\u015e-da v\u0259 &nbsp;ba\u015fqa \u00f6lk\u0259l\u0259rd\u0259 saatl\u0131q \u00f6d\u0259ni\u015f sistemi t\u0259tbiq olunur. H\u0259r \u00f6lk\u0259d\u0259 bu, f\u0259rqlidir. M\u0259s\u0259l\u0259n, el\u0259 \u00f6lk\u0259 var ki, orada bir saat\u0131 10 avro, el\u0259si d\u0259 var ki, 45 avrodur. B\u0259zi \u00f6lk\u0259l\u0259rd\u0259 bu m\u0259bl\u0259\u011f bir q\u0259d\u0259r a\u015fa\u011f\u0131d\u0131r. Az\u0259rbaycan da bu bar\u0259d\u0259 uzun ill\u0259rdir fikirl\u0259\u015fir. \u018fm\u0259k v\u0259 \u018fhalinin Sosial M\u00fcdafi\u0259si Nazirliyind\u0259 bu kimi &nbsp;t\u0259klifl\u0259rin haz\u0131rlanmas\u0131 il\u0259 ba\u011fl\u0131 i\u015fl\u0259rin getm\u0259sind\u0259n x\u0259b\u0259rim var. Amma n\u0259 vaxtsa t\u0259tbiq olunacaq, olunmayacaq, dey\u0259 bilm\u0259r\u0259m. \u018fg\u0259r bu g\u00fcn bir \u015f\u0259xs\u0259 saata 5 manat t\u0259yin olunsa, bu, 8 saata 40 manat edir. Dem\u0259li, 13 g\u00fcnd\u0259 400 manat, 23 g\u00fcnd\u0259 800 manat\u0131 ke\u00e7m\u0259lidir. Biz h\u0259l\u0259 ki buna haz\u0131r deyilik. M\u0259s\u0259l\u0259n, bunu 2 manat el\u0259m\u0259k olar ki, bu da kifay\u0259t q\u0259d\u0259r ki\u00e7ik r\u0259q\u0259mdir. H\u0259r halda bu bar\u0259d\u0259 fikirl\u0259\u015filir. \u018fm\u0259k v\u0259 \u018fhalinin Sosial M\u00fcdafi\u0259si Nazirliyind\u0259 biz d\u0259 \u0130ctimai \u015eura \u00fczv\u00fc olaraq ilkin qeyri-r\u0259smi m\u00fczakir\u0259l\u0259rd\u0259 i\u015ftirak etmi\u015fik. \u018fvv\u0259l-ax\u0131r Az\u0259rbaycan bu saatl\u0131q tarif sistemin\u0259 ke\u00e7\u0259c\u0259k. Amma n\u0259 vaxt olaca\u011f\u0131n\u0131 dem\u0259k m\u00fcmk\u00fcn deyil\u201d.<\/p>\n","protected":false},"excerpt":{"rendered":"<p>Az\u0259rbaycanda ayl\u0131q minimum \u0259m\u0259khaqq\u0131 saatl\u0131q minimum \u0259m\u0259khaqq\u0131 il\u0259 \u0259v\u0259z edil\u0259 bil\u0259r. Bu, D\u00fcnya Bank\u0131 Qrupunun \u201cBusiness Ready\u201d hesabat\u0131n\u0131n \u201c\u0130\u015f\u00e7i q\u00fcvv\u0259si\u201d indikatoru il\u0259 ba\u011fl\u0131 m\u00fcvafiq sah\u0259d\u0259 t\u0259kmill\u0259\u015fm\u0259l\u0259rin v\u0259 kommunikasiyan\u0131n h\u0259yata ke\u00e7irilm\u0259sin\u0259 dair 2024-c\u00fc il \u00fczr\u0259 Yol X\u0259rit\u0259sind\u0259 \u00f6z \u0259ksini tap\u0131b. \u018fm\u0259k v\u0259 \u018fhalinin Sosial M\u00fcdafi\u0259si Nazirliyin\u0259 bu il iyulun 1-d\u0259k ayl\u0131q minimum \u0259m\u0259khaqq\u0131n\u0131n saatl\u0131q minimum \u0259m\u0259khaqq\u0131 &hellip;<\/p>\n","protected":false},"author":1,"featured_media":11483,"comment_status":"open","ping_status":"closed","sticky":false,"template":"","format":"standard","meta":{"footnotes":""},"categories":[5,3],"tags":[],"class_list":["post-11778","post","type-post","status-publish","format-standard","has-post-thumbnail","hentry","category-iqtisadiyyat","category-olke"],"_links":{"self":[{"href":"https:\/\/millitv.net\/index.php?rest_route=\/wp\/v2\/posts\/11778","targetHints":{"allow":["GET"]}}],"collection":[{"href":"https:\/\/millitv.net\/index.php?rest_route=\/wp\/v2\/posts"}],"about":[{"href":"https:\/\/millitv.net\/index.php?rest_route=\/wp\/v2\/types\/post"}],"author":[{"embeddable":true,"href":"https:\/\/millitv.net\/index.php?rest_route=\/wp\/v2\/users\/1"}],"replies":[{"embeddable":true,"href":"https:\/\/millitv.net\/index.php?rest_route=%2Fwp%2Fv2%2Fcomments&post=11778"}],"version-history":[{"count":1,"href":"https:\/\/millitv.net\/index.php?rest_route=\/wp\/v2\/posts\/11778\/revisions"}],"predecessor-version":[{"id":11779,"href":"https:\/\/millitv.net\/index.php?rest_route=\/wp\/v2\/posts\/11778\/revisions\/11779"}],"wp:featuredmedia":[{"embeddable":true,"href":"https:\/\/millitv.net\/index.php?rest_route=\/wp\/v2\/media\/11483"}],"wp:attachment":[{"href":"https:\/\/millitv.net\/index.php?rest_route=%2Fwp%2Fv2%2Fmedia&parent=11778"}],"wp:term":[{"taxonomy":"category","embeddable":true,"href":"https:\/\/millitv.net\/index.php?rest_route=%2Fwp%2Fv2%2Fcategories&post=11778"},{"taxonomy":"post_tag","embeddable":true,"href":"https:\/\/millitv.net\/index.php?rest_route=%2Fwp%2Fv2%2Ftags&post=11778"}],"curies":[{"name":"wp","href":"https:\/\/api.w.org\/{rel}","templated":true}]}}