{"id":11764,"date":"2024-05-12T21:44:00","date_gmt":"2024-05-12T21:44:00","guid":{"rendered":"https:\/\/millitv.net\/?p=11764"},"modified":"2024-05-13T22:29:15","modified_gmt":"2024-05-13T22:29:15","slug":"dovl%C9%99t-nigar-camala-ev-verib-video","status":"publish","type":"post","link":"https:\/\/millitv.net\/?p=11764","title":{"rendered":"D\u00f6vl\u0259t Nigar Camala ev verib &#8211; V\u0130DEO"},"content":{"rendered":"\n<p>M\u00fc\u011f\u0259nni Nigar Camal ald\u0131\u011f\u0131 \u0259n bahal\u0131 h\u0259diyy\u0259d\u0259n dan\u0131\u015f\u0131b.<\/p>\n\n\n\n<p>Bu bar\u0259d\u0259 s\u0259n\u0259t\u00e7i qonaq oldu\u011fu \u201cG\u00fcnayl\u0131 g\u00fcn\u201d verili\u015find\u0259\u00a0dan\u0131\u015f\u0131b.\u00a0<\/p>\n\n\n\n<p>O bildirib ki, \u201cAvroviziya\u201dda qalib g\u0259ldikd\u0259n sonra d\u00f6vl\u0259t t\u0259r\u0259find\u0259n ona ev ba\u011f\u0131\u015flan\u0131b:<\/p>\n\n\n\n<p>\u201c\u0130ndiy\u0259 kimi \u0259n bahal\u0131 h\u0259diyy\u0259m ev olub. Q\u0259l\u0259b\u0259 qazand\u0131qdan sonra biz\u0259 ev verdil\u0259r\u201d.<\/p>\n\n\n\n<p>Qeyd ed\u0259k ki, Nigar Camal v\u0259 Eldar Qas\u0131mov Az\u0259rbaycan\u0131 2011-ci ild\u0259 \u201cAvroviziya\u201d mahn\u0131 m\u00fcsabiq\u0259sind\u0259 t\u0259msil edibl\u0259r. Onlar \u00f6lk\u0259miz\u0259 q\u0259l\u0259b\u0259 il\u0259 qay\u0131d\u0131blar. \/ oxu.az<\/p>\n\n\n\n<p><a href=\"https:\/\/baku.tv\/embed\/137053\" target=\"_blank\" rel=\"noopener\">https:\/\/baku.tv\/embed\/137053<\/a><\/p>\n","protected":false},"excerpt":{"rendered":"<p>M\u00fc\u011f\u0259nni Nigar Camal ald\u0131\u011f\u0131 \u0259n bahal\u0131 h\u0259diyy\u0259d\u0259n dan\u0131\u015f\u0131b. Bu bar\u0259d\u0259 s\u0259n\u0259t\u00e7i qonaq oldu\u011fu \u201cG\u00fcnayl\u0131 g\u00fcn\u201d verili\u015find\u0259\u00a0dan\u0131\u015f\u0131b.\u00a0 O bildirib ki, \u201cAvroviziya\u201dda qalib g\u0259ldikd\u0259n sonra d\u00f6vl\u0259t t\u0259r\u0259find\u0259n ona ev ba\u011f\u0131\u015flan\u0131b: \u201c\u0130ndiy\u0259 kimi \u0259n bahal\u0131 h\u0259diyy\u0259m ev olub. Q\u0259l\u0259b\u0259 qazand\u0131qdan sonra biz\u0259 ev verdil\u0259r\u201d. Qeyd ed\u0259k ki, Nigar Camal v\u0259 Eldar Qas\u0131mov Az\u0259rbaycan\u0131 2011-ci ild\u0259 \u201cAvroviziya\u201d mahn\u0131 m\u00fcsabiq\u0259sind\u0259 &hellip;<\/p>\n","protected":false},"author":1,"featured_media":11765,"comment_status":"open","ping_status":"closed","sticky":false,"template":"","format":"standard","meta":{"footnotes":""},"categories":[6,3],"tags":[],"class_list":["post-11764","post","type-post","status-publish","format-standard","has-post-thumbnail","hentry","category-maqazin","category-olke"],"_links":{"self":[{"href":"https:\/\/millitv.net\/index.php?rest_route=\/wp\/v2\/posts\/11764","targetHints":{"allow":["GET"]}}],"collection":[{"href":"https:\/\/millitv.net\/index.php?rest_route=\/wp\/v2\/posts"}],"about":[{"href":"https:\/\/millitv.net\/index.php?rest_route=\/wp\/v2\/types\/post"}],"author":[{"embeddable":true,"href":"https:\/\/millitv.net\/index.php?rest_route=\/wp\/v2\/users\/1"}],"replies":[{"embeddable":true,"href":"https:\/\/millitv.net\/index.php?rest_route=%2Fwp%2Fv2%2Fcomments&post=11764"}],"version-history":[{"count":1,"href":"https:\/\/millitv.net\/index.php?rest_route=\/wp\/v2\/posts\/11764\/revisions"}],"predecessor-version":[{"id":11766,"href":"https:\/\/millitv.net\/index.php?rest_route=\/wp\/v2\/posts\/11764\/revisions\/11766"}],"wp:featuredmedia":[{"embeddable":true,"href":"https:\/\/millitv.net\/index.php?rest_route=\/wp\/v2\/media\/11765"}],"wp:attachment":[{"href":"https:\/\/millitv.net\/index.php?rest_route=%2Fwp%2Fv2%2Fmedia&parent=11764"}],"wp:term":[{"taxonomy":"category","embeddable":true,"href":"https:\/\/millitv.net\/index.php?rest_route=%2Fwp%2Fv2%2Fcategories&post=11764"},{"taxonomy":"post_tag","embeddable":true,"href":"https:\/\/millitv.net\/index.php?rest_route=%2Fwp%2Fv2%2Ftags&post=11764"}],"curies":[{"name":"wp","href":"https:\/\/api.w.org\/{rel}","templated":true}]}}