{"id":1171,"date":"2023-10-12T10:50:48","date_gmt":"2023-10-12T10:50:48","guid":{"rendered":"https:\/\/millinews.az\/xeber\/oxu-az-paytaxtin-nizami-rayonunda-abadliq-v%C9%99-yenid%C9%99nqurma-isl%C9%99ri-genis-vus%C9%99t-alib\/"},"modified":"2023-10-12T10:50:48","modified_gmt":"2023-10-12T10:50:48","slug":"oxu-az-paytaxtin-nizami-rayonunda-abadliq-v%C9%99-yenid%C9%99nqurma-isl%C9%99ri-genis-vus%C9%99t-alib","status":"publish","type":"post","link":"https:\/\/millitv.net\/?p=1171","title":{"rendered":"Millinews.az &#8211; Paytaxt\u0131n Nizami rayonunda abadl\u0131q v\u0259 yenid\u0259nqurma i\u015fl\u0259ri geni\u015f v\u00fcs\u0259t al\u0131b"},"content":{"rendered":"<p><img decoding=\"async\" src=\"https:\/\/cdn.oxu.az\/uploads\/W1siZiIsIjIwMjMvMTAvMTIvMTMvNDAvMjcvZTI5NTA4Y2QtZTgyYy00NWU3LWFkYTItMTdkMGI1YWZhY2JiL0ZvdG9KZXQgKDIpLmpwZyJdLFsicCIsImVuY29kZSIsImpwZyIsIi1xdWFsaXR5IDgwIl0sWyJwIiwidGh1bWIiLCI2MjB4NDY1XHUwMDNlIl1d?sha=b958b8266a345709\" alt=\"\" title=\"\"><\/p>\n<div>\n<p>Son ill\u0259r Bak\u0131 \u015f\u0259h\u0259rind\u0259, o c\u00fcml\u0259d\u0259n Nizami rayonunda abadl\u0131q v\u0259 yenid\u0259nqurma i\u015fl\u0259ri geni\u015f v\u00fcs\u0259t al\u0131b.<\/p>\n<p>Sakinl\u0259rin rahatl\u0131\u011f\u0131n\u0131n v\u0259 istirah\u0259tinin t\u0259\u015fkili m\u0259qs\u0259dil\u0259 yeni abad m\u0259h\u0259ll\u0259l\u0259r v\u0259 ya\u015f\u0131ll\u0131q zolaqlar\u0131 sal\u0131n\u0131r, im\u0259cilikl\u0259r t\u0259\u015fkil olunur. H\u0259yata ke\u00e7iril\u0259n yenid\u0259nqurma i\u015fl\u0259ri rayonun simas\u0131n\u0131 d\u0259yi\u015fm\u0259kl\u0259 b\u0259rab\u0259r, ekoloji v\u0259ziyy\u0259tinin yax\u015f\u0131la\u015fmas\u0131nda da m\u00fch\u00fcm rol oynay\u0131r.<\/p>\n<p><strong>Oxu.Az<\/strong> x\u0259b\u0259r verir ki, Prezident <strong>\u0130lham \u018fliyevin<\/strong> tikinti-quruculuq v\u0259 abadl\u0131q i\u015fl\u0259rinin g\u00fcn\u00fcn t\u0259l\u0259bl\u0259ri s\u0259viyy\u0259sind\u0259 apar\u0131lmas\u0131na dair g\u00f6st\u0259ri\u015f v\u0259 t\u00f6vsiy\u0259l\u0259rin\u0259 uy\u011fun olaraq rayon \u0259razisind\u0259 abadl\u0131q-quruculuq v\u0259 yenid\u0259nqurma i\u015fl\u0259ri rayon icra hakimiyy\u0259tinin diqq\u0259t m\u0259rk\u0259zind\u0259 saxlan\u0131l\u0131r.<\/p>\n<p>\u00d6t\u0259n ill\u0259r \u0259rzind\u0259 Nizami rayonu \u0259razisind\u0259 Heyd\u0259r \u018fliyev Fondunun vitse-prezidenti, \u0130DEA \u0130ctimai Birliyinin t\u0259sis\u00e7isi v\u0259 r\u0259hb\u0259ri <strong>Leyla \u018fliyevan\u0131n <\/strong>t\u0259\u015f\u0259bb\u00fcs\u00fc il\u0259 h\u0259yata ke\u00e7iril\u0259n \u201cBizim h\u0259y\u0259t\u201d layih\u0259si \u00e7\u0259r\u00e7iv\u0259sind\u0259 58 ya\u015fay\u0131\u015f binas\u0131n\u0131 \u0259hat\u0259 ed\u0259n 14 m\u0259h\u0259ll\u0259 yenil\u0259n\u0259r\u0259k sakinl\u0259rin istifad\u0259sin\u0259 verilib.<\/p>\n<p>2023-2024-c\u00fc ill\u0259r \u0259rzind\u0259 \u201cBizim h\u0259y\u0259t\u201d layih\u0259si \u00e7\u0259r\u00e7iv\u0259sind\u0259 31 ya\u015fay\u0131\u015f binas\u0131n\u0131 \u0259hat\u0259 ed\u0259n 5 m\u0259h\u0259ll\u0259nin abadla\u015fd\u0131r\u0131lmas\u0131 da n\u0259z\u0259rd\u0259 tutulub.<\/p>\n<p>Eyni zamanda, rayon \u0259razisind\u0259 apar\u0131lan abadl\u0131q-quruculuq i\u015fl\u0259ri \u00e7\u0259r\u00e7iv\u0259sind\u0259 10 \u00e7oxm\u0259rt\u0259b\u0259li ya\u015fay\u0131\u015f binas\u0131 olmaqla 3 m\u0259h\u0259ll\u0259d\u0259 v\u0259 onlar\u0131 \u0259hat\u0259 ed\u0259n k\u00fc\u00e7\u0259boyu \u0259razid\u0259 t\u0259mir-abadl\u0131q i\u015fl\u0259ri apar\u0131l\u0131r. H\u0259m\u00e7inin dam \u00f6rt\u00fckl\u0259ri, fasadlar\u0131 v\u0259 giri\u015fl\u0259rinin t\u0259mir\u0259 ehtiyac olan binalarda haz\u0131rl\u0131q i\u015fl\u0259rin\u0259 ba\u015flan\u0131l\u0131b.<\/p>\n<p>Rayonun Ke\u015fl\u0259 q\u0259s\u0259b\u0259sind\u0259 d\u0259 abadl\u0131q v\u0259 yenid\u0259nqurma i\u015fl\u0259ri davam etdirilib. Sabir v\u0259 Kamran \u018ffkari k\u00fc\u00e7\u0259l\u0259rind\u0259 yollar asfaltlan\u0131b, s\u0259kil\u0259r yarad\u0131l\u0131b, bord\u00fcrl\u0259r yenil\u0259nib, k\u00fc\u00e7\u0259boyunca yerl\u0259\u015f\u0259n ya\u015fay\u0131\u015f v\u0259 qeyri-ya\u015fay\u0131\u015f binalar\u0131n\u0131n fasadlar\u0131 t\u0259mir olunub.<\/p>\n<p>Q\u0259s\u0259b\u0259nin M\u0259tl\u0259b A\u011fayev k\u00fc\u00e7\u0259sind\u0259 elektrik t\u0259chizat\u0131n\u0131n daha da yax\u015f\u0131la\u015fd\u0131r\u0131lmas\u0131 m\u0259qs\u0259dil\u0259 yeni transformator m\u0259nt\u0259q\u0259sinin qura\u015fd\u0131r\u0131lmas\u0131na haz\u0131rl\u0131q i\u015fl\u0259ri gedir. Nizami Abdullayev v\u0259 Abdulla Mirz\u0259yev k\u00fc\u00e7\u0259l\u0259rinin bir hiss\u0259sind\u0259 yeni i\u015f\u0131q dir\u0259kl\u0259ri basd\u0131r\u0131laraq k\u00fc\u00e7\u0259l\u0259rin i\u015f\u0131qland\u0131r\u0131lmas\u0131 t\u0259min edilib v\u0259 i\u015fl\u0259r davam etdirilir.<\/p>\n<p>H\u0259yata ke\u00e7iril\u0259n abadl\u0131q-quruculuq v\u0259 yenid\u0259nqurma i\u015fl\u0259rind\u0259 rayonun t\u0259s\u0259rr\u00fcfat subyektl\u0259ri, ayr\u0131-ayr\u0131 idar\u0259, m\u00fc\u0259ssis\u0259 v\u0259 t\u0259\u015fkilatlarla yana\u015f\u0131, sakinl\u0259r d\u0259 yax\u0131ndan i\u015ftirak edirl\u0259r. Rayonda m\u00fct\u0259madi ke\u00e7iril\u0259n im\u0259cilikl\u0259r zaman\u0131 rayonun b\u00fct\u00fcn k\u00fc\u00e7\u0259 v\u0259 prospektl\u0259rind\u0259, m\u0259h\u0259ll\u0259l\u0259rd\u0259 s\u0259liq\u0259-sahman i\u015fl\u0259ri apar\u0131l\u0131r, a\u011fac v\u0259 dekorativ b\u0259z\u0259k kollar\u0131 \u0259kilir, m\u00f6vcud ya\u015f\u0131ll\u0131qlara aqrotexniki qulluq g\u00f6st\u0259rilir.<\/p>\n<p>Qeyd ed\u0259k ki, rayonun b\u00fct\u00fcn \u0259razisinin n\u00f6vb\u0259li \u015f\u0259kild\u0259 abadla\u015fd\u0131r\u0131lmas\u0131n\u0131n h\u0259yata ke\u00e7irilm\u0259si planla\u015fd\u0131r\u0131l\u0131r v\u0259 g\u00f6r\u00fcl\u0259c\u0259k i\u015fl\u0259r \u00e7\u0259r\u00e7iv\u0259sind\u0259 sakinl\u0259ri narahat ed\u0259n m\u0259s\u0259l\u0259l\u0259r \u00f6z h\u0259llini tapacaqd\u0131r.<\/p>\n<\/div>\n","protected":false},"excerpt":{"rendered":"<p>Son ill\u0259r Bak\u0131 \u015f\u0259h\u0259rind\u0259, o c\u00fcml\u0259d\u0259n Nizami rayonunda abadl\u0131q v\u0259 yenid\u0259nqurma i\u015fl\u0259ri geni\u015f v\u00fcs\u0259t al\u0131b. Sakinl\u0259rin rahatl\u0131\u011f\u0131n\u0131n v\u0259 istirah\u0259tinin t\u0259\u015fkili m\u0259qs\u0259dil\u0259 yeni abad m\u0259h\u0259ll\u0259l\u0259r v\u0259 ya\u015f\u0131ll\u0131q zolaqlar\u0131 sal\u0131n\u0131r, im\u0259cilikl\u0259r t\u0259\u015fkil olunur. H\u0259yata ke\u00e7iril\u0259n yenid\u0259nqurma i\u015fl\u0259ri rayonun simas\u0131n\u0131 d\u0259yi\u015fm\u0259kl\u0259 b\u0259rab\u0259r, ekoloji v\u0259ziyy\u0259tinin yax\u015f\u0131la\u015fmas\u0131nda da m\u00fch\u00fcm rol oynay\u0131r. Oxu.Az x\u0259b\u0259r verir ki, Prezident \u0130lham \u018fliyevin tikinti-quruculuq v\u0259 &hellip;<\/p>\n","protected":false},"author":1,"featured_media":1172,"comment_status":"open","ping_status":"closed","sticky":false,"template":"","format":"standard","meta":{"footnotes":""},"categories":[9],"tags":[],"class_list":["post-1171","post","type-post","status-publish","format-standard","has-post-thumbnail","hentry","category-xeber"],"_links":{"self":[{"href":"https:\/\/millitv.net\/index.php?rest_route=\/wp\/v2\/posts\/1171","targetHints":{"allow":["GET"]}}],"collection":[{"href":"https:\/\/millitv.net\/index.php?rest_route=\/wp\/v2\/posts"}],"about":[{"href":"https:\/\/millitv.net\/index.php?rest_route=\/wp\/v2\/types\/post"}],"author":[{"embeddable":true,"href":"https:\/\/millitv.net\/index.php?rest_route=\/wp\/v2\/users\/1"}],"replies":[{"embeddable":true,"href":"https:\/\/millitv.net\/index.php?rest_route=%2Fwp%2Fv2%2Fcomments&post=1171"}],"version-history":[{"count":0,"href":"https:\/\/millitv.net\/index.php?rest_route=\/wp\/v2\/posts\/1171\/revisions"}],"wp:featuredmedia":[{"embeddable":true,"href":"https:\/\/millitv.net\/index.php?rest_route=\/wp\/v2\/media\/1172"}],"wp:attachment":[{"href":"https:\/\/millitv.net\/index.php?rest_route=%2Fwp%2Fv2%2Fmedia&parent=1171"}],"wp:term":[{"taxonomy":"category","embeddable":true,"href":"https:\/\/millitv.net\/index.php?rest_route=%2Fwp%2Fv2%2Fcategories&post=1171"},{"taxonomy":"post_tag","embeddable":true,"href":"https:\/\/millitv.net\/index.php?rest_route=%2Fwp%2Fv2%2Ftags&post=1171"}],"curies":[{"name":"wp","href":"https:\/\/api.w.org\/{rel}","templated":true}]}}