{"id":11661,"date":"2024-06-12T07:21:00","date_gmt":"2024-06-12T07:21:00","guid":{"rendered":"https:\/\/millitv.net\/?p=11661"},"modified":"2024-06-13T11:25:38","modified_gmt":"2024-06-13T11:25:38","slug":"roya-ayxan-ere-gedir-toya-hazirlasiram-video","status":"publish","type":"post","link":"https:\/\/millitv.net\/?p=11661","title":{"rendered":"R\u00f6ya Ayxan \u018fR\u018f GED\u0130R:\u00a0Toya haz\u0131rla\u015f\u0131ram &#8211; V\u0130DEO"},"content":{"rendered":"\n<p>Xalq artisti R\u00f6ya Ayxan a\u00e7\u0131qlamas\u0131 il\u0259 h\u0259r k\u0259si t\u0259\u0259cc\u00fcbl\u0259ndirib.<\/p>\n\n\n\n<p>&#8220;PrimeTime Elvin Elxanla&#8221; yutub layih\u0259sin\u0259 dan\u0131\u015fan ifa\u00e7\u0131 ail\u0259 quraca\u011f\u0131n\u0131 bildirib.<\/p>\n\n\n\n<p>R\u00f6yan\u0131n toyu yay aylar\u0131nda ba\u015f tutacaq:<\/p>\n\n\n\n<p>&#8220;\u018fr\u0259 gedir\u0259m. Bu yay aylar\u0131na t\u0259s\u0259d\u00fcf ed\u0259c\u0259k. \u00d6z\u00fcm d\u0259 demi\u015f\u0259m ki, ed\u0259c\u0259ks\u0259n t\u0259klifi, v\u0259ssalam. Sevgi \u00e7ox g\u00f6z\u0259l bir \u015feydir. O q\u0259d\u0259r g\u00f6z\u0259l hissl\u0259rdir ki&#8230; M\u0259n bunu g\u00f6z\u0259l ya\u015fay\u0131ram. Sevdims\u0259, onu da q\u0259\u015f\u0259ng ya\u015fay\u0131ram&#8221;.<\/p>\n\n\n\n<p>\u018ftrafl\u0131 videoda: \/ Titul.az<\/p>\n\n\n\n<p><a href=\"https:\/\/baku.tv\/embed\/133189\" target=\"_blank\" rel=\"noopener\">https:\/\/baku.tv\/embed\/133189<\/a><\/p>\n","protected":false},"excerpt":{"rendered":"<p>Xalq artisti R\u00f6ya Ayxan a\u00e7\u0131qlamas\u0131 il\u0259 h\u0259r k\u0259si t\u0259\u0259cc\u00fcbl\u0259ndirib. &#8220;PrimeTime Elvin Elxanla&#8221; yutub layih\u0259sin\u0259 dan\u0131\u015fan ifa\u00e7\u0131 ail\u0259 quraca\u011f\u0131n\u0131 bildirib. R\u00f6yan\u0131n toyu yay aylar\u0131nda ba\u015f tutacaq: &#8220;\u018fr\u0259 gedir\u0259m. Bu yay aylar\u0131na t\u0259s\u0259d\u00fcf ed\u0259c\u0259k. \u00d6z\u00fcm d\u0259 demi\u015f\u0259m ki, ed\u0259c\u0259ks\u0259n t\u0259klifi, v\u0259ssalam. Sevgi \u00e7ox g\u00f6z\u0259l bir \u015feydir. O q\u0259d\u0259r g\u00f6z\u0259l hissl\u0259rdir ki&#8230; M\u0259n bunu g\u00f6z\u0259l ya\u015fay\u0131ram. Sevdims\u0259, onu &hellip;<\/p>\n","protected":false},"author":1,"featured_media":11662,"comment_status":"open","ping_status":"closed","sticky":false,"template":"","format":"standard","meta":{"footnotes":""},"categories":[6,8],"tags":[],"class_list":["post-11661","post","type-post","status-publish","format-standard","has-post-thumbnail","hentry","category-maqazin","category-maraqli"],"_links":{"self":[{"href":"https:\/\/millitv.net\/index.php?rest_route=\/wp\/v2\/posts\/11661","targetHints":{"allow":["GET"]}}],"collection":[{"href":"https:\/\/millitv.net\/index.php?rest_route=\/wp\/v2\/posts"}],"about":[{"href":"https:\/\/millitv.net\/index.php?rest_route=\/wp\/v2\/types\/post"}],"author":[{"embeddable":true,"href":"https:\/\/millitv.net\/index.php?rest_route=\/wp\/v2\/users\/1"}],"replies":[{"embeddable":true,"href":"https:\/\/millitv.net\/index.php?rest_route=%2Fwp%2Fv2%2Fcomments&post=11661"}],"version-history":[{"count":1,"href":"https:\/\/millitv.net\/index.php?rest_route=\/wp\/v2\/posts\/11661\/revisions"}],"predecessor-version":[{"id":11663,"href":"https:\/\/millitv.net\/index.php?rest_route=\/wp\/v2\/posts\/11661\/revisions\/11663"}],"wp:featuredmedia":[{"embeddable":true,"href":"https:\/\/millitv.net\/index.php?rest_route=\/wp\/v2\/media\/11662"}],"wp:attachment":[{"href":"https:\/\/millitv.net\/index.php?rest_route=%2Fwp%2Fv2%2Fmedia&parent=11661"}],"wp:term":[{"taxonomy":"category","embeddable":true,"href":"https:\/\/millitv.net\/index.php?rest_route=%2Fwp%2Fv2%2Fcategories&post=11661"},{"taxonomy":"post_tag","embeddable":true,"href":"https:\/\/millitv.net\/index.php?rest_route=%2Fwp%2Fv2%2Ftags&post=11661"}],"curies":[{"name":"wp","href":"https:\/\/api.w.org\/{rel}","templated":true}]}}