{"id":11642,"date":"2024-05-09T19:08:00","date_gmt":"2024-05-09T19:08:00","guid":{"rendered":"https:\/\/millitv.net\/?p=11642"},"modified":"2024-05-10T10:12:31","modified_gmt":"2024-05-10T10:12:31","slug":"ici-m%C9%99n-qarisiq-hamiya-f%C9%99xri-ad-verin-ya-da-umumiyy%C9%99tl%C9%99-yigisdirin-elikram","status":"publish","type":"post","link":"https:\/\/millitv.net\/?p=11642","title":{"rendered":"&#8220;\u0130\u00e7i m\u0259n qar\u0131\u015f\u0131q ham\u0131ya f\u0259xri ad verin, ya da \u00fcmumiyy\u0259tl\u0259, y\u0131\u011f\u0131\u015fd\u0131r\u0131n&#8221; &#8211; \u018flikram"},"content":{"rendered":"\n<p><strong>\u201cS\u0259n\u0259t dostlar\u0131m\u0131z f\u0259xri ad m\u0259s\u0259l\u0259sin\u0259 g\u00f6r\u0259 q\u0131r\u0131l\u0131r, s\u0131n\u0131r. Birin\u0259 bu ad\u0131 verirl\u0259r, o biri k\u0259narda &nbsp;qal\u0131r. Ya ham\u0131m\u0131z\u0131 y\u0131\u011f\u0131b i\u00e7i m\u0259n qar\u0131\u015f\u0131q f\u0259xri ad verin, bil\u0259k ki, ham\u0131m\u0131z \u0259m\u0259kdar v\u0259 xalq artistiyik, ya da \u00fcmumiyy\u0259tl\u0259, y\u0131\u011f\u0131\u015fd\u0131r\u0131n.<\/strong><ins><ins><\/ins><\/ins><\/p>\n\n\n\n<p><strong>Dostlar\u0131m\u0131z\u0131n \u0259li s\u0259n\u0259td\u0259n soyuyur, oxumurlar, soru\u015fanda da deyirl\u0259r ki, m\u0259n\u0259 qiym\u0259t verilmir\u201d.&nbsp;<\/strong><ins><ins><\/ins><\/ins><\/p>\n\n\n\n<p><strong>Bu s\u00f6zl\u0259ri Yenisabah.az-a m\u00fc\u011f\u0259nni \u018flikram Bayramov&nbsp;<\/strong>deyib. Uzun ill\u0259rdir s\u0259n\u0259t adamlar\u0131 aras\u0131nda ged\u0259n f\u0259xri ad qalmaqal\u0131na m\u00fcnasib\u0259t bildir\u0259n ifa\u00e7\u0131 bu c\u00fcr adlar\u0131 g\u0259r\u0259ksiz hesab edib:&nbsp;<\/p>\n\n\n\n<p>\u201cF\u0259xri adlar \u018fb\u00fclf\u0259s Qarayevin vaxt\u0131nda \u00e7ox verildi. Ondan sonra g\u0259l\u0259nl\u0259r is\u0259 demokratik insanlard\u0131r, ona g\u00f6r\u0259 son ill\u0259r kim\u0259s\u0259 ad verilmir. Biz demokratik d\u00f6vl\u0259td\u0259 ya\u015fay\u0131r\u0131q, yeni \u015feyl\u0259r axtar\u0131b tapmal\u0131y\u0131q.&nbsp;<\/p>\n\n\n\n<p>O g\u00fcn biz qazi&nbsp;m\u0259clisind\u0259 idim, oxuyurdum. M\u0259clisd\u0259 n\u0259 q\u0259d\u0259r gizir, komandir, qaz\u0131 var idi, he\u00e7 biri soru\u015fmurdu ki, ay \u018flikram, s\u0259nin f\u0259xri ad\u0131n var? Onlar el\u0259 bilirl\u0259r, m\u0259n Xalq artistiy\u0259m. M\u0259n\u0259 xalq\u0131n sevgisi laz\u0131md\u0131r, Xalq artisti ad\u0131 yox.&nbsp;<\/p>\n\n\n\n<p>Biz s\u0259rh\u0259dl\u0259ri ke\u00e7m\u0259li, xarici arenalara \u00e7\u0131xmal\u0131y\u0131q, xaricd\u0259 konsertl\u0259r verm\u0259liyik, fikrimiz, m\u0259qs\u0259dimiz bu olmal\u0131d\u0131r. Amma biz tutub dayanm\u0131\u015f\u0131q ki, \u201cM\u0259n\u0259 niy\u0259 ad vermirsiniz?\u201d. Bu s\u00f6hb\u0259ti bitirin, art\u0131q yeni nazirl\u0259rimiz d\u0259 buna fikir vermir, \u00e7\u00fcnki demokratik, yeni fikirli adamlard\u0131rlar. Onlar xarici t\u0259cr\u00fcb\u0259y\u0259 bax\u0131rlar. Yax\u015f\u0131 bilirl\u0259r ki, bu f\u0259xri adlar ba\u015fqa yerl\u0259rd\u0259 yoxdur.<\/p>\n\n\n\n<p>Bu f\u0259xri ad m\u0259s\u0259l\u0259sini bizim televiziya apar\u0131c\u0131lar\u0131m\u0131z \u015fi\u015firib. Kims\u0259 efir\u0259 \u00e7\u0131xanda \u0259vv\u0259lc\u0259d\u0259n uzadaraq q\u0131\u015fq\u0131r\u0131rlar ki, s\u0259hn\u0259miz\u0259 respublikan\u0131n \u0259m\u0259kdar artisti g\u0259lir. Ay qarda\u015f biz haraday\u0131q? Bu n\u0259 pafosdur?<\/p>\n\n\n\n<p>M\u0259n bunu f\u0259xri ad\u0131m olmad\u0131\u011f\u0131 \u00fc\u00e7\u00fcn demir\u0259m. 20 ild\u0259n \u00e7oxdur d\u00f6vl\u0259t idar\u0259sind\u0259, m\u0259d\u0259niyy\u0259t sah\u0259sind\u0259 i\u015fl\u0259yir\u0259m, laz\u0131m olsayd\u0131, ad\u0131m\u0131 yazd\u0131rard\u0131m. Amma m\u0259n\u0259 bu laz\u0131m deyil.&nbsp;<\/p>\n\n\n\n<p>G\u00f6t\u00fcr\u00fcb q\u0259birl\u0259rin \u00fcst\u00fcn\u0259 d\u0259 bunu qeyd edirl\u0259r, fikirl\u0259\u015fir\u0259m ki, g\u0259l\u0259c\u0259k n\u0259sil buna nec\u0259 baxacaq? O boyda s\u0259n\u0259t adam\u0131n\u0131n ba\u015f da\u015f\u0131na bunu yazmaq d\u00fczg\u00fcn deyil. Onun mahn\u0131lar\u0131 dill\u0259r \u0259zb\u0259ridir, s\u0259n\u0259ti var.<\/p>\n\n\n\n<p>Bu d\u00f6vr art\u0131q getdi, f\u0259xri adlar gerid\u0259 qald\u0131, g\u0259nc n\u0259sil d\u0259 bunu q\u0259bul el\u0259mir. He\u00e7 m\u0259nd\u0259n bir n\u0259f\u0259r d\u0259 soru\u015fmur ki, s\u0259nin ad\u0131n var, yoxsa yoxdur?\u201d<\/p>\n\n\n\n<p>\u018f.Bayramov bildirib ki, s\u0259n\u0259t\u00e7il\u0259ri f\u0259xri adlar yox, onlar\u0131n mahn\u0131lar\u0131 daim ya\u015fad\u0131r. Onun s\u00f6zl\u0259rin\u0259 g\u00f6r\u0259, d\u0259f\u0259l\u0259rl\u0259 f\u0259xri ad almaq \u015fans\u0131 olsa da, buna g\u00f6r\u0259 he\u00e7 k\u0259s\u0259 a\u011f\u0131z a\u00e7may\u0131b:&nbsp;<\/p>\n\n\n\n<p>\u201cBar-bar ba\u011f\u0131r\u0131rlar ki, respublikan\u0131n filan f\u0259xri ad\u0131n\u0131 alan artisti. N\u0259 olub? N\u0259 h\u0259\u015firdir? Da\u011f\u0131stan\u0131n Xalq artisti ad\u0131n\u0131 alanlar bel\u0259 var, efird\u0259 onu da qeyd edirl\u0259r. N\u0259 d\u0259xli var? &nbsp;Bu m\u0259nim \u015f\u0259xsi fikrimdir, dostlar\u0131m\u0131n x\u0259trin\u0259 d\u0259ym\u0259sin. Bird\u0259n fikirl\u0259\u015f\u0259r ki, \u018flikram ad almay\u0131b dey\u0259 dan\u0131\u015f\u0131r, amma bel\u0259 deyil, Allaha and olsun m\u0259n\u0259 o ad laz\u0131m deyil.&nbsp;<\/p>\n\n\n\n<p>M\u0259ni i\u015f yerimd\u0259n \u00e7a\u011f\u0131rm\u0131\u015fd\u0131lar ki, g\u0259l t\u0259qdimat\u0131n\u0131 g\u00f6nd\u0259r\u0259k, s\u0259n d\u0259 ad al. Allah \u015fahidimdir ki, m\u0259n buna g\u00f6r\u0259 getm\u0259dim. Neynir\u0259m ax\u0131? N\u0259yim\u0259 laz\u0131md\u0131r? M\u0259n xalq\u0131n sevgisi il\u0259 ya\u015fayan insanam, mahn\u0131lar\u0131m xalq\u0131n dill\u0259r \u0259zb\u0259ridir. Bu m\u0259n\u0259 b\u0259sdir. \u018fm\u0259kdar artist f\u0259xri ad\u0131 m\u0259nd\u0259n sonra ad\u0131m\u0131 ya\u015fatmayacaq, m\u0259ni daimi ya\u015fadan mahn\u0131lar\u0131m olacaq\u201d.<\/p>\n","protected":false},"excerpt":{"rendered":"<p>\u201cS\u0259n\u0259t dostlar\u0131m\u0131z f\u0259xri ad m\u0259s\u0259l\u0259sin\u0259 g\u00f6r\u0259 q\u0131r\u0131l\u0131r, s\u0131n\u0131r. Birin\u0259 bu ad\u0131 verirl\u0259r, o biri k\u0259narda &nbsp;qal\u0131r. Ya ham\u0131m\u0131z\u0131 y\u0131\u011f\u0131b i\u00e7i m\u0259n qar\u0131\u015f\u0131q f\u0259xri ad verin, bil\u0259k ki, ham\u0131m\u0131z \u0259m\u0259kdar v\u0259 xalq artistiyik, ya da \u00fcmumiyy\u0259tl\u0259, y\u0131\u011f\u0131\u015fd\u0131r\u0131n. Dostlar\u0131m\u0131z\u0131n \u0259li s\u0259n\u0259td\u0259n soyuyur, oxumurlar, soru\u015fanda da deyirl\u0259r ki, m\u0259n\u0259 qiym\u0259t verilmir\u201d.&nbsp; Bu s\u00f6zl\u0259ri Yenisabah.az-a m\u00fc\u011f\u0259nni \u018flikram Bayramov&nbsp;deyib. Uzun &hellip;<\/p>\n","protected":false},"author":1,"featured_media":11643,"comment_status":"open","ping_status":"closed","sticky":false,"template":"","format":"standard","meta":{"footnotes":""},"categories":[8,6],"tags":[],"class_list":["post-11642","post","type-post","status-publish","format-standard","has-post-thumbnail","hentry","category-maraqli","category-maqazin"],"_links":{"self":[{"href":"https:\/\/millitv.net\/index.php?rest_route=\/wp\/v2\/posts\/11642","targetHints":{"allow":["GET"]}}],"collection":[{"href":"https:\/\/millitv.net\/index.php?rest_route=\/wp\/v2\/posts"}],"about":[{"href":"https:\/\/millitv.net\/index.php?rest_route=\/wp\/v2\/types\/post"}],"author":[{"embeddable":true,"href":"https:\/\/millitv.net\/index.php?rest_route=\/wp\/v2\/users\/1"}],"replies":[{"embeddable":true,"href":"https:\/\/millitv.net\/index.php?rest_route=%2Fwp%2Fv2%2Fcomments&post=11642"}],"version-history":[{"count":1,"href":"https:\/\/millitv.net\/index.php?rest_route=\/wp\/v2\/posts\/11642\/revisions"}],"predecessor-version":[{"id":11644,"href":"https:\/\/millitv.net\/index.php?rest_route=\/wp\/v2\/posts\/11642\/revisions\/11644"}],"wp:featuredmedia":[{"embeddable":true,"href":"https:\/\/millitv.net\/index.php?rest_route=\/wp\/v2\/media\/11643"}],"wp:attachment":[{"href":"https:\/\/millitv.net\/index.php?rest_route=%2Fwp%2Fv2%2Fmedia&parent=11642"}],"wp:term":[{"taxonomy":"category","embeddable":true,"href":"https:\/\/millitv.net\/index.php?rest_route=%2Fwp%2Fv2%2Fcategories&post=11642"},{"taxonomy":"post_tag","embeddable":true,"href":"https:\/\/millitv.net\/index.php?rest_route=%2Fwp%2Fv2%2Ftags&post=11642"}],"curies":[{"name":"wp","href":"https:\/\/api.w.org\/{rel}","templated":true}]}}