{"id":11638,"date":"2024-05-11T18:52:00","date_gmt":"2024-05-11T18:52:00","guid":{"rendered":"https:\/\/millitv.net\/?p=11638"},"modified":"2024-05-11T22:12:57","modified_gmt":"2024-05-11T22:12:57","slug":"komedixananin-aktrisasi-gorun-kim%C9%99-%C9%99r%C9%99-gedir-video","status":"publish","type":"post","link":"https:\/\/millitv.net\/?p=11638","title":{"rendered":"&#8220;Komedixana&#8221;n\u0131n aktrisas\u0131 g\u00f6r\u00fcn kim\u0259 \u0259r\u0259 gedir &#8211; V\u0130DEO"},"content":{"rendered":"\n<p><strong>Aktrisa Zarina Qurbanova RTV-d\u0259 yay\u0131mlanan \u201cK\u00f6n\u00fcll\u00fc dan\u0131\u015f\u201d verili\u015fin\u0259 qonaq olub.&nbsp;<\/strong><\/p>\n\n\n\n<p>Aktrisa evl\u0259nm\u0259k ist\u0259y\u0259c\u0259yi \u015f\u0259xsin xarici g\u00f6r\u00fcn\u00fc\u015f\u00fc il\u0259 ba\u011fl\u0131 dan\u0131\u015f\u0131b. O bildirib ki, estetik etdirmi\u015f bir o\u011flanla ail\u0259 qura bilm\u0259z.<\/p>\n\n\n\n<p>Zarina mentall\u0131q s\u0259b\u0259bil\u0259 \u015f\u00fcuralt\u0131nda b\u0131\u011f\u0131burma ki\u015fi obraz\u0131n\u0131n canland\u0131\u011f\u0131n\u0131 v\u0259 buna g\u00f6r\u0259 d\u0259 ba\u015fqa g\u00f6r\u00fcn\u00fc\u015fd\u0259 \u015f\u0259xsl\u0259ri b\u0259y\u0259nm\u0259diyini bildirib.<\/p>\n\n\n\n<p>Daha \u0259trafl\u0131 video-materialda: \/\u00a0Medianews.az<\/p>\n\n\n\n<figure class=\"wp-block-embed is-type-video is-provider-youtube wp-block-embed-youtube wp-embed-aspect-16-9 wp-has-aspect-ratio\"><div class=\"wp-block-embed__wrapper\">\n<iframe loading=\"lazy\" title=\"\u201cB\u0131\u011f\u0131burma ki\u015fil\u0259r g\u00f6rm\u00fc\u015f\u00fck\u201d - Zarina Qurbanova kim\u0259 \u0259r\u0259 gedir? - &quot;K\u00f6n\u00fcll\u00fc dan\u0131\u015f&quot; - RTV\" width=\"500\" height=\"281\" src=\"https:\/\/www.youtube.com\/embed\/Y0zrQbQgVrk?start=5&#038;feature=oembed\" frameborder=\"0\" allow=\"accelerometer; autoplay; clipboard-write; encrypted-media; gyroscope; picture-in-picture; web-share\" referrerpolicy=\"strict-origin-when-cross-origin\" allowfullscreen><\/iframe>\n<\/div><\/figure>\n","protected":false},"excerpt":{"rendered":"<p>Aktrisa Zarina Qurbanova RTV-d\u0259 yay\u0131mlanan \u201cK\u00f6n\u00fcll\u00fc dan\u0131\u015f\u201d verili\u015fin\u0259 qonaq olub.&nbsp; Aktrisa evl\u0259nm\u0259k ist\u0259y\u0259c\u0259yi \u015f\u0259xsin xarici g\u00f6r\u00fcn\u00fc\u015f\u00fc il\u0259 ba\u011fl\u0131 dan\u0131\u015f\u0131b. O bildirib ki, estetik etdirmi\u015f bir o\u011flanla ail\u0259 qura bilm\u0259z. Zarina mentall\u0131q s\u0259b\u0259bil\u0259 \u015f\u00fcuralt\u0131nda b\u0131\u011f\u0131burma ki\u015fi obraz\u0131n\u0131n canland\u0131\u011f\u0131n\u0131 v\u0259 buna g\u00f6r\u0259 d\u0259 ba\u015fqa g\u00f6r\u00fcn\u00fc\u015fd\u0259 \u015f\u0259xsl\u0259ri b\u0259y\u0259nm\u0259diyini bildirib. Daha \u0259trafl\u0131 video-materialda: \/\u00a0Medianews.az<\/p>\n","protected":false},"author":1,"featured_media":11640,"comment_status":"open","ping_status":"closed","sticky":false,"template":"","format":"standard","meta":{"footnotes":""},"categories":[6,8],"tags":[],"class_list":["post-11638","post","type-post","status-publish","format-standard","has-post-thumbnail","hentry","category-maqazin","category-maraqli"],"_links":{"self":[{"href":"https:\/\/millitv.net\/index.php?rest_route=\/wp\/v2\/posts\/11638","targetHints":{"allow":["GET"]}}],"collection":[{"href":"https:\/\/millitv.net\/index.php?rest_route=\/wp\/v2\/posts"}],"about":[{"href":"https:\/\/millitv.net\/index.php?rest_route=\/wp\/v2\/types\/post"}],"author":[{"embeddable":true,"href":"https:\/\/millitv.net\/index.php?rest_route=\/wp\/v2\/users\/1"}],"replies":[{"embeddable":true,"href":"https:\/\/millitv.net\/index.php?rest_route=%2Fwp%2Fv2%2Fcomments&post=11638"}],"version-history":[{"count":1,"href":"https:\/\/millitv.net\/index.php?rest_route=\/wp\/v2\/posts\/11638\/revisions"}],"predecessor-version":[{"id":11641,"href":"https:\/\/millitv.net\/index.php?rest_route=\/wp\/v2\/posts\/11638\/revisions\/11641"}],"wp:featuredmedia":[{"embeddable":true,"href":"https:\/\/millitv.net\/index.php?rest_route=\/wp\/v2\/media\/11640"}],"wp:attachment":[{"href":"https:\/\/millitv.net\/index.php?rest_route=%2Fwp%2Fv2%2Fmedia&parent=11638"}],"wp:term":[{"taxonomy":"category","embeddable":true,"href":"https:\/\/millitv.net\/index.php?rest_route=%2Fwp%2Fv2%2Fcategories&post=11638"},{"taxonomy":"post_tag","embeddable":true,"href":"https:\/\/millitv.net\/index.php?rest_route=%2Fwp%2Fv2%2Ftags&post=11638"}],"curies":[{"name":"wp","href":"https:\/\/api.w.org\/{rel}","templated":true}]}}