{"id":11626,"date":"2024-07-23T19:07:00","date_gmt":"2024-07-23T19:07:00","guid":{"rendered":"https:\/\/millitv.net\/?p=11626"},"modified":"2024-07-24T07:46:10","modified_gmt":"2024-07-24T07:46:10","slug":"bakida-qadin-avtobusa-biabirci-geyimd%C9%99-mindi-video","status":"publish","type":"post","link":"https:\/\/millitv.net\/?p=11626","title":{"rendered":"Bak\u0131da biab\u0131r\u00e7\u0131 geyimd\u0259 avtobusa min\u0259n qad\u0131n kimdir? &#8211; V\u0130DEO"},"content":{"rendered":"\n<p>Sosial mediada payla\u015f\u0131lan g\u00f6r\u00fcnt\u00fcl\u0259r diqq\u0259t \u00e7\u0259kib. G\u00f6r\u00fcnt\u00fcl\u0259rd\u0259 qad\u0131n\u0131n a\u00e7\u0131q geyimd\u0259 avtobusa mindiyi m\u00fc\u015fahid\u0259 edilir. Qad\u0131n\u0131n\u00a0 v\u0259 \u00e7\u0259kili\u015f \u00fc\u00e7\u00fcn avtobusda bel\u0259 a\u00e7\u0131q geyindiyi qeyd edilib. Lakin bu g\u00f6r\u00fcnt\u00fcl\u0259r sosial mediada birm\u0259nal\u0131 qar\u015f\u0131lanmay\u0131b.<\/p>\n\n\n\n<p>\u018ftrafl\u0131 videoda:<\/p>\n\n\n\n<p><a href=\"https:\/\/fb.watch\/rXxG3QPsuF\" target=\"_blank\" rel=\"noopener\">https:\/\/fb.watch\/rXxG3QPsuF<\/a><\/p>\n","protected":false},"excerpt":{"rendered":"<p>Sosial mediada payla\u015f\u0131lan g\u00f6r\u00fcnt\u00fcl\u0259r diqq\u0259t \u00e7\u0259kib. G\u00f6r\u00fcnt\u00fcl\u0259rd\u0259 qad\u0131n\u0131n a\u00e7\u0131q geyimd\u0259 avtobusa mindiyi m\u00fc\u015fahid\u0259 edilir. Qad\u0131n\u0131n\u00a0 v\u0259 \u00e7\u0259kili\u015f \u00fc\u00e7\u00fcn avtobusda bel\u0259 a\u00e7\u0131q geyindiyi qeyd edilib. Lakin bu g\u00f6r\u00fcnt\u00fcl\u0259r sosial mediada birm\u0259nal\u0131 qar\u015f\u0131lanmay\u0131b. \u018ftrafl\u0131 videoda: https:\/\/fb.watch\/rXxG3QPsuF<\/p>\n","protected":false},"author":1,"featured_media":11627,"comment_status":"open","ping_status":"closed","sticky":false,"template":"","format":"standard","meta":{"footnotes":""},"categories":[1],"tags":[],"class_list":["post-11626","post","type-post","status-publish","format-standard","has-post-thumbnail","hentry","category-idman"],"_links":{"self":[{"href":"https:\/\/millitv.net\/index.php?rest_route=\/wp\/v2\/posts\/11626","targetHints":{"allow":["GET"]}}],"collection":[{"href":"https:\/\/millitv.net\/index.php?rest_route=\/wp\/v2\/posts"}],"about":[{"href":"https:\/\/millitv.net\/index.php?rest_route=\/wp\/v2\/types\/post"}],"author":[{"embeddable":true,"href":"https:\/\/millitv.net\/index.php?rest_route=\/wp\/v2\/users\/1"}],"replies":[{"embeddable":true,"href":"https:\/\/millitv.net\/index.php?rest_route=%2Fwp%2Fv2%2Fcomments&post=11626"}],"version-history":[{"count":2,"href":"https:\/\/millitv.net\/index.php?rest_route=\/wp\/v2\/posts\/11626\/revisions"}],"predecessor-version":[{"id":11645,"href":"https:\/\/millitv.net\/index.php?rest_route=\/wp\/v2\/posts\/11626\/revisions\/11645"}],"wp:featuredmedia":[{"embeddable":true,"href":"https:\/\/millitv.net\/index.php?rest_route=\/wp\/v2\/media\/11627"}],"wp:attachment":[{"href":"https:\/\/millitv.net\/index.php?rest_route=%2Fwp%2Fv2%2Fmedia&parent=11626"}],"wp:term":[{"taxonomy":"category","embeddable":true,"href":"https:\/\/millitv.net\/index.php?rest_route=%2Fwp%2Fv2%2Fcategories&post=11626"},{"taxonomy":"post_tag","embeddable":true,"href":"https:\/\/millitv.net\/index.php?rest_route=%2Fwp%2Fv2%2Ftags&post=11626"}],"curies":[{"name":"wp","href":"https:\/\/api.w.org\/{rel}","templated":true}]}}