{"id":11623,"date":"2024-05-06T17:52:00","date_gmt":"2024-05-06T17:52:00","guid":{"rendered":"https:\/\/millitv.net\/?p=11623"},"modified":"2024-05-08T17:56:05","modified_gmt":"2024-05-08T17:56:05","slug":"tiktokda-sacini-k%C9%99s%C9%99n-qadin-bar%C9%99d%C9%99-sok-faktlar-bir-nec%C9%99-il-%C9%99vv%C9%99l","status":"publish","type":"post","link":"https:\/\/millitv.net\/?p=11623","title":{"rendered":"Tiktokda sa\u00e7\u0131n\u0131 k\u0259s\u0259n qad\u0131n bar\u0259d\u0259 \u015fok faktlar: Bir ne\u00e7\u0259 il \u0259vv\u0259l\u2026"},"content":{"rendered":"\n<p><strong>Bir ne\u00e7\u0259 g\u00fcnd\u00fcr sosial \u015f\u0259b\u0259k\u0259l\u0259rd\u0259 Sumqay\u0131t Polis \u0130dar\u0259sinin r\u0259hb\u0259rliyin\u0259 etiraz ed\u0259r\u0259k, canl\u0131 yay\u0131mda sa\u00e7\u0131n\u0131 q\u0131rxan v\u0259 Az\u0259rbaycan qad\u0131n\u0131 kimi ya\u015famaq ist\u0259m\u0259diyini, bundan sonra \u201cki\u015fi kimi\u201d h\u0259yat\u0131na davam ed\u0259c\u0259yini dey\u0259n xan\u0131m\u0131n video-m\u00fcraci\u0259ti payla\u015f\u0131lmaqdad\u0131r.<\/strong><\/p>\n\n\n\n<p>B\u0259s bu qad\u0131n kimdir v\u0259 n\u0259 ist\u0259yir?<\/p>\n\n\n\n<p>M\u00fcraci\u0259tind\u0259 o, 16 aprel tarixind\u0259n indiy\u0259d\u0259k Sumqay\u0131t Polis \u0130dar\u0259sinin r\u0259is m\u00fcavini Cavidan \u018flizad\u0259 t\u0259r\u0259find\u0259n mobil telefonunun qanunsuz \u015f\u0259kild\u0259 al\u0131nd\u0131\u011f\u0131n\u0131 bildirir. Ancaq onun mobil telefonunu polisin niy\u0259 ald\u0131\u011f\u0131 bar\u0259d\u0259 he\u00e7 bir izahat vermir.<\/p>\n\n\n\n<p>Polis bir \u015f\u0259xsin telefonunu niy\u0259 almal\u0131d\u0131r ki!?<\/p>\n\n\n\n<p>Qad\u0131n daha sonra bildirir ki, bir ne\u00e7\u0259 yer\u0259 m\u00fcraci\u0259t edib, h\u0259tta Sumqay\u0131t polis r\u0259isinin yan\u0131nda olub: \u201cBiri m\u0259n\u0259 deyir ki, cavan qad\u0131nsan, get h\u0259yat\u0131n\u0131 ya\u015fa; telefonunu, pulunu g\u00f6t\u00fcr, \u00e7\u0131x get&#8230;\u201d<\/p>\n\n\n\n<p>Polis ona \u201ctelefonunu g\u00f6t\u00fcr, \u00e7\u0131x get\u201d deyir? B\u0259s, 16 apreld\u0259n telefonunu \u201cm\u00fcsadir\u0259 etdiyini\u201d bildirmi\u015fdi? H\u0259tta \u201cpulunu g\u00f6t\u00fcr get\u201d d\u0259 deyibl\u0259r. Hans\u0131 pulu? Polis \u201ctelefonunu g\u00f6t\u00fcr, \u00e7\u0131x get\u201d deyirs\u0259, b\u0259s niy\u0259 g\u00f6t\u00fcrm\u0259yib v\u0259 qanunsuz olaraq telefonunun al\u0131nmas\u0131ndan dan\u0131\u015f\u0131r?<\/p>\n\n\n\n<p>Daha sonra bir qad\u0131n\u0131n \u015fikay\u0259ti \u0259sas\u0131nda Sumqay\u0131t M\u0259hk\u0259m\u0259sind\u0259 500 manat c\u0259rim\u0259 olunmas\u0131ndan da b\u0259hs edir. Ondan niy\u0259 \u015fikay\u0259t edilib? Hans\u0131 s\u0259b\u0259bl\u0259 m\u0259hz 500 manat c\u0259rim\u0259 k\u0259silib?<\/p>\n\n\n\n<p>Yen\u0259 d\u0259 izahat yoxdur.<\/p>\n\n\n\n<p>Bu q\u0259d\u0259r qeyri-m\u00fc\u0259yy\u0259n, bir-birini v\u0259 \u00f6z\u00fcn\u00fc t\u0259kzib ed\u0259n video-m\u00fcraci\u0259tin \u201ca\u011fr\u0131\u201d il\u0259, d\u0259rin \u201ct\u0259\u0259ss\u00fcf\u201dl\u0259 payla\u015f\u0131lmas\u0131 v\u0259 sosial \u015f\u0259b\u0259k\u0259l\u0259ri b\u00fcr\u00fcm\u0259si sad\u0259c\u0259, anla\u015f\u0131lan deyil.<\/p>\n\n\n\n<p>B\u0259s, bu xan\u0131m kimdir?<\/p>\n\n\n\n<p>Jurnalist, Kriminal.az sayt\u0131n\u0131n redaktoru Anar M\u0259mm\u0259dov qeyd edib ki, Tiktokda Miray kimi tan\u0131nan bu xan\u0131m\u0131n ad\u0131 Ayseldir:<\/p>\n\n\n\n<p>\u201cBir ne\u00e7\u0259 il \u0259vv\u0259l ke\u00e7mi\u015f \u0259ri il\u0259 m\u00fcnaqi\u015f\u0259y\u0259 g\u00f6r\u0259 \u00f6lk\u0259 ba\u015f\u00e7\u0131s\u0131na video-m\u00fcraci\u0259t ed\u0259r\u0259k Erm\u0259nistana ke\u00e7\u0259c\u0259yini demi\u015fdi. M\u0259n d\u0259 \u201cKriminal.az\u201d sayt\u0131nda h\u0259min m\u00fcraci\u0259ti i\u015f\u0131qland\u0131rm\u0131\u015fd\u0131m. Bir ne\u00e7\u0259 g\u00fcn sonra m\u0259n\u0259 z\u0259ng ed\u0259r\u0259k probleminin h\u0259ll edildiyini \u0259sas g\u0259tir\u0259r\u0259k, m\u00fcraci\u0259tinin saytdan silinm\u0259sini t\u0259l\u0259b etdi, lakin r\u0259dd etdim. Sonra gedib m\u0259ni M\u00fct\u0259\u015f\u0259kkil Cinay\u0259tkarl\u0131\u011fa qar\u015f\u0131 M\u00fcbariz\u0259 Ba\u015f \u0130dar\u0259sin\u0259 \u015fikay\u0259t etdi.<\/p>\n\n\n\n<p>Daha sonra h\u00fcquq m\u00fcdafi\u0259\u00e7isi El\u00e7in M\u0259mm\u0259di h\u0259bs etdirdi. Bu g\u00fcn is\u0259 n\u00f6vb\u0259ti d\u0259f\u0259 \u015fou g\u00f6st\u0259r\u0259r\u0259k, Az\u0259rbaycan qad\u0131n\u0131 olmaqdan imtina edir\u201d.<\/p>\n","protected":false},"excerpt":{"rendered":"<p>Bir ne\u00e7\u0259 g\u00fcnd\u00fcr sosial \u015f\u0259b\u0259k\u0259l\u0259rd\u0259 Sumqay\u0131t Polis \u0130dar\u0259sinin r\u0259hb\u0259rliyin\u0259 etiraz ed\u0259r\u0259k, canl\u0131 yay\u0131mda sa\u00e7\u0131n\u0131 q\u0131rxan v\u0259 Az\u0259rbaycan qad\u0131n\u0131 kimi ya\u015famaq ist\u0259m\u0259diyini, bundan sonra \u201cki\u015fi kimi\u201d h\u0259yat\u0131na davam ed\u0259c\u0259yini dey\u0259n xan\u0131m\u0131n video-m\u00fcraci\u0259ti payla\u015f\u0131lmaqdad\u0131r. B\u0259s bu qad\u0131n kimdir v\u0259 n\u0259 ist\u0259yir? M\u00fcraci\u0259tind\u0259 o, 16 aprel tarixind\u0259n indiy\u0259d\u0259k Sumqay\u0131t Polis \u0130dar\u0259sinin r\u0259is m\u00fcavini Cavidan \u018flizad\u0259 t\u0259r\u0259find\u0259n mobil telefonunun &hellip;<\/p>\n","protected":false},"author":1,"featured_media":11624,"comment_status":"open","ping_status":"closed","sticky":false,"template":"","format":"standard","meta":{"footnotes":""},"categories":[8,6],"tags":[],"class_list":["post-11623","post","type-post","status-publish","format-standard","has-post-thumbnail","hentry","category-maraqli","category-maqazin"],"_links":{"self":[{"href":"https:\/\/millitv.net\/index.php?rest_route=\/wp\/v2\/posts\/11623","targetHints":{"allow":["GET"]}}],"collection":[{"href":"https:\/\/millitv.net\/index.php?rest_route=\/wp\/v2\/posts"}],"about":[{"href":"https:\/\/millitv.net\/index.php?rest_route=\/wp\/v2\/types\/post"}],"author":[{"embeddable":true,"href":"https:\/\/millitv.net\/index.php?rest_route=\/wp\/v2\/users\/1"}],"replies":[{"embeddable":true,"href":"https:\/\/millitv.net\/index.php?rest_route=%2Fwp%2Fv2%2Fcomments&post=11623"}],"version-history":[{"count":1,"href":"https:\/\/millitv.net\/index.php?rest_route=\/wp\/v2\/posts\/11623\/revisions"}],"predecessor-version":[{"id":11625,"href":"https:\/\/millitv.net\/index.php?rest_route=\/wp\/v2\/posts\/11623\/revisions\/11625"}],"wp:featuredmedia":[{"embeddable":true,"href":"https:\/\/millitv.net\/index.php?rest_route=\/wp\/v2\/media\/11624"}],"wp:attachment":[{"href":"https:\/\/millitv.net\/index.php?rest_route=%2Fwp%2Fv2%2Fmedia&parent=11623"}],"wp:term":[{"taxonomy":"category","embeddable":true,"href":"https:\/\/millitv.net\/index.php?rest_route=%2Fwp%2Fv2%2Fcategories&post=11623"},{"taxonomy":"post_tag","embeddable":true,"href":"https:\/\/millitv.net\/index.php?rest_route=%2Fwp%2Fv2%2Ftags&post=11623"}],"curies":[{"name":"wp","href":"https:\/\/api.w.org\/{rel}","templated":true}]}}