{"id":11607,"date":"2024-05-08T09:12:00","date_gmt":"2024-05-08T09:12:00","guid":{"rendered":"https:\/\/millitv.net\/?p=11607"},"modified":"2024-05-08T20:32:30","modified_gmt":"2024-05-08T20:32:30","slug":"aygunl%C9%99-faiqin-s%C9%99mimi-goruntul%C9%99ri-yayildi-foto","status":"publish","type":"post","link":"https:\/\/millitv.net\/?p=11607","title":{"rendered":"Faiq Ayg\u00fcn\u00fc buna g\u00f6r\u0259 \u00f6p\u00fcbm\u00fc\u015f &#8211; FOTO"},"content":{"rendered":"\n<p>Xalq artisti Ayg\u00fcn Kaz\u0131mova uzun ill\u0259rdir dostluq etdiyi h\u0259mkar\u0131, Xalq artisti Faiq A\u011fayevl\u0259 fotosunu payla\u015f\u0131b.<\/p>\n\n\n\n<p>Faiqin onu \u00f6pd\u00fcy\u00fc s\u0259mimi g\u00f6r\u00fcnt\u00fcl\u0259rini instaqramda izl\u0259yicil\u0259ri il\u0259 b\u00f6l\u00fc\u015f\u00fcb.<\/p>\n\n\n\n<p>\u0130fa\u00e7\u0131 fotolara\u00a0\u00fcr\u0259k emojisi qoymaqla kifay\u0259tl\u0259nib. \/\u00a0Yenisabah.az<\/p>\n\n\n\n<figure class=\"wp-block-image size-large\"><img loading=\"lazy\" decoding=\"async\" width=\"819\" height=\"1024\" src=\"https:\/\/millitv.net\/wp-content\/uploads\/2024\/05\/resize-59-819x1024.webp\" alt=\"\" class=\"wp-image-11608\" title=\"\" srcset=\"https:\/\/millitv.net\/wp-content\/uploads\/2024\/05\/resize-59-819x1024.webp 819w, https:\/\/millitv.net\/wp-content\/uploads\/2024\/05\/resize-59-240x300.webp 240w, https:\/\/millitv.net\/wp-content\/uploads\/2024\/05\/resize-59-768x960.webp 768w, https:\/\/millitv.net\/wp-content\/uploads\/2024\/05\/resize-59-1229x1536.webp 1229w, https:\/\/millitv.net\/wp-content\/uploads\/2024\/05\/resize-59.webp 1440w\" sizes=\"auto, (max-width: 819px) 100vw, 819px\" \/><\/figure>\n\n\n\n<figure class=\"wp-block-image\"><img decoding=\"async\" src=\"https:\/\/cdn.yenisabah.az\/resize.php?w=0&amp;h=0&amp;file=image_750x422_663b317b7ad65.jpg\" alt=\"\" title=\"\"><\/figure>\n","protected":false},"excerpt":{"rendered":"<p>Xalq artisti Ayg\u00fcn Kaz\u0131mova uzun ill\u0259rdir dostluq etdiyi h\u0259mkar\u0131, Xalq artisti Faiq A\u011fayevl\u0259 fotosunu payla\u015f\u0131b. Faiqin onu \u00f6pd\u00fcy\u00fc s\u0259mimi g\u00f6r\u00fcnt\u00fcl\u0259rini instaqramda izl\u0259yicil\u0259ri il\u0259 b\u00f6l\u00fc\u015f\u00fcb. \u0130fa\u00e7\u0131 fotolara\u00a0\u00fcr\u0259k emojisi qoymaqla kifay\u0259tl\u0259nib. \/\u00a0Yenisabah.az<\/p>\n","protected":false},"author":1,"featured_media":11609,"comment_status":"open","ping_status":"closed","sticky":false,"template":"","format":"standard","meta":{"footnotes":""},"categories":[8,6],"tags":[],"class_list":["post-11607","post","type-post","status-publish","format-standard","has-post-thumbnail","hentry","category-maraqli","category-maqazin"],"_links":{"self":[{"href":"https:\/\/millitv.net\/index.php?rest_route=\/wp\/v2\/posts\/11607","targetHints":{"allow":["GET"]}}],"collection":[{"href":"https:\/\/millitv.net\/index.php?rest_route=\/wp\/v2\/posts"}],"about":[{"href":"https:\/\/millitv.net\/index.php?rest_route=\/wp\/v2\/types\/post"}],"author":[{"embeddable":true,"href":"https:\/\/millitv.net\/index.php?rest_route=\/wp\/v2\/users\/1"}],"replies":[{"embeddable":true,"href":"https:\/\/millitv.net\/index.php?rest_route=%2Fwp%2Fv2%2Fcomments&post=11607"}],"version-history":[{"count":2,"href":"https:\/\/millitv.net\/index.php?rest_route=\/wp\/v2\/posts\/11607\/revisions"}],"predecessor-version":[{"id":11629,"href":"https:\/\/millitv.net\/index.php?rest_route=\/wp\/v2\/posts\/11607\/revisions\/11629"}],"wp:featuredmedia":[{"embeddable":true,"href":"https:\/\/millitv.net\/index.php?rest_route=\/wp\/v2\/media\/11609"}],"wp:attachment":[{"href":"https:\/\/millitv.net\/index.php?rest_route=%2Fwp%2Fv2%2Fmedia&parent=11607"}],"wp:term":[{"taxonomy":"category","embeddable":true,"href":"https:\/\/millitv.net\/index.php?rest_route=%2Fwp%2Fv2%2Fcategories&post=11607"},{"taxonomy":"post_tag","embeddable":true,"href":"https:\/\/millitv.net\/index.php?rest_route=%2Fwp%2Fv2%2Ftags&post=11607"}],"curies":[{"name":"wp","href":"https:\/\/api.w.org\/{rel}","templated":true}]}}