{"id":1157,"date":"2023-10-12T10:06:15","date_gmt":"2023-10-12T10:06:15","guid":{"rendered":"https:\/\/millinews.az\/xeber\/solts-almaniya-yaxin-s%C9%99rq-munaqis%C9%99sind%C9%99-yalniz-israilin-t%C9%99r%C9%99find%C9%99-movqe-tuta-bil%C9%99r\/"},"modified":"2023-10-12T10:06:15","modified_gmt":"2023-10-12T10:06:15","slug":"solts-almaniya-yaxin-s%C9%99rq-munaqis%C9%99sind%C9%99-yalniz-israilin-t%C9%99r%C9%99find%C9%99-movqe-tuta-bil%C9%99r","status":"publish","type":"post","link":"https:\/\/millitv.net\/?p=1157","title":{"rendered":"\u015eolts: \u201cAlmaniya Yax\u0131n \u015e\u0259rq m\u00fcnaqi\u015f\u0259sind\u0259 yaln\u0131z \u0130srailin t\u0259r\u0259find\u0259 m\u00f6vqe tuta bil\u0259r\u201d"},"content":{"rendered":"<p><img decoding=\"async\" src=\"https:\/\/cdn.oxu.az\/uploads\/W1siZiIsIjIwMjMvMTAvMTIvMTEvNTQvMDYvN2Q3NGMzY2MtMjYxZi00Y2EyLWE1NTgtZTRjZGNiMzE5OTNlL0ZvdG9KZXQgLSAyMDIzLTEwLTEyVDExNTMyMi4xMTAuanBnIl0sWyJwIiwiZW5jb2RlIiwianBnIiwiLXF1YWxpdHkgODAiXSxbInAiLCJ0aHVtYiIsIjYyMHg0NjVcdTAwM2UiXV0?sha=be9aee5237dc9427\" alt=\"\" title=\"\"><\/p>\n<div>\n<p>\u201cAlmaniya F\u0259l\u0259stin-\u0130srail m\u00fcnaqi\u015f\u0259sind\u0259 yaln\u0131z \u0130srailin t\u0259r\u0259find\u0259 m\u00f6vqe tuta bil\u0259r\u201d.<\/p>\n<p>Bunu Almaniya kansleri Olaf \u015eolts\u00a0Bundestaqda Yax\u0131n \u015e\u0259rqd\u0259ki v\u0259ziyy\u0259tl\u0259 ba\u011fl\u0131 h\u00f6kum\u0259t b\u0259yanat\u0131 il\u0259 \u00e7\u0131x\u0131\u015f ed\u0259rk\u0259n deyib.<\/p>\n<p>\u201cHaz\u0131rda Almaniyan\u0131n yaln\u0131z bir m\u00f6vqeyi var: bu da \u0130srailin yan\u0131nda olmaqd\u0131r\u201d, &#8211; dey\u0259 \u015eolts bildirib.<\/p>\n<p>Eyni zamanda o, \u0130srailin t\u0259hl\u00fck\u0259sizliyinin b\u0259rpa edilm\u0259li v\u0259 buna g\u00f6r\u0259 d\u0259 \u0130srailin \u00f6z\u00fcn\u00fc m\u00fcdafi\u0259 ed\u0259 bilm\u0259li oldu\u011funu vur\u011fulay\u0131b.<\/p>\n<p>\u201cBiz a\u00e7\u0131q \u015f\u0259kild\u0259 bildiririk ki, beyn\u0259lxalq h\u00fcquqa \u0259sas\u0259n, \u0130srail \u00f6z\u00fcn\u00fc v\u0259 v\u0259t\u0259nda\u015flar\u0131n\u0131 bu v\u0259h\u015fi h\u00fccumdan m\u00fcdafi\u0259 etm\u0259k h\u00fcququna malikdir\u201d, &#8211; dey\u0259 Almaniya kansleri bildirib.<\/p>\n<p>\u015eolts, h\u0259m\u00e7inin qeyd edib ki, \u00fc\u00e7\u00fcnc\u00fc q\u00fcvv\u0259l\u0259rin, o c\u00fcml\u0259d\u0259n \u201cHizbullah\u201d\u0131n \u0130srail\u0259 h\u00fccumu ba\u011f\u0131\u015flan\u0131lmayacaq bir s\u0259hv olacaq.<\/p>\n<p>M\u0259nb\u0259: TASS<\/p>\n<\/div>\n","protected":false},"excerpt":{"rendered":"<p>\u201cAlmaniya F\u0259l\u0259stin-\u0130srail m\u00fcnaqi\u015f\u0259sind\u0259 yaln\u0131z \u0130srailin t\u0259r\u0259find\u0259 m\u00f6vqe tuta bil\u0259r\u201d. Bunu Almaniya kansleri Olaf \u015eolts\u00a0Bundestaqda Yax\u0131n \u015e\u0259rqd\u0259ki v\u0259ziyy\u0259tl\u0259 ba\u011fl\u0131 h\u00f6kum\u0259t b\u0259yanat\u0131 il\u0259 \u00e7\u0131x\u0131\u015f ed\u0259rk\u0259n deyib. \u201cHaz\u0131rda Almaniyan\u0131n yaln\u0131z bir m\u00f6vqeyi var: bu da \u0130srailin yan\u0131nda olmaqd\u0131r\u201d, &#8211; dey\u0259 \u015eolts bildirib. Eyni zamanda o, \u0130srailin t\u0259hl\u00fck\u0259sizliyinin b\u0259rpa edilm\u0259li v\u0259 buna g\u00f6r\u0259 d\u0259 \u0130srailin \u00f6z\u00fcn\u00fc m\u00fcdafi\u0259 ed\u0259 bilm\u0259li &hellip;<\/p>\n","protected":false},"author":1,"featured_media":1158,"comment_status":"open","ping_status":"closed","sticky":false,"template":"","format":"standard","meta":{"footnotes":""},"categories":[9],"tags":[],"class_list":["post-1157","post","type-post","status-publish","format-standard","has-post-thumbnail","hentry","category-xeber"],"_links":{"self":[{"href":"https:\/\/millitv.net\/index.php?rest_route=\/wp\/v2\/posts\/1157","targetHints":{"allow":["GET"]}}],"collection":[{"href":"https:\/\/millitv.net\/index.php?rest_route=\/wp\/v2\/posts"}],"about":[{"href":"https:\/\/millitv.net\/index.php?rest_route=\/wp\/v2\/types\/post"}],"author":[{"embeddable":true,"href":"https:\/\/millitv.net\/index.php?rest_route=\/wp\/v2\/users\/1"}],"replies":[{"embeddable":true,"href":"https:\/\/millitv.net\/index.php?rest_route=%2Fwp%2Fv2%2Fcomments&post=1157"}],"version-history":[{"count":0,"href":"https:\/\/millitv.net\/index.php?rest_route=\/wp\/v2\/posts\/1157\/revisions"}],"wp:featuredmedia":[{"embeddable":true,"href":"https:\/\/millitv.net\/index.php?rest_route=\/wp\/v2\/media\/1158"}],"wp:attachment":[{"href":"https:\/\/millitv.net\/index.php?rest_route=%2Fwp%2Fv2%2Fmedia&parent=1157"}],"wp:term":[{"taxonomy":"category","embeddable":true,"href":"https:\/\/millitv.net\/index.php?rest_route=%2Fwp%2Fv2%2Fcategories&post=1157"},{"taxonomy":"post_tag","embeddable":true,"href":"https:\/\/millitv.net\/index.php?rest_route=%2Fwp%2Fv2%2Ftags&post=1157"}],"curies":[{"name":"wp","href":"https:\/\/api.w.org\/{rel}","templated":true}]}}