{"id":11554,"date":"2024-05-06T21:58:34","date_gmt":"2024-05-06T21:58:34","guid":{"rendered":"https:\/\/millitv.net\/?p=11554"},"modified":"2024-05-06T21:58:36","modified_gmt":"2024-05-06T21:58:36","slug":"em%C9%99kdar-artist-yusif-mustafayevin-istirak-etdiyi-toy-yarida-dayandirildi","status":"publish","type":"post","link":"https:\/\/millitv.net\/?p=11554","title":{"rendered":"\u018fm\u0259kdar artist Yusif Mustafayevin i\u015ftirak etdiyi toy yar\u0131da dayand\u0131r\u0131ld\u0131"},"content":{"rendered":"\n<p>Az\u0259rbaycanda may ay\u0131n\u0131n \u0259vv\u0259lind\u0259n ba\u015flayan&nbsp;qeyri-sabit hava \u015f\u0259raiti davam edir.<\/p>\n\n\n\n<p>Bir \u00e7ox b\u00f6lg\u0259l\u0259r\u0259 leysan xarakterli ya\u011f\u0131\u015flar ya\u011f\u0131b, b\u0259zil\u0259rin\u0259 is\u0259 dolu d\u00fc\u015f\u00fcb.<\/p>\n\n\n\n<p>Bel\u0259 ki, sosial \u015f\u0259b\u0259k\u0259l\u0259rd\u0259 h\u0259tta g\u00fccl\u00fc dolunun \u201cpalatka\u201d toyunu yar\u0131m\u00e7\u0131q dayand\u0131rmas\u0131 il\u0259 ba\u011fl\u0131 g\u00f6r\u00fcnt\u00fcl\u0259r d\u0259 yay\u0131l\u0131b.<\/p>\n\n\n\n<p>Bildirilib ki, \u018fm\u0259kdar artist Yusif Mustafayevin d\u0259 i\u015ftirak etdiyi toy yar\u0131da k\u0259silib.<\/p>\n\n\n\n<p>Hadis\u0259nin hans\u0131 b\u00f6lg\u0259d\u0259 ba\u015f verdiyi is\u0259 qeyd edilm\u0259yib. \/ oxu.az<\/p>\n","protected":false},"excerpt":{"rendered":"<p>Az\u0259rbaycanda may ay\u0131n\u0131n \u0259vv\u0259lind\u0259n ba\u015flayan&nbsp;qeyri-sabit hava \u015f\u0259raiti davam edir. Bir \u00e7ox b\u00f6lg\u0259l\u0259r\u0259 leysan xarakterli ya\u011f\u0131\u015flar ya\u011f\u0131b, b\u0259zil\u0259rin\u0259 is\u0259 dolu d\u00fc\u015f\u00fcb. Bel\u0259 ki, sosial \u015f\u0259b\u0259k\u0259l\u0259rd\u0259 h\u0259tta g\u00fccl\u00fc dolunun \u201cpalatka\u201d toyunu yar\u0131m\u00e7\u0131q dayand\u0131rmas\u0131 il\u0259 ba\u011fl\u0131 g\u00f6r\u00fcnt\u00fcl\u0259r d\u0259 yay\u0131l\u0131b. Bildirilib ki, \u018fm\u0259kdar artist Yusif Mustafayevin d\u0259 i\u015ftirak etdiyi toy yar\u0131da k\u0259silib. Hadis\u0259nin hans\u0131 b\u00f6lg\u0259d\u0259 ba\u015f verdiyi is\u0259 qeyd &hellip;<\/p>\n","protected":false},"author":1,"featured_media":11555,"comment_status":"open","ping_status":"closed","sticky":false,"template":"","format":"standard","meta":{"footnotes":""},"categories":[6,3],"tags":[],"class_list":["post-11554","post","type-post","status-publish","format-standard","has-post-thumbnail","hentry","category-maqazin","category-olke"],"_links":{"self":[{"href":"https:\/\/millitv.net\/index.php?rest_route=\/wp\/v2\/posts\/11554","targetHints":{"allow":["GET"]}}],"collection":[{"href":"https:\/\/millitv.net\/index.php?rest_route=\/wp\/v2\/posts"}],"about":[{"href":"https:\/\/millitv.net\/index.php?rest_route=\/wp\/v2\/types\/post"}],"author":[{"embeddable":true,"href":"https:\/\/millitv.net\/index.php?rest_route=\/wp\/v2\/users\/1"}],"replies":[{"embeddable":true,"href":"https:\/\/millitv.net\/index.php?rest_route=%2Fwp%2Fv2%2Fcomments&post=11554"}],"version-history":[{"count":1,"href":"https:\/\/millitv.net\/index.php?rest_route=\/wp\/v2\/posts\/11554\/revisions"}],"predecessor-version":[{"id":11556,"href":"https:\/\/millitv.net\/index.php?rest_route=\/wp\/v2\/posts\/11554\/revisions\/11556"}],"wp:featuredmedia":[{"embeddable":true,"href":"https:\/\/millitv.net\/index.php?rest_route=\/wp\/v2\/media\/11555"}],"wp:attachment":[{"href":"https:\/\/millitv.net\/index.php?rest_route=%2Fwp%2Fv2%2Fmedia&parent=11554"}],"wp:term":[{"taxonomy":"category","embeddable":true,"href":"https:\/\/millitv.net\/index.php?rest_route=%2Fwp%2Fv2%2Fcategories&post=11554"},{"taxonomy":"post_tag","embeddable":true,"href":"https:\/\/millitv.net\/index.php?rest_route=%2Fwp%2Fv2%2Ftags&post=11554"}],"curies":[{"name":"wp","href":"https:\/\/api.w.org\/{rel}","templated":true}]}}