{"id":11482,"date":"2024-05-05T13:06:48","date_gmt":"2024-05-05T13:06:48","guid":{"rendered":"https:\/\/millitv.net\/?p=11482"},"modified":"2024-05-05T13:06:50","modified_gmt":"2024-05-05T13:06:50","slug":"usaqpulu-il%C9%99-bagli-muhum-aciqlama-ayda-h%C9%99r-ail%C9%99y%C9%99-100-manat","status":"publish","type":"post","link":"https:\/\/millitv.net\/?p=11482","title":{"rendered":"U\u015faqpulu il\u0259 ba\u011fl\u0131 m\u00fch\u00fcm a\u00e7\u0131qlama: Ayda h\u0259r ail\u0259y\u0259 100 manat\u2026"},"content":{"rendered":"\n<p><strong>\u0130st\u0259r \u0259rzaq, ist\u0259r geyim, ist\u0259rs\u0259 d\u0259 dig\u0259r m\u0259hsullar xeyli bahala\u015f\u0131b. Bir \u00e7ox ail\u0259l\u0259r ayl\u0131q x\u0259rcl\u0259rin \u00e7ox, g\u0259lirl\u0259rin is\u0259 az oldu\u011funu deyir. Bu s\u0259b\u0259bd\u0259n d\u0259 u\u015faqpulunun yenid\u0259n verilm\u0259sin\u0259 \u00fcmid edirl\u0259r. H\u0259tta deputat Sabir R\u00fcst\u0259mxanl\u0131 da m\u00fcsahib\u0259l\u0259rinin birind\u0259 h\u00f6kum\u0259tin u\u015faqpulu verm\u0259sinin t\u0259r\u0259fdar\u0131 oldu\u011funu bildirib.<\/strong><\/p>\n\n\n\n<p>M\u00f6vzunu Globalinfo.az-a\u00a0\u015f\u0259rh ed\u0259n deputat Fazil Mustafa m\u0259hsullar\u0131n bahala\u015fmas\u0131n\u0131n u\u015faqpulunun verilm\u0259si il\u0259 \u0259laq\u0259li m\u0259s\u0259l\u0259 olmad\u0131\u011f\u0131n deyib. Onun s\u00f6zl\u0259rin\u0259 g\u00f6r\u0259, bu, birba\u015fa inflyasiya il\u0259 ba\u011fl\u0131d\u0131r:<\/p>\n\n\n\n<p>\u201c\u0130nflyasiyada qoruyucu mexanizm olaraq \u0259m\u0259k haqlar\u0131n\u0131n art\u0131r\u0131lmas\u0131ndan s\u00f6hb\u0259t ged\u0259 bil\u0259r. \u018fsas probleml\u0259rd\u0259n biri d\u0259 i\u015f yerl\u0259rinin a\u00e7\u0131lmas\u0131d\u0131r. Bizd\u0259 i\u015f yerl\u0259ri b\u0259z\u0259n statistik olaraq m\u00fc\u0259yy\u0259n r\u0259q\u0259ml\u0259rl\u0259 g\u00f6st\u0259rilir. Amma burada v\u0259t\u0259nda\u015flar\u0131n orta ayl\u0131q \u0259m\u0259k haqq\u0131ndan y\u00fcks\u0259k maa\u015f almas\u0131 \u00f6n\u0259mlidir ki, onlar da t\u0259l\u0259batlar\u0131n\u0131 h\u0259yata ke\u00e7ir\u0259 bilsinl\u0259r. Ona g\u00f6r\u0259 d\u0259 burada m\u0259\u015f\u011fulluq siyas\u0259tini daha ciddi \u015f\u0259kild\u0259 inki\u015faf etdirm\u0259k laz\u0131md\u0131r v\u0259 insanlar\u0131n al\u0131c\u0131l\u0131q qabiliyy\u0259ti y\u00fcks\u0259lm\u0259lidir\u201d.<\/p>\n\n\n\n<p>Deputat deyib ki, u\u015faqpulu \u00fcmumil\u0259\u015fdirilmi\u015f termindir:<\/p>\n\n\n\n<p>\u201c\u018fslind\u0259, insanlara ayr\u0131-ayr\u0131 formalarda m\u00fcavin\u0259tl\u0259r verilir. T\u0259bii ki, m\u00fcavin\u0259tl\u0259rin kateqoriyas\u0131n\u0131 geni\u015fl\u0259ndirm\u0259k laz\u0131md\u0131r. Kateqoriya geni\u015fl\u0259n\u0259nd\u0259 art\u0131q \u201cu\u015faqpulu\u201d dediyimiz v\u0259sait b\u00fct\u00fcn sah\u0259l\u0259ri \u0259hat\u0259 ed\u0259 bil\u0259r. Bu m\u00fcavin\u0259tl\u0259r d\u0259 ayr\u0131-ayr\u0131 ehtiyac\u0131 olan insanlar t\u0259r\u0259find\u0259n al\u0131na bilir. Ona g\u00f6r\u0259 d\u0259 bel\u0259 m\u0259s\u0259l\u0259l\u0259ri bir-biri il\u0259 \u0259laq\u0259l\u0259ndir\u0259rk\u0259n bir q\u0259d\u0259r diqq\u0259tli olmal\u0131y\u0131q. \u00c7\u00fcnki bilavasit\u0259 v\u0259t\u0259nda\u015f\u0131n inflyasiyan\u0131n basq\u0131s\u0131ndan qorunmas\u0131 \u00fc\u00e7\u00fcn iki istiqam\u0259td\u0259 t\u0259dbirl\u0259r \u00f6n\u0259mlidir: \u0259m\u0259k haqlar\u0131n\u0131n art\u0131r\u0131lmas\u0131 v\u0259 \u0259n ba\u015fl\u0131cas\u0131, al\u0131c\u0131l\u0131q qabiliyy\u0259tinin yarad\u0131lmas\u0131. Burada s\u00f6hb\u0259t i\u015f yerl\u0259rinin yarad\u0131lmas\u0131ndan v\u0259 normal maa\u015fla t\u0259min olunmaqdan gedir. Bu da azad sahibkarl\u0131\u011f\u0131n inki\u015faf\u0131na d\u0259st\u0259k verilm\u0259sind\u0259n ke\u00e7ir ki, sahibkarlar d\u00f6vl\u0259tin y\u00fck\u00fcn\u00fc m\u00fc\u0259yy\u0259n q\u0259d\u0259r \u00fcz\u0259rl\u0259rin\u0259 g\u00f6t\u00fcr\u0259 bilsinl\u0259r v\u0259 i\u015f yerl\u0259ri a\u00e7araq iqtisadiyyat\u0131 aktiv d\u00f6vriyy\u0259 sistemin\u0259 g\u0259tirsinl\u0259r\u201d.<\/p>\n\n\n\n<p>\u0130qtisad\u00e7\u0131 Natiq C\u0259f\u0259rlinin s\u00f6zl\u0259rin\u0259 g\u00f6r\u0259, Az\u0259rbaycanda uzun zamand\u0131r ki, u\u015faqpulu m\u0259s\u0259l\u0259si m\u00fczakir\u0259 obyektin\u0259 \u00e7evrilib:<\/p>\n\n\n\n<p>\u201cBurada problem h\u00f6kum\u0259tin \u00f6z m\u00f6vqeyini c\u0259miyy\u0259t\u0259 normal \u015f\u0259kild\u0259 izah ed\u0259 bilm\u0259m\u0259sidir. \u018fslind\u0259, Az\u0259rbaycanda 5-6 istiqam\u0259t \u00fczr\u0259 \u201cu\u015faqpulu\u201d verilir, amma bunun ad\u0131 u\u015faqpulu deyil. T\u0259xmini 500 milyon manata yax\u0131n m\u00fcxt\u0259lif istiqam\u0259tl\u0259rd\u0259 bu c\u00fcr adland\u0131ra bilin\u0259c\u0259k x\u0259rcl\u0259r m\u00f6vcuddur. Bel\u0259 p\u0259rak\u0259nd\u0259likd\u0259ns\u0259, bunun xalq dilind\u0259 v\u0259 xalq\u0131n g\u00f6zl\u0259ntil\u0259ri \u00e7\u0259r\u00e7iv\u0259sind\u0259 ad\u0131n\u0131 u\u015faqpulu qoymaqla, bu v\u0259saitin ayr\u0131lmas\u0131 il\u0259 ba\u011fl\u0131 add\u0131m-add\u0131m q\u0259rarlar\u0131n verilm\u0259sin\u0259 ehtiyac var. Bizim iki il bundan \u00f6nc\u0259 t\u0259klif el\u0259diyimiz sxem ondan ibar\u0259t idi ki, ilk m\u0259rh\u0259l\u0259d\u0259 Az\u0259rbaycanda u\u015faqlar\u0131n say\u0131n\u0131 n\u0259z\u0259r\u0259 alaraq, u\u015faqpulu verm\u0259k laz\u0131md\u0131r.<\/p>\n\n\n\n<p>Ail\u0259d\u0259 \u0259n \u00e7ox ikinci u\u015faq problemi var. Birinci u\u015fa\u011f\u0131 planla\u015fd\u0131randa ail\u0259 \u00f6z\u00fc d\u0259 maddi v\u0259ziyy\u0259tini n\u0259z\u0259r\u0259 alaraq, onu daha rahat \u015f\u0259kild\u0259 planla\u015fd\u0131ra bilir. \u0130kinci u\u015fa\u011f\u0131 b\u00f6y\u00fctm\u0259k is\u0259 \u00e7\u0259tindir. Ail\u0259l\u0259rin bir \u00e7oxu dolan\u0131\u015f\u0131qla, x\u0259rcl\u0259rin \u00e7ox olmas\u0131 il\u0259 \u0259laq\u0259li \u00e7\u0259kinirl\u0259r. Ona g\u00f6r\u0259 d\u0259 t\u0259klif etmi\u015fdik ki, \u00f6lk\u0259d\u0259 900 mind\u0259n \u00e7ox m\u0259hz ikinci u\u015faq oldu\u011funa g\u00f6r\u0259, 0-18 ya\u015f aras\u0131 u\u015faqlara birinci m\u0259rh\u0259l\u0259d\u0259 ayda 100 manat verm\u0259kl\u0259 \u00f6d\u0259ni\u015fl\u0259r etm\u0259k olar. Bu da t\u0259qrib\u0259n ayda 1 milyard manata yax\u0131n v\u0259sait edir\u201d.<\/p>\n\n\n\n<p>\u0130qtisad\u00e7\u0131 deyib ki, onsuz da m\u00fcxt\u0259lif adlarla m\u00fc\u0259yy\u0259n istiqam\u0259tl\u0259rd\u0259 v\u0259sait x\u0259rcl\u0259nir:<\/p>\n\n\n\n<p>\u201cDem\u0259li, c\u0259mi 500 milyon manat art\u0131rmaqla ilk add\u0131m\u0131 atmaq olar. Bundan sonra art\u0131q n\u00f6vb\u0259ti ill\u0259rd\u0259 \u00f6lk\u0259nin iqtisadi v\u0259ziyy\u0259ti daha da g\u00fccl\u0259ndikc\u0259 dig\u0259r u\u015faqlara, y\u0259ni 3-c\u00fc, 4-c\u00fc, 5-ci u\u015fa\u011fa da bu yana\u015fma t\u0259tbiq oluna bil\u0259r. Ayda 100 manat civar\u0131nda u\u015faqpulunun verilm\u0259si d\u00f6vl\u0259t b\u00fcdc\u0259sin\u0259 o q\u0259d\u0259r d\u0259 b\u00f6y\u00fck y\u00fck olmaz. Amma bu m\u0259bl\u0259\u011f ail\u0259l\u0259rin y\u00fck\u00fcn\u00fcn xeyli d\u0259r\u0259c\u0259d\u0259 azalmas\u0131na s\u0259b\u0259b ola bil\u0259r\u201d.<\/p>\n","protected":false},"excerpt":{"rendered":"<p>\u0130st\u0259r \u0259rzaq, ist\u0259r geyim, ist\u0259rs\u0259 d\u0259 dig\u0259r m\u0259hsullar xeyli bahala\u015f\u0131b. Bir \u00e7ox ail\u0259l\u0259r ayl\u0131q x\u0259rcl\u0259rin \u00e7ox, g\u0259lirl\u0259rin is\u0259 az oldu\u011funu deyir. Bu s\u0259b\u0259bd\u0259n d\u0259 u\u015faqpulunun yenid\u0259n verilm\u0259sin\u0259 \u00fcmid edirl\u0259r. H\u0259tta deputat Sabir R\u00fcst\u0259mxanl\u0131 da m\u00fcsahib\u0259l\u0259rinin birind\u0259 h\u00f6kum\u0259tin u\u015faqpulu verm\u0259sinin t\u0259r\u0259fdar\u0131 oldu\u011funu bildirib. M\u00f6vzunu Globalinfo.az-a\u00a0\u015f\u0259rh ed\u0259n deputat Fazil Mustafa m\u0259hsullar\u0131n bahala\u015fmas\u0131n\u0131n u\u015faqpulunun verilm\u0259si il\u0259 \u0259laq\u0259li m\u0259s\u0259l\u0259 &hellip;<\/p>\n","protected":false},"author":1,"featured_media":11483,"comment_status":"open","ping_status":"closed","sticky":false,"template":"","format":"standard","meta":{"footnotes":""},"categories":[6,8,3],"tags":[],"class_list":["post-11482","post","type-post","status-publish","format-standard","has-post-thumbnail","hentry","category-maqazin","category-maraqli","category-olke"],"_links":{"self":[{"href":"https:\/\/millitv.net\/index.php?rest_route=\/wp\/v2\/posts\/11482","targetHints":{"allow":["GET"]}}],"collection":[{"href":"https:\/\/millitv.net\/index.php?rest_route=\/wp\/v2\/posts"}],"about":[{"href":"https:\/\/millitv.net\/index.php?rest_route=\/wp\/v2\/types\/post"}],"author":[{"embeddable":true,"href":"https:\/\/millitv.net\/index.php?rest_route=\/wp\/v2\/users\/1"}],"replies":[{"embeddable":true,"href":"https:\/\/millitv.net\/index.php?rest_route=%2Fwp%2Fv2%2Fcomments&post=11482"}],"version-history":[{"count":1,"href":"https:\/\/millitv.net\/index.php?rest_route=\/wp\/v2\/posts\/11482\/revisions"}],"predecessor-version":[{"id":11484,"href":"https:\/\/millitv.net\/index.php?rest_route=\/wp\/v2\/posts\/11482\/revisions\/11484"}],"wp:featuredmedia":[{"embeddable":true,"href":"https:\/\/millitv.net\/index.php?rest_route=\/wp\/v2\/media\/11483"}],"wp:attachment":[{"href":"https:\/\/millitv.net\/index.php?rest_route=%2Fwp%2Fv2%2Fmedia&parent=11482"}],"wp:term":[{"taxonomy":"category","embeddable":true,"href":"https:\/\/millitv.net\/index.php?rest_route=%2Fwp%2Fv2%2Fcategories&post=11482"},{"taxonomy":"post_tag","embeddable":true,"href":"https:\/\/millitv.net\/index.php?rest_route=%2Fwp%2Fv2%2Ftags&post=11482"}],"curies":[{"name":"wp","href":"https:\/\/api.w.org\/{rel}","templated":true}]}}