{"id":1147,"date":"2023-10-12T09:16:09","date_gmt":"2023-10-12T09:16:09","guid":{"rendered":"https:\/\/millinews.az\/xeber\/ceyhun-bayramovun-antoniu-quterres%C9%99-m%C9%99ktubu-bmt-nin-s%C9%99n%C9%99di-kimi-yayilib\/"},"modified":"2023-10-12T09:16:09","modified_gmt":"2023-10-12T09:16:09","slug":"ceyhun-bayramovun-antoniu-quterres%C9%99-m%C9%99ktubu-bmt-nin-s%C9%99n%C9%99di-kimi-yayilib","status":"publish","type":"post","link":"https:\/\/millitv.net\/?p=1147","title":{"rendered":"Ceyhun Bayramovun Antoniu Quterre\u015f\u0259 m\u0259ktubu BMT-nin s\u0259n\u0259di kimi yay\u0131l\u0131b"},"content":{"rendered":"<div id=\"maincontent\">&#13;<br \/>\n        &#13;<\/p>\n<p><strong>Xarici i\u015fl\u0259r naziri Ceyhun Bayramovun \u00f6lk\u0259 t\u0259r\u0259find\u0259n Az\u0259rbaycan\u0131n Qaraba\u011f b\u00f6lg\u0259sind\u0259 apar\u0131lm\u0131\u015f lokal xarakterli antiterror t\u0259dbirl\u0259rinin n\u0259tic\u0259l\u0259ri, \u0259razil\u0259rd\u0259 qanunsuz f\u0259aliyy\u0259tini davam etdir\u0259n erm\u0259ni silahl\u0131 q\u00fcvv\u0259l\u0259rinin t\u0259rksilah edilm\u0259sin\u0259 dair 27 sentyabr 2023-c\u00fc il tarixind\u0259 BMT ba\u015f katibin\u0259 \u00fcnvanland\u0131\u011f\u0131 m\u0259ktub v\u0259 t\u0259rksilah prosesi \u00e7\u0259r\u00e7iv\u0259sind\u0259 t\u0259slim edilmi\u015f silah v\u0259 sursatlar\u0131n foto\u015f\u0259kill\u0259rini \u0259ks etdir\u0259n \u0259lav\u0259 m\u0259lumat BMT T\u0259hl\u00fck\u0259sizlik \u015euras\u0131n\u0131n v\u0259 Ba\u015f Assambleyas\u0131n\u0131n s\u0259n\u0259dl\u0259ri kimi yay\u0131l\u0131b.<\/strong><\/p>\n<p>Bu bar\u0259d\u0259 <a href=\"https:\/\/Millinews.az\" target=\"_blank\" class=\"kw-link\" rel=\"noopener\">Millinews.az<\/a>-a Az\u0259rbaycan X\u0130N-d\u0259n m\u0259lumat verilib. &#13;\n<\/p>\n<p>M\u0259ktubda, Az\u0259rbaycan\u0131n Qaraba\u011f b\u00f6lg\u0259sind\u0259 \u00f6lk\u0259mizin \u0259razi b\u00fct\u00f6vl\u00fcy\u00fc v\u0259 suverenliyin\u0259 t\u0259hdidl\u0259r t\u00f6r\u0259d\u0259n erm\u0259ni silahl\u0131 q\u00fcvv\u0259l\u0259rinin qanunsuz m\u00f6vcudlu\u011funa son qoymaq m\u0259qs\u0259dil\u0259 \u00f6lk\u0259mizin beyn\u0259lxalq humanitar h\u00fcquqa tam \u015f\u0259kild\u0259 uy\u011fun olaraq \u00f6z\u00fcn\u00fcn suveren \u0259razisind\u0259 h\u0259yata ke\u00e7irdiyi lokal xarakterli antiterror t\u0259dbirl\u0259rinin n\u0259tic\u0259l\u0259ri bar\u0259d\u0259 m\u0259lumat verilib.<\/p>\n<p>Bu konteksd\u0259, \u00f6lk\u0259miz t\u0259r\u0259find\u0259n apar\u0131lan erm\u0259ni silahl\u0131 q\u00fcvv\u0259l\u0259rinin t\u0259rksilah prosesi, demobilizasiya v\u0259 reinterasiya s\u0259yl\u0259ri bar\u0259d\u0259 m\u0259lumat verilib.<\/p>\n<p>Qanunsuz erm\u0259ni birl\u0259\u015fm\u0259l\u0259rinin t\u0259rksilah prosesi \u00e7\u0259r\u00e7iv\u0259sind\u0259 t\u0259slim edilmi\u015f silah v\u0259 sursatlar\u0131n h\u0259cminin Az\u0259rbaycan\u0131n suveren \u0259razil\u0259rinin h\u0259rbil\u0259\u015fmi\u015f zonaya \u00e7evrilm\u0259sinin, habel\u0259 \u00dc\u00e7t\u0259r\u0259fli B\u0259yanat\u0131n m\u00fcdd\u0259alar\u0131na zidd olaraq Erm\u0259nistan t\u0259r\u0259find\u0259n qeyri-qanuni yollarla davaml\u0131 olaraq geni\u015fmiqyasl\u0131 da\u011f\u0131d\u0131c\u0131 silah-sursatla t\u0259min olunmas\u0131n\u0131n bariz n\u00fcmun\u0259si oldu\u011fu diqq\u0259t\u0259 \u00e7atd\u0131r\u0131l\u0131b.<\/p>\n<p>Erm\u0259nistan\u0131n bu kimi destruktiv v\u0259 qeyri-s\u0259mimi davran\u0131\u015flar\u0131n\u0131n Az\u0259rbaycan t\u0259r\u0259find\u0259n ba\u015flad\u0131lan v\u0259 son 3 ild\u0259 davam etdiril\u0259n b\u00f6lg\u0259d\u0259 s\u00fclh v\u0259 sabitliyin t\u0259min edilm\u0259sin\u0259 y\u00f6n\u0259lik s\u00fclh prosesi s\u0259yl\u0259rin\u0259 x\u0259l\u0259l g\u0259tirdiyi vur\u011fulan\u0131b.<\/p>\n<p>M\u0259ktubda, h\u0259m\u00e7inin \u00f6lk\u0259miz t\u0259r\u0259find\u0259n Az\u0259rbaycan\u0131n Qaraba\u011f b\u00f6lg\u0259sinin yerli erm\u0259ni \u0259halisinin reinteqrasiyas\u0131 \u00e7\u0259r\u00e7iv\u0259sind\u0259 \u00f6lk\u0259miz t\u0259r\u0259find\u0259n g\u00f6r\u00fcl\u0259n i\u015fl\u0259rd\u0259n b\u0259hs edilib. Lokal xarakterli antiterror t\u0259dbirl\u0259ri yekunla\u015fd\u0131qdan d\u0259rhal sonra reinterasiya istiqam\u0259tind\u0259 praktiki i\u015fl\u0259r\u0259 ba\u015flan\u0131ld\u0131\u011f\u0131, m\u00fcvafiq i\u015f\u00e7i qrupun yarad\u0131ld\u0131\u011f\u0131, 21 sentyabr tarixind\u0259 Yevlax g\u00f6r\u00fc\u015f\u00fcn\u00fcn ke\u00e7irildiyi, 24 sentyabr tarixind\u0259 Xank\u0259ndi \u015f\u0259h\u0259rinin Az\u0259rbaycan\u0131n enerji sistemin\u0259 qo\u015fuldu\u011fu v\u0259 bununla da yerli erm\u0259ni \u0259halisinin fasil\u0259siz elektrik enerjisi il\u0259 t\u0259chiz edildiyi bildirilib.<\/p>\n<p>Habel\u0259, m\u0259ktubda BMT-nin Ba\u015f katibi La\u00e7\u0131n-Xank\u0259ndi v\u0259 A\u011fdam-Xank\u0259ndi yollar\u0131 vasit\u0259sil\u0259 yerli erm\u0259ni \u0259halisin\u0259 \u00e7atd\u0131r\u0131lan humanitar yard\u0131mlar bar\u0259d\u0259 m\u0259lumatland\u0131r\u0131l\u0131b.<\/p>\n<p>Sonda \u00f6lk\u0259mizin yerli erm\u0259ni sakinl\u0259rinin b\u00fct\u00fcn h\u00fcquqlar\u0131n\u0131n v\u0259 t\u0259hl\u00fck\u0259sizliyinin t\u0259min edilm\u0259si, habel\u0259 Az\u0259rbaycan\u0131n sosial, iqtisadi, h\u00fcquqi v\u0259 konstitusion \u00e7\u0259r\u00e7iv\u0259sin\u0259 reinteqrasiyas\u0131 istiqam\u0259tind\u0259 s\u0259yl\u0259r\u0259 sars\u0131lmaz sadiqliyi bir daha vur\u011fulan\u0131b, bu tarixi m\u0259qamda beyn\u0259lxalq ictimaiyy\u0259t t\u0259r\u0259find\u0259n nifr\u0259t v\u0259 d\u00fc\u015fm\u0259n\u00e7iliy\u0259 y\u00f6n\u0259lmi\u015f ist\u0259nil\u0259n s\u0259yl\u0259ri q\u0259tiyy\u0259tl\u0259 r\u0259dd etm\u0259y\u0259 v\u0259 dinc yana\u015f\u0131 ya\u015famaq s\u0259yl\u0259rini d\u0259st\u0259kl\u0259m\u0259y\u0259 \u00e7a\u011f\u0131r\u0131\u015f edilib.<\/p>\n<p>M\u0259ktubun tam m\u0259tni il\u0259 bu <noindex><a href=\"https:\/\/documents-dds-ny.un.org\/doc\/UNDOC\/GEN\/N23\/281\/65\/pdf\/N2328165.pdf?OpenElement\" target=\"_blank\" rel=\"noopener\">ke\u00e7id<\/a><\/noindex> vasit\u0259sil\u0259 tan\u0131\u015f olmaq m\u00fcmk\u00fcnd\u00fcr.&#13;<br \/>\n        &#13;<br \/>\n&#13;<br \/>\n        &#13;<br \/>\n&#13;\n        <\/p>\n<p><noscript><\/p>\n<p>You must enable Javascript on your browser for the site to work optimally and display sections completely.<\/p>\n<p><\/noscript>\t\t&#13;<br \/>\n\t\t&#13;\n    <\/div>\n<p><script type=\"text\/javascript\">jQuery(document).ready(function () {\n(function(d, s, id) {\n    var js, fjs = d.getElementsByTagName(s)[0];\n    if (d.getElementById(id))\n        return;\n    js = d.createElement(s);\n    js.id = id;\n    js.src = \"\/\/connect.facebook.net\/az_AZ\/all.js#xfbml=1&appId=1002485763137712\";\n    fjs.parentNode.insertBefore(js, fjs);\n}(document, 'script', 'facebook-jssdk'));                \n});<\/script><\/p>\n","protected":false},"excerpt":{"rendered":"<p>&#13; &#13; Xarici i\u015fl\u0259r naziri Ceyhun Bayramovun \u00f6lk\u0259 t\u0259r\u0259find\u0259n Az\u0259rbaycan\u0131n Qaraba\u011f b\u00f6lg\u0259sind\u0259 apar\u0131lm\u0131\u015f lokal xarakterli antiterror t\u0259dbirl\u0259rinin n\u0259tic\u0259l\u0259ri, \u0259razil\u0259rd\u0259 qanunsuz f\u0259aliyy\u0259tini davam etdir\u0259n erm\u0259ni silahl\u0131 q\u00fcvv\u0259l\u0259rinin t\u0259rksilah edilm\u0259sin\u0259 dair 27 sentyabr 2023-c\u00fc il tarixind\u0259 BMT ba\u015f katibin\u0259 \u00fcnvanland\u0131\u011f\u0131 m\u0259ktub v\u0259 t\u0259rksilah prosesi \u00e7\u0259r\u00e7iv\u0259sind\u0259 t\u0259slim edilmi\u015f silah v\u0259 sursatlar\u0131n foto\u015f\u0259kill\u0259rini \u0259ks etdir\u0259n \u0259lav\u0259 m\u0259lumat BMT T\u0259hl\u00fck\u0259sizlik &hellip;<\/p>\n","protected":false},"author":1,"featured_media":1148,"comment_status":"open","ping_status":"closed","sticky":false,"template":"","format":"standard","meta":{"footnotes":""},"categories":[9],"tags":[],"class_list":["post-1147","post","type-post","status-publish","format-standard","has-post-thumbnail","hentry","category-xeber"],"_links":{"self":[{"href":"https:\/\/millitv.net\/index.php?rest_route=\/wp\/v2\/posts\/1147","targetHints":{"allow":["GET"]}}],"collection":[{"href":"https:\/\/millitv.net\/index.php?rest_route=\/wp\/v2\/posts"}],"about":[{"href":"https:\/\/millitv.net\/index.php?rest_route=\/wp\/v2\/types\/post"}],"author":[{"embeddable":true,"href":"https:\/\/millitv.net\/index.php?rest_route=\/wp\/v2\/users\/1"}],"replies":[{"embeddable":true,"href":"https:\/\/millitv.net\/index.php?rest_route=%2Fwp%2Fv2%2Fcomments&post=1147"}],"version-history":[{"count":0,"href":"https:\/\/millitv.net\/index.php?rest_route=\/wp\/v2\/posts\/1147\/revisions"}],"wp:featuredmedia":[{"embeddable":true,"href":"https:\/\/millitv.net\/index.php?rest_route=\/wp\/v2\/media\/1148"}],"wp:attachment":[{"href":"https:\/\/millitv.net\/index.php?rest_route=%2Fwp%2Fv2%2Fmedia&parent=1147"}],"wp:term":[{"taxonomy":"category","embeddable":true,"href":"https:\/\/millitv.net\/index.php?rest_route=%2Fwp%2Fv2%2Fcategories&post=1147"},{"taxonomy":"post_tag","embeddable":true,"href":"https:\/\/millitv.net\/index.php?rest_route=%2Fwp%2Fv2%2Ftags&post=1147"}],"curies":[{"name":"wp","href":"https:\/\/api.w.org\/{rel}","templated":true}]}}