{"id":11416,"date":"2024-05-02T18:56:00","date_gmt":"2024-05-02T18:56:00","guid":{"rendered":"https:\/\/millitv.net\/?p=11416"},"modified":"2024-05-03T06:37:42","modified_gmt":"2024-05-03T06:37:42","slug":"amil-%C9%99sir-dusduyu-anlardan-danisdi-s%C9%99hidi-qucaqlayib-dedim-ki-video","status":"publish","type":"post","link":"https:\/\/millitv.net\/?p=11416","title":{"rendered":"Amil \u0259sir d\u00fc\u015fd\u00fcy\u00fc anlardan dan\u0131\u015fd\u0131: \u015e\u0259hidi qucaqlay\u0131b dedim ki&#8230; &#8211; V\u0130DEO"},"content":{"rendered":"\n<p>V\u0259t\u0259n m\u00fcharib\u0259si qazisi Amin Musayev ilk d\u0259f\u0259 erm\u0259nil\u0259r\u0259 \u0259sir d\u00fc\u015fd\u00fcy\u00fc yerd\u0259 olub.<\/p>\n\n\n\n<p>\u0130kinci Qaraba\u011f m\u00fcharib\u0259sinin q\u0131z\u011f\u0131n d\u00f6y\u00fc\u015fl\u0259rind\u0259n birinin getdiyi \u015eu\u015fa-Xank\u0259ndi istiqam\u0259tind\u0259 a\u011f\u0131r yaralanan Amin h\u0259min anlar\u0131 xat\u0131rlay\u0131b:<\/p>\n\n\n\n<p>\u201cYerimi d\u0259yi\u015f\u0259nd\u0259 g\u00fcll\u0259 yaras\u0131 ald\u0131m. Q\u0131\u015fq\u0131r\u0131b d\u00f6y\u00fc\u015f yolda\u015f\u0131ma dedim ki, yaram\u0131 ba\u011fla. S\u00f6yl\u0259di ki, \u0259limi qaba\u011fa g\u0259tir\u0259 bilmir\u0259m. K\u00fcr\u0259yi q\u0259lp\u0259 il\u0259 dolu idi. D\u00f6y\u00fc\u015f yolda\u015f\u0131ma dedim ki, m\u0259nim \u00fc\u00e7\u00fcn bir d\u0259n\u0259 siqaret yand\u0131r. El\u0259 bildim ki, \u00f6l\u00fcr\u0259m. Siqareti \u00e7\u0259kib \u00f6z\u00fcmd\u0259n getdim. Ay\u0131landa g\u00f6rd\u00fcm ki, yan\u0131mda \u015f\u0259hid var. Ba\u015f\u0131m\u0131 onun \u00fcst\u00fcn\u0259 qoyub yatd\u0131m\u201d.<\/p>\n\n\n\n<p>A.Musayev \u0259sir g\u00f6t\u00fcr\u00fcld\u00fckd\u0259n sonra ba\u015f\u0131na g\u0259tiril\u0259n d\u0259h\u015f\u0259tl\u0259rd\u0259n d\u0259 dan\u0131\u015f\u0131b:<\/p>\n\n\n\n<p>\u201cM\u0259ni videoya \u00e7\u0259kib, ist\u0259m\u0259diyim bir \u015feyi dedirtm\u0259k ist\u0259dil\u0259r. Q\u0259bul etm\u0259diyim\u0259 g\u00f6r\u0259 boynuma isti su t\u00f6k\u00fcb, yand\u0131rd\u0131lar. Gec\u0259l\u0259r projektoru el\u0259 qoyurdular ki, i\u015f\u0131q \u00fcz\u00fcm\u0259 vursun, yata bilm\u0259yim\u201d.<\/p>\n\n\n\n<p>Qazi \u0259sir d\u00fc\u015fd\u00fcy\u00fc \u0259razid\u0259n \u00fcz\u0259rind\u0259 qan\u0131 olan h\u0259rbi geyim formas\u0131n\u0131 da tap\u0131b.<\/p>\n\n\n\n<p>Daha \u0259trafl\u0131 &#8220;Baku Tv&#8221;nin s\u00fcjetind\u0259:<\/p>\n\n\n\n<figure class=\"wp-block-embed is-type-rich is-provider-g-mme-tutucu wp-block-embed-g-mme-tutucu wp-embed-aspect-16-9 wp-has-aspect-ratio\"><div class=\"wp-block-embed__wrapper\">\n<iframe loading=\"lazy\" title=\"\u0130sti su t\u00f6k\u00fcb, iyn\u0259 vurdular | Qazi Amin \u0259sirlikd\u0259 ya\u015fad\u0131\u011f\u0131 d\u0259h\u015f\u0259td\u0259n dan\u0131\u015fd\u0131\" width=\"500\" height=\"281\" src=\"https:\/\/www.youtube.com\/embed\/5h-onwqi4u0?feature=oembed\" frameborder=\"0\" allow=\"accelerometer; autoplay; clipboard-write; encrypted-media; gyroscope; picture-in-picture; web-share\" referrerpolicy=\"strict-origin-when-cross-origin\" allowfullscreen><\/iframe>\n<\/div><\/figure>\n","protected":false},"excerpt":{"rendered":"<p>V\u0259t\u0259n m\u00fcharib\u0259si qazisi Amin Musayev ilk d\u0259f\u0259 erm\u0259nil\u0259r\u0259 \u0259sir d\u00fc\u015fd\u00fcy\u00fc yerd\u0259 olub. \u0130kinci Qaraba\u011f m\u00fcharib\u0259sinin q\u0131z\u011f\u0131n d\u00f6y\u00fc\u015fl\u0259rind\u0259n birinin getdiyi \u015eu\u015fa-Xank\u0259ndi istiqam\u0259tind\u0259 a\u011f\u0131r yaralanan Amin h\u0259min anlar\u0131 xat\u0131rlay\u0131b: \u201cYerimi d\u0259yi\u015f\u0259nd\u0259 g\u00fcll\u0259 yaras\u0131 ald\u0131m. Q\u0131\u015fq\u0131r\u0131b d\u00f6y\u00fc\u015f yolda\u015f\u0131ma dedim ki, yaram\u0131 ba\u011fla. S\u00f6yl\u0259di ki, \u0259limi qaba\u011fa g\u0259tir\u0259 bilmir\u0259m. K\u00fcr\u0259yi q\u0259lp\u0259 il\u0259 dolu idi. D\u00f6y\u00fc\u015f yolda\u015f\u0131ma dedim ki, m\u0259nim &hellip;<\/p>\n","protected":false},"author":1,"featured_media":11418,"comment_status":"open","ping_status":"closed","sticky":false,"template":"","format":"standard","meta":{"footnotes":""},"categories":[6,3],"tags":[],"class_list":["post-11416","post","type-post","status-publish","format-standard","has-post-thumbnail","hentry","category-maqazin","category-olke"],"_links":{"self":[{"href":"https:\/\/millitv.net\/index.php?rest_route=\/wp\/v2\/posts\/11416","targetHints":{"allow":["GET"]}}],"collection":[{"href":"https:\/\/millitv.net\/index.php?rest_route=\/wp\/v2\/posts"}],"about":[{"href":"https:\/\/millitv.net\/index.php?rest_route=\/wp\/v2\/types\/post"}],"author":[{"embeddable":true,"href":"https:\/\/millitv.net\/index.php?rest_route=\/wp\/v2\/users\/1"}],"replies":[{"embeddable":true,"href":"https:\/\/millitv.net\/index.php?rest_route=%2Fwp%2Fv2%2Fcomments&post=11416"}],"version-history":[{"count":1,"href":"https:\/\/millitv.net\/index.php?rest_route=\/wp\/v2\/posts\/11416\/revisions"}],"predecessor-version":[{"id":11419,"href":"https:\/\/millitv.net\/index.php?rest_route=\/wp\/v2\/posts\/11416\/revisions\/11419"}],"wp:featuredmedia":[{"embeddable":true,"href":"https:\/\/millitv.net\/index.php?rest_route=\/wp\/v2\/media\/11418"}],"wp:attachment":[{"href":"https:\/\/millitv.net\/index.php?rest_route=%2Fwp%2Fv2%2Fmedia&parent=11416"}],"wp:term":[{"taxonomy":"category","embeddable":true,"href":"https:\/\/millitv.net\/index.php?rest_route=%2Fwp%2Fv2%2Fcategories&post=11416"},{"taxonomy":"post_tag","embeddable":true,"href":"https:\/\/millitv.net\/index.php?rest_route=%2Fwp%2Fv2%2Ftags&post=11416"}],"curies":[{"name":"wp","href":"https:\/\/api.w.org\/{rel}","templated":true}]}}