{"id":11405,"date":"2024-12-02T17:56:00","date_gmt":"2024-12-02T17:56:00","guid":{"rendered":"https:\/\/millitv.net\/?p=11405"},"modified":"2024-05-02T18:16:32","modified_gmt":"2024-05-02T18:16:32","slug":"doyusduk-vurusduq-donduk-qayitdiq-r%C9%99qqas%C9%99-renka-susadan-paylasim-etdi","status":"publish","type":"post","link":"https:\/\/millitv.net\/?p=11405","title":{"rendered":"\u201cD\u00f6y\u00fc\u015fd\u00fck, vuru\u015fduq, d\u00f6nd\u00fck, qay\u0131td\u0131q!\u201d &#8211; R\u0259qqas\u0259 Renka \u015eu\u015fadan payla\u015f\u0131m etdi"},"content":{"rendered":"\n<p>R\u0259qqas\u0259 R\u0259na A\u011famuradova (Renka) \u015eu\u015faya gedib.<\/p>\n\n\n\n<p>S\u0259n\u0259t\u00e7i bu bar\u0259d\u0259 instaqramda fotolar payla\u015f\u0131b v\u0259 bu s\u00f6zl\u0259ri qeyd edib:<\/p>\n\n\n\n<p>\u201cD\u00f6y\u00fc\u015fd\u00fck, vuru\u015fduq, d\u00f6nd\u00fck, qay\u0131td\u0131q. V\u0259t\u0259n bizi \u00e7ox g\u00f6zl\u0259di, biz ona can\u0131m\u0131z\u0131 f\u0259da etdik. He\u00e7 vaxt d\u00fc\u015f\u00fcnm\u0259zdim ki, Qaraba\u011f\u0131m\u0131za, \u015eu\u015fam\u0131za g\u0259li\u015fim bu q\u0259d\u0259r \u00e7\u0259tin olacaq. Torpa\u011f\u0131m\u0131z\u0131n h\u0259r bir qar\u0131\u015f\u0131nda \u015e\u0259hidl\u0259rimizin ruhunu hiss etdim, yenilm\u0259z ordumuzun q\u0259hr\u0259manl\u0131\u011f\u0131n\u0131 g\u00f6rd\u00fcm&#8230; \u015e\u0259hidl\u0259rimizin ruhu qar\u015f\u0131s\u0131nda ba\u015f \u0259yir\u0259m! Qazil\u0259rimiz\u0259 \u0259limizd\u0259n g\u0259l\u0259n k\u00f6m\u0259kliyi \u0259sirg\u0259m\u0259y\u0259k! \u015e\u0259hidl\u0259rimizin ail\u0259l\u0259rin\u0259 dayaq olaq. Var olsun Az\u0259rbaycan Ordusu!\u201d. \/ Olay.az<\/p>\n\n\n\n<figure class=\"wp-block-image size-large\"><img loading=\"lazy\" decoding=\"async\" width=\"1024\" height=\"597\" src=\"https:\/\/millitv.net\/wp-content\/uploads\/2024\/05\/grebhrefd-1024x597.jpg\" alt=\"\" class=\"wp-image-11406\" title=\"\" srcset=\"https:\/\/millitv.net\/wp-content\/uploads\/2024\/05\/grebhrefd-1024x597.jpg 1024w, https:\/\/millitv.net\/wp-content\/uploads\/2024\/05\/grebhrefd-300x175.jpg 300w, https:\/\/millitv.net\/wp-content\/uploads\/2024\/05\/grebhrefd-768x448.jpg 768w, https:\/\/millitv.net\/wp-content\/uploads\/2024\/05\/grebhrefd.jpg 1200w\" sizes=\"auto, (max-width: 1024px) 100vw, 1024px\" \/><\/figure>\n\n\n\n<figure class=\"wp-block-image\"><img decoding=\"async\" src=\"https:\/\/olay.az\/uploads\/posts\/2024-05\/renka_black_angel_1714577950_3358445720481073427_1500502747-1.webp\" alt=\"\" title=\"\"><\/figure>\n\n\n\n<figure class=\"wp-block-image\"><img decoding=\"async\" src=\"https:\/\/olay.az\/uploads\/posts\/2024-05\/renka_black_angel_1714577950_3358445720481090480_1500502747-1.webp\" alt=\"\" title=\"\"><\/figure>\n","protected":false},"excerpt":{"rendered":"<p>R\u0259qqas\u0259 R\u0259na A\u011famuradova (Renka) \u015eu\u015faya gedib. S\u0259n\u0259t\u00e7i bu bar\u0259d\u0259 instaqramda fotolar payla\u015f\u0131b v\u0259 bu s\u00f6zl\u0259ri qeyd edib: \u201cD\u00f6y\u00fc\u015fd\u00fck, vuru\u015fduq, d\u00f6nd\u00fck, qay\u0131td\u0131q. V\u0259t\u0259n bizi \u00e7ox g\u00f6zl\u0259di, biz ona can\u0131m\u0131z\u0131 f\u0259da etdik. He\u00e7 vaxt d\u00fc\u015f\u00fcnm\u0259zdim ki, Qaraba\u011f\u0131m\u0131za, \u015eu\u015fam\u0131za g\u0259li\u015fim bu q\u0259d\u0259r \u00e7\u0259tin olacaq. Torpa\u011f\u0131m\u0131z\u0131n h\u0259r bir qar\u0131\u015f\u0131nda \u015e\u0259hidl\u0259rimizin ruhunu hiss etdim, yenilm\u0259z ordumuzun q\u0259hr\u0259manl\u0131\u011f\u0131n\u0131 g\u00f6rd\u00fcm&#8230; \u015e\u0259hidl\u0259rimizin ruhu &hellip;<\/p>\n","protected":false},"author":1,"featured_media":11407,"comment_status":"open","ping_status":"closed","sticky":false,"template":"","format":"standard","meta":{"footnotes":""},"categories":[3,8],"tags":[],"class_list":["post-11405","post","type-post","status-publish","format-standard","has-post-thumbnail","hentry","category-olke","category-maraqli"],"_links":{"self":[{"href":"https:\/\/millitv.net\/index.php?rest_route=\/wp\/v2\/posts\/11405","targetHints":{"allow":["GET"]}}],"collection":[{"href":"https:\/\/millitv.net\/index.php?rest_route=\/wp\/v2\/posts"}],"about":[{"href":"https:\/\/millitv.net\/index.php?rest_route=\/wp\/v2\/types\/post"}],"author":[{"embeddable":true,"href":"https:\/\/millitv.net\/index.php?rest_route=\/wp\/v2\/users\/1"}],"replies":[{"embeddable":true,"href":"https:\/\/millitv.net\/index.php?rest_route=%2Fwp%2Fv2%2Fcomments&post=11405"}],"version-history":[{"count":1,"href":"https:\/\/millitv.net\/index.php?rest_route=\/wp\/v2\/posts\/11405\/revisions"}],"predecessor-version":[{"id":11408,"href":"https:\/\/millitv.net\/index.php?rest_route=\/wp\/v2\/posts\/11405\/revisions\/11408"}],"wp:featuredmedia":[{"embeddable":true,"href":"https:\/\/millitv.net\/index.php?rest_route=\/wp\/v2\/media\/11407"}],"wp:attachment":[{"href":"https:\/\/millitv.net\/index.php?rest_route=%2Fwp%2Fv2%2Fmedia&parent=11405"}],"wp:term":[{"taxonomy":"category","embeddable":true,"href":"https:\/\/millitv.net\/index.php?rest_route=%2Fwp%2Fv2%2Fcategories&post=11405"},{"taxonomy":"post_tag","embeddable":true,"href":"https:\/\/millitv.net\/index.php?rest_route=%2Fwp%2Fv2%2Ftags&post=11405"}],"curies":[{"name":"wp","href":"https:\/\/api.w.org\/{rel}","templated":true}]}}