{"id":11270,"date":"2024-08-14T21:50:00","date_gmt":"2024-08-14T21:50:00","guid":{"rendered":"https:\/\/millitv.net\/?p=11270"},"modified":"2024-08-17T07:26:39","modified_gmt":"2024-08-17T07:26:39","slug":"az%C9%99rbaycanda-yoxsul-yoxdur-restoranlar-adamla-doludur-kubra-eliyeva","status":"publish","type":"post","link":"https:\/\/millitv.net\/?p=11270","title":{"rendered":"Az\u0259rbaycanda yoxsul yoxdur, restoranlar adamla doludur &#8211; K\u00fcbra \u018fliyeva"},"content":{"rendered":"\n<p>\u018fm\u0259kdar artist Kubra \u018fliyeva &#8220;Elgizl\u0259 izl\u0259&#8221; verili\u015find\u0259 maraql\u0131 a\u00e7\u0131qlam edib.<\/p>\n\n\n\n<p>Aktrisa Az\u0259rbaycan toylar\u0131ndak\u0131 bahal\u0131 tortlar\u0131 \u0259r\u0259b \u015feyxl\u0259rinin \u00f6vladlar\u0131n\u0131n ad g\u00fcnl\u0259rind\u0259 haz\u0131rlatd\u0131\u011f\u0131 tortlarla m\u00fcqayis\u0259 edib.&nbsp;<\/p>\n\n\n\n<p>O bildirib ki, bu ad\u0259t m\u0259hz \u0259r\u0259b \u015feyxl\u0259rinin m\u0259clisl\u0259rind\u0259n g\u00f6t\u00fcr\u00fcl\u00fcb.&nbsp;<\/p>\n\n\n\n<p>\u018fm\u0259kdar artist daha sonra Az\u0259rbaycanda yoxsul insanlar\u0131n olmad\u0131\u011f\u0131n\u0131 vur\u011fulay\u0131b: &#8220;Kas\u0131b ola bil\u0259r, o da \u00f6z g\u00fcnah\u0131ndand\u0131r. Ola bilsin oxumur, i\u015fl\u0259mir. Kas\u0131bd\u0131r v\u0259 deyir el\u0259 m\u0259n\u0259 d\u00f6vl\u0259t baxs\u0131n. El\u0259 \u015fey yoxdur. Yolda yerim\u0259k olmur. Ma\u015f\u0131n bol, restoranlar dolu&#8221;.\u00a0 \/ Olay.az<\/p>\n","protected":false},"excerpt":{"rendered":"<p>\u018fm\u0259kdar artist Kubra \u018fliyeva &#8220;Elgizl\u0259 izl\u0259&#8221; verili\u015find\u0259 maraql\u0131 a\u00e7\u0131qlam edib. Aktrisa Az\u0259rbaycan toylar\u0131ndak\u0131 bahal\u0131 tortlar\u0131 \u0259r\u0259b \u015feyxl\u0259rinin \u00f6vladlar\u0131n\u0131n ad g\u00fcnl\u0259rind\u0259 haz\u0131rlatd\u0131\u011f\u0131 tortlarla m\u00fcqayis\u0259 edib.&nbsp; O bildirib ki, bu ad\u0259t m\u0259hz \u0259r\u0259b \u015feyxl\u0259rinin m\u0259clisl\u0259rind\u0259n g\u00f6t\u00fcr\u00fcl\u00fcb.&nbsp; \u018fm\u0259kdar artist daha sonra Az\u0259rbaycanda yoxsul insanlar\u0131n olmad\u0131\u011f\u0131n\u0131 vur\u011fulay\u0131b: &#8220;Kas\u0131b ola bil\u0259r, o da \u00f6z g\u00fcnah\u0131ndand\u0131r. Ola bilsin oxumur, i\u015fl\u0259mir. Kas\u0131bd\u0131r &hellip;<\/p>\n","protected":false},"author":1,"featured_media":11271,"comment_status":"open","ping_status":"closed","sticky":false,"template":"","format":"standard","meta":{"footnotes":""},"categories":[6,3],"tags":[],"class_list":["post-11270","post","type-post","status-publish","format-standard","has-post-thumbnail","hentry","category-maqazin","category-olke"],"_links":{"self":[{"href":"https:\/\/millitv.net\/index.php?rest_route=\/wp\/v2\/posts\/11270","targetHints":{"allow":["GET"]}}],"collection":[{"href":"https:\/\/millitv.net\/index.php?rest_route=\/wp\/v2\/posts"}],"about":[{"href":"https:\/\/millitv.net\/index.php?rest_route=\/wp\/v2\/types\/post"}],"author":[{"embeddable":true,"href":"https:\/\/millitv.net\/index.php?rest_route=\/wp\/v2\/users\/1"}],"replies":[{"embeddable":true,"href":"https:\/\/millitv.net\/index.php?rest_route=%2Fwp%2Fv2%2Fcomments&post=11270"}],"version-history":[{"count":1,"href":"https:\/\/millitv.net\/index.php?rest_route=\/wp\/v2\/posts\/11270\/revisions"}],"predecessor-version":[{"id":11272,"href":"https:\/\/millitv.net\/index.php?rest_route=\/wp\/v2\/posts\/11270\/revisions\/11272"}],"wp:featuredmedia":[{"embeddable":true,"href":"https:\/\/millitv.net\/index.php?rest_route=\/wp\/v2\/media\/11271"}],"wp:attachment":[{"href":"https:\/\/millitv.net\/index.php?rest_route=%2Fwp%2Fv2%2Fmedia&parent=11270"}],"wp:term":[{"taxonomy":"category","embeddable":true,"href":"https:\/\/millitv.net\/index.php?rest_route=%2Fwp%2Fv2%2Fcategories&post=11270"},{"taxonomy":"post_tag","embeddable":true,"href":"https:\/\/millitv.net\/index.php?rest_route=%2Fwp%2Fv2%2Ftags&post=11270"}],"curies":[{"name":"wp","href":"https:\/\/api.w.org\/{rel}","templated":true}]}}