{"id":11216,"date":"2024-05-05T21:06:00","date_gmt":"2024-05-05T21:06:00","guid":{"rendered":"https:\/\/millitv.net\/?p=11216"},"modified":"2024-05-06T01:33:42","modified_gmt":"2024-05-06T01:33:42","slug":"masallida-qadin-is%C9%99-velosipedl%C9%99-gedib-g%C9%99lir-video","status":"publish","type":"post","link":"https:\/\/millitv.net\/?p=11216","title":{"rendered":"Masall\u0131da qad\u0131n\u0131n davran\u0131\u015f\u0131 ham\u0131n\u0131 t\u0259\u0259cc\u00fcbl\u0259ndirdi &#8211; V\u0130DEO"},"content":{"rendered":"\n<p><strong>\u200bMasall\u0131 sakini \u0130ncira A\u011fayeva rayonda velosipedl\u0259 i\u015f\u0259 gedib-g\u0259l\u0259n yegan\u0259 qad\u0131nd\u0131r.<\/strong><\/p>\n\n\n\n<p>MilliTv.NET x\u0259b\u0259r verir ki,&nbsp;14 il\u0259 yax\u0131nd\u0131r ki, Masall\u0131 Rayon Kommunal T\u0259s\u0259rr\u00fcfat\u0131 \u0130dar\u0259sind\u0259 \u00e7al\u0131\u015f\u0131r.&nbsp;O bildirib ki, velosiped s\u00fcrm\u0259yi iki-\u00fc\u00e7 g\u00fcn\u0259 \u00f6yr\u0259nib.<\/p>\n\n\n\n<p>S\u0259hh\u0259ti il\u0259 \u0259laq\u0259dar&nbsp;velosipedd\u0259n istifad\u0259 ed\u0259n \u0130.A\u011fayevan\u0131n bu add\u0131m\u0131n\u0131 is\u0259 ist\u0259r ail\u0259 \u00fczvl\u0259ri, ist\u0259rs\u0259 d\u0259 i\u015f yolda\u015flar\u0131 m\u00fcsb\u0259t qar\u015f\u0131lay\u0131blar.<\/p>\n\n\n\n<p>\u018ftrafl\u0131\u00a0\u201c\u0130TV X\u0259b\u0259r\u201din s\u00fcjetind\u0259:<\/p>\n\n\n\n<figure class=\"wp-block-embed is-type-video is-provider-youtube wp-block-embed-youtube wp-embed-aspect-16-9 wp-has-aspect-ratio\"><div class=\"wp-block-embed__wrapper\">\n<iframe loading=\"lazy\" title=\"Masall\u0131da velosipedl\u0259 i\u015f\u0259 gedib-g\u0259l\u0259n qad\u0131n\" width=\"500\" height=\"281\" src=\"https:\/\/www.youtube.com\/embed\/1Vn2KKAS5Mk?feature=oembed\" frameborder=\"0\" allow=\"accelerometer; autoplay; clipboard-write; encrypted-media; gyroscope; picture-in-picture; web-share\" referrerpolicy=\"strict-origin-when-cross-origin\" allowfullscreen><\/iframe>\n<\/div><\/figure>\n","protected":false},"excerpt":{"rendered":"<p>\u200bMasall\u0131 sakini \u0130ncira A\u011fayeva rayonda velosipedl\u0259 i\u015f\u0259 gedib-g\u0259l\u0259n yegan\u0259 qad\u0131nd\u0131r. MilliTv.NET x\u0259b\u0259r verir ki,&nbsp;14 il\u0259 yax\u0131nd\u0131r ki, Masall\u0131 Rayon Kommunal T\u0259s\u0259rr\u00fcfat\u0131 \u0130dar\u0259sind\u0259 \u00e7al\u0131\u015f\u0131r.&nbsp;O bildirib ki, velosiped s\u00fcrm\u0259yi iki-\u00fc\u00e7 g\u00fcn\u0259 \u00f6yr\u0259nib. S\u0259hh\u0259ti il\u0259 \u0259laq\u0259dar&nbsp;velosipedd\u0259n istifad\u0259 ed\u0259n \u0130.A\u011fayevan\u0131n bu add\u0131m\u0131n\u0131 is\u0259 ist\u0259r ail\u0259 \u00fczvl\u0259ri, ist\u0259rs\u0259 d\u0259 i\u015f yolda\u015flar\u0131 m\u00fcsb\u0259t qar\u015f\u0131lay\u0131blar. \u018ftrafl\u0131\u00a0\u201c\u0130TV X\u0259b\u0259r\u201din s\u00fcjetind\u0259:<\/p>\n","protected":false},"author":1,"featured_media":11219,"comment_status":"open","ping_status":"closed","sticky":false,"template":"","format":"standard","meta":{"footnotes":""},"categories":[3],"tags":[],"class_list":["post-11216","post","type-post","status-publish","format-standard","has-post-thumbnail","hentry","category-olke"],"_links":{"self":[{"href":"https:\/\/millitv.net\/index.php?rest_route=\/wp\/v2\/posts\/11216","targetHints":{"allow":["GET"]}}],"collection":[{"href":"https:\/\/millitv.net\/index.php?rest_route=\/wp\/v2\/posts"}],"about":[{"href":"https:\/\/millitv.net\/index.php?rest_route=\/wp\/v2\/types\/post"}],"author":[{"embeddable":true,"href":"https:\/\/millitv.net\/index.php?rest_route=\/wp\/v2\/users\/1"}],"replies":[{"embeddable":true,"href":"https:\/\/millitv.net\/index.php?rest_route=%2Fwp%2Fv2%2Fcomments&post=11216"}],"version-history":[{"count":2,"href":"https:\/\/millitv.net\/index.php?rest_route=\/wp\/v2\/posts\/11216\/revisions"}],"predecessor-version":[{"id":11508,"href":"https:\/\/millitv.net\/index.php?rest_route=\/wp\/v2\/posts\/11216\/revisions\/11508"}],"wp:featuredmedia":[{"embeddable":true,"href":"https:\/\/millitv.net\/index.php?rest_route=\/wp\/v2\/media\/11219"}],"wp:attachment":[{"href":"https:\/\/millitv.net\/index.php?rest_route=%2Fwp%2Fv2%2Fmedia&parent=11216"}],"wp:term":[{"taxonomy":"category","embeddable":true,"href":"https:\/\/millitv.net\/index.php?rest_route=%2Fwp%2Fv2%2Fcategories&post=11216"},{"taxonomy":"post_tag","embeddable":true,"href":"https:\/\/millitv.net\/index.php?rest_route=%2Fwp%2Fv2%2Ftags&post=11216"}],"curies":[{"name":"wp","href":"https:\/\/api.w.org\/{rel}","templated":true}]}}