{"id":11213,"date":"2024-05-03T20:04:00","date_gmt":"2024-05-03T20:04:00","guid":{"rendered":"https:\/\/millitv.net\/?p=11213"},"modified":"2024-05-04T17:51:07","modified_gmt":"2024-05-04T17:51:07","slug":"butun-az%C9%99rbaycanin-danisdigi-ulviyy%C9%99-kimdir-foto","status":"publish","type":"post","link":"https:\/\/millitv.net\/?p=11213","title":{"rendered":"B\u00fct\u00fcn Az\u0259rbaycan\u0131n dan\u0131\u015fd\u0131\u011f\u0131 \u00dclviyy\u0259 kimdir? &#8211; FOTO"},"content":{"rendered":"\n<p><strong>X\u0259b\u0259r verdiyimiz kimi, Yunan\u0131stan\u0131n Rodos adas\u0131nda t\u0259\u015fkil edil\u0259n qad\u0131n \u015fahmat\u00e7\u0131lar aras\u0131nda ke\u00e7iril\u0259n Avropa \u00e7empionat\u0131nda Az\u0259rbaycan f\u0131rt\u0131nas\u0131 ya\u015fan\u0131b. \u00dclviyy\u0259 F\u0259t\u0259liyeva qit\u0259 \u00e7empionat\u0131nda q\u0131z\u0131l medal qazanan ilk az\u0259rbaycanl\u0131 xan\u0131m \u015fahmat\u00e7\u0131 kimi tarix\u0259 d\u00fc\u015f\u00fcb. Onu bu u\u011furu m\u00fcnasib\u0259til\u0259 Az\u0259rbaycan\u0131n Birinci vitse-prezidenti Mehriban \u018fliyeva da t\u0259brik edib, \u00dclviyy\u0259 il\u0259 f\u0259xr etdiyini vur\u011fulay\u0131b.<\/strong><\/p>\n\n\n\n<p> Ham\u0131n\u0131 mat qoyub at oynadan q\u0131zla ba\u011fl\u0131 b\u0259zi maraql\u0131 m\u0259lumatlar\u0131 t\u0259qdim edirik.<\/p>\n\n\n\n<p>\u015eahmat \u00fczr\u0259 milli komandam\u0131z\u0131n \u00fczv\u00fc 1996-c\u0131 ild\u0259 G\u0259nc\u0259d\u0259 anadan olub. Qad\u0131nlar aras\u0131nda beyn\u0259lxalq qrossmeyster \u015fahmata 7 ya\u015f\u0131nda ba\u015flay\u0131b. Ona valideynl\u0259ri d\u0259st\u0259k olub.<\/p>\n\n\n\n<p>G\u0259nc\u0259 \u015fahmat m\u0259kt\u0259binin yetirm\u0259sinin karyeras\u0131nda m\u0259\u015fq\u00e7isi \u015eaiq Quliyevin b\u00f6y\u00fck rolu var.<\/p>\n\n\n\n<p>\u00dclviyy\u0259, daha \u00e7ox qara fiqurlara \u00fcst\u00fcnl\u00fck verir. Baxmayaraq ki, a\u011f da\u015flarla oynayan ilk gedi\u015fi edir v\u0259 \u201cqara\u201dn\u0131 se\u00e7\u0259nl\u0259r ilk \u00f6nc\u0259 b\u0259rab\u0259rliyi \u0259ld\u0259 etm\u0259y\u0259 \u00e7al\u0131\u015f\u0131rlar.<\/p>\n\n\n\n<p>Maraql\u0131d\u0131r ki, \u00dclviyy\u0259 F\u0259t\u0259liyeva Avropa \u00e7empionu oldu\u011fu mat\u00e7da da qara fiqurlarda \u00e7\u0131x\u0131\u015f edib.<\/p>\n\n\n\n<p>F\u0259t\u0259liyevan\u0131n ilk beyn\u0259lxalq r\u0259smi mat\u00e7\u0131 7 ya\u015f\u0131na t\u0259sad\u00fcf edib. O, T\u00fcrkiy\u0259nin Kapadokyaya \u015f\u0259h\u0259rind\u0259 t\u0259\u015fkil edil\u0259n Avropa \u00e7empionat\u0131nda \u00f6z\u00fcnd\u0259n 3 ya\u015f b\u00f6y\u00fckl\u0259rl\u0259 m\u00fcbariz\u0259 apar\u0131b. Onun deb\u00fct\u00fc u\u011furusuz olub.<\/p>\n\n\n\n<p>Onun d\u00fc\u015f\u00fcnc\u0259sin\u0259 g\u00f6r\u0259, g\u00fccl\u00fc \u015fahmat\u00e7\u0131 olmaq \u00fc\u00e7\u00fcn riyazi hesablamalar\u0131 yax\u015f\u0131 bilm\u0259kl\u0259 ba\u011fl\u0131 fikirl\u0259r do\u011fru deyil. Bunu t\u0259sdiql\u0259y\u0259n ara\u015fd\u0131rmalar var. Bu fikr\u0259 r\u0259\u011fm\u0259n, \u00dclviyy\u0259nin 10-15 gedi\u015f sonras\u0131n\u0131 fikirl\u0259\u015fdiyi qar\u015f\u0131la\u015fmalar olub. Bunu t\u0259miz hesablamaq is\u0259 olduqca \u00e7\u0259tin m\u0259s\u0259l\u0259dir. \u00c7\u00fcnki h\u0259r 2-3 gedi\u015fd\u0259n bir r\u0259qibin alternativi ola bil\u0259r.<\/p>\n\n\n\n<p>D\u00fcnya \u015fahmat tarixinin \u0259v\u0259zsiz simas\u0131 Robert Fi\u015feri v\u0259 Maqnus Karlseni b\u0259y\u0259n\u0259n \u00dclviyy\u0259, daha \u00e7ox h\u00fccum etm\u0259yi v\u0259 he\u00e7-he\u00e7\u0259d\u0259n qa\u00e7ma\u011f\u0131 sevir. Buna g\u00f6r\u0259 d\u0259 piyadalar\u0131 tez-tez qurban verir.<\/p>\n\n\n\n<p>Onun sevdiyi fiqur atd\u0131r. Qrossmeysterin fikrin\u0259 g\u00f6r\u0259, l\u00f6vh\u0259d\u0259 at varsa, riskl\u0259r davam edir v\u0259 r\u0259qib \u00fc\u00e7\u00fcn \u00e7oxlu t\u0259hl\u00fck\u0259l\u0259r yarada bil\u0259r.<\/p>\n\n\n\n<p>Maraq \u00fc\u00e7\u00fcn onu da qeyd ed\u0259k ki, \u00dclviyy\u0259nin z\u0259f\u0259ri professor atas\u0131 Hasil F\u0259t\u0259liyevin 65 illik yubiley g\u00fcn\u00fcn\u0259 t\u0259sad\u00fcf edib. \/ Qafqazinfo<\/p>\n\n\n\n<figure class=\"wp-block-image\"><img decoding=\"async\" src=\"https:\/\/qafqazinfo.az\/uploads\/1714418949\/0000.jpg\" alt=\"\" title=\"\"><\/figure>\n\n\n\n<figure class=\"wp-block-image\"><img decoding=\"async\" src=\"https:\/\/qafqazinfo.az\/uploads\/1714418949\/zz.jpg\" alt=\"\" title=\"\"><\/figure>\n","protected":false},"excerpt":{"rendered":"<p>X\u0259b\u0259r verdiyimiz kimi, Yunan\u0131stan\u0131n Rodos adas\u0131nda t\u0259\u015fkil edil\u0259n qad\u0131n \u015fahmat\u00e7\u0131lar aras\u0131nda ke\u00e7iril\u0259n Avropa \u00e7empionat\u0131nda Az\u0259rbaycan f\u0131rt\u0131nas\u0131 ya\u015fan\u0131b. \u00dclviyy\u0259 F\u0259t\u0259liyeva qit\u0259 \u00e7empionat\u0131nda q\u0131z\u0131l medal qazanan ilk az\u0259rbaycanl\u0131 xan\u0131m \u015fahmat\u00e7\u0131 kimi tarix\u0259 d\u00fc\u015f\u00fcb. Onu bu u\u011furu m\u00fcnasib\u0259til\u0259 Az\u0259rbaycan\u0131n Birinci vitse-prezidenti Mehriban \u018fliyeva da t\u0259brik edib, \u00dclviyy\u0259 il\u0259 f\u0259xr etdiyini vur\u011fulay\u0131b. Ham\u0131n\u0131 mat qoyub at oynadan q\u0131zla ba\u011fl\u0131 &hellip;<\/p>\n","protected":false},"author":1,"featured_media":11214,"comment_status":"open","ping_status":"closed","sticky":false,"template":"","format":"standard","meta":{"footnotes":""},"categories":[6,3],"tags":[],"class_list":["post-11213","post","type-post","status-publish","format-standard","has-post-thumbnail","hentry","category-maqazin","category-olke"],"_links":{"self":[{"href":"https:\/\/millitv.net\/index.php?rest_route=\/wp\/v2\/posts\/11213","targetHints":{"allow":["GET"]}}],"collection":[{"href":"https:\/\/millitv.net\/index.php?rest_route=\/wp\/v2\/posts"}],"about":[{"href":"https:\/\/millitv.net\/index.php?rest_route=\/wp\/v2\/types\/post"}],"author":[{"embeddable":true,"href":"https:\/\/millitv.net\/index.php?rest_route=\/wp\/v2\/users\/1"}],"replies":[{"embeddable":true,"href":"https:\/\/millitv.net\/index.php?rest_route=%2Fwp%2Fv2%2Fcomments&post=11213"}],"version-history":[{"count":1,"href":"https:\/\/millitv.net\/index.php?rest_route=\/wp\/v2\/posts\/11213\/revisions"}],"predecessor-version":[{"id":11215,"href":"https:\/\/millitv.net\/index.php?rest_route=\/wp\/v2\/posts\/11213\/revisions\/11215"}],"wp:featuredmedia":[{"embeddable":true,"href":"https:\/\/millitv.net\/index.php?rest_route=\/wp\/v2\/media\/11214"}],"wp:attachment":[{"href":"https:\/\/millitv.net\/index.php?rest_route=%2Fwp%2Fv2%2Fmedia&parent=11213"}],"wp:term":[{"taxonomy":"category","embeddable":true,"href":"https:\/\/millitv.net\/index.php?rest_route=%2Fwp%2Fv2%2Fcategories&post=11213"},{"taxonomy":"post_tag","embeddable":true,"href":"https:\/\/millitv.net\/index.php?rest_route=%2Fwp%2Fv2%2Ftags&post=11213"}],"curies":[{"name":"wp","href":"https:\/\/api.w.org\/{rel}","templated":true}]}}