{"id":11203,"date":"2024-04-29T18:08:56","date_gmt":"2024-04-29T18:08:56","guid":{"rendered":"https:\/\/millitv.net\/?p=11203"},"modified":"2024-04-29T18:08:58","modified_gmt":"2024-04-29T18:08:58","slug":"pasinyan-az%C9%99rbaycana-gelecek-tarix-v%C9%99-s%C9%99b%C9%99b-belli-oldu","status":"publish","type":"post","link":"https:\/\/millitv.net\/?p=11203","title":{"rendered":"Pa\u015finyan Az\u0259rbaycana G\u018fL\u018fC\u018fK? &#8211;\u00a0Tarix v\u0259 s\u0259b\u0259b B\u018fLL\u0130 OLDU\u00a0"},"content":{"rendered":"\n<p><strong>Erm\u0259nistan-Az\u0259rbaycan m\u00fcnaqi\u015f\u0259si XX y\u00fczilliyin tarixin\u0259 \u0259n faci\u0259li m\u00fcnaqi\u015f\u0259l\u0259rd\u0259n biri kimi daxil olub, onun n\u0259tic\u0259l\u0259ri milyonlarla az\u0259rbaycanl\u0131n\u0131n taleyin\u0259 ciddi t\u0259sir g\u00f6st\u0259rib. 1980-ci ill\u0259rin sonlar\u0131nda Erm\u0259nistan\u0131n Az\u0259rbaycan\u0131n tarixi torpaqlar\u0131na a\u00e7\u0131q formada \u0259razi iddialar\u0131 v\u0259 etnik z\u0259mind\u0259 t\u0259xribatlar\u0131, terror \u0259m\u0259ll\u0259ri il\u0259 ba\u015flam\u0131\u015f bu m\u00fcnaqi\u015f\u0259 Az\u0259rbaycana qar\u015f\u0131 h\u0259rbi t\u0259cav\u00fczl\u0259 n\u0259tic\u0259l\u0259nib.<\/strong><\/p>\n\n\n\n<p>2022-ci il oktyabr\u0131n 6-da Praqada \u201cAvropa Siyasi Birliyi\u201d Zirv\u0259 Toplant\u0131s\u0131 \u00e7\u0259r\u00e7iv\u0259sind\u0259 ke\u00e7irilmi\u015f d\u00f6rdt\u0259r\u0259fli g\u00f6r\u00fc\u015fd\u0259 Erm\u0259nistan Az\u0259rbaycan\u0131n \u0259razi b\u00fct\u00f6vl\u00fcy\u00fcn\u00fc v\u0259 suverenliyini tan\u0131d\u0131\u011f\u0131n\u0131 b\u0259yan etdi.<\/p>\n\n\n\n<p>Daha sonra aprelin 19-da Qazax\u0131n 4 k\u0259ndinin Az\u0259rbaycana qaytar\u0131lmas\u0131 bar\u0259d\u0259 Erm\u0259nistanla raz\u0131l\u0131q \u0259ld\u0259&nbsp;edildi.&nbsp;Bu bar\u0259d\u0259 aprelin 19-da ke\u00e7iril\u0259n Az\u0259rbaycan il\u0259 Erm\u0259nistan aras\u0131nda d\u00f6vl\u0259t s\u0259rh\u0259dinin delimitasiyas\u0131 \u00fczr\u0259 D\u00f6vl\u0259t Komissiyas\u0131 v\u0259 Erm\u0259nistan il\u0259 Az\u0259rbaycan aras\u0131nda d\u00f6vl\u0259t s\u0259rh\u0259dinin delimitasiyas\u0131 v\u0259 s\u0259rh\u0259d t\u0259hl\u00fck\u0259sizliyi m\u0259s\u0259l\u0259l\u0259ri \u00fczr\u0259 Komissiyan\u0131n s\u0259kkizinci g\u00f6r\u00fc\u015f\u00fcnd\u0259 raz\u0131l\u0131q \u0259ld\u0259 olunub. Az\u0259rbaycanla Erm\u0259nistan s\u0259rh\u0259dd\u0259 koordinatlar\u0131n d\u0259qiql\u0259\u015fdirilm\u0259si prosesin\u0259 art\u0131q ba\u015flay\u0131b.<\/p>\n\n\n\n<p>Bel\u0259 ki, son prosesl\u0259r art\u0131q Erm\u0259nistan\u0131n isti m\u00fcnasib\u0259t b\u0259sl\u0259diyini b\u00fcruz\u0259 verir. T\u0259bii ki, Az\u0259rbaycan\u0131n qazand\u0131\u011f\u0131 bu q\u0259l\u0259b\u0259l\u0259rd\u0259 Ali Ba\u015f Komandan\u0131n \u0259v\u0259zsiz rolu var. Onun yeritdiyi d\u00fczg\u00fcn v\u0259 inaml\u0131 siyas\u0259t bu g\u00fcn Az\u0259rbaycan\u0131n bu q\u0259l\u0259b\u0259l\u0259ri qazanmas\u0131nda misilsiz bir rol oynay\u0131b. Lakin bu \u0259r\u0259f\u0259l\u0259rd\u0259 s\u00fclh m\u00fcqavil\u0259sinin d\u0259 yax\u0131n zamanlarda imzalanaca\u011f\u0131 d\u00fc\u015fn\u00fcl\u00fcr. H\u0259r il f\u0259rqli bir \u00f6lk\u0259nin ev sahibliyi etdiyi 29-cu &#8220;T\u0259r\u0259fl\u0259rin Konfrans\u0131&#8221; (COP29) noyabr\u0131n 11-d\u0259n 22-d\u0259k Bak\u0131da ke\u00e7iril\u0259c\u0259k.<\/p>\n\n\n\n<p>B\u0259s, g\u00f6r\u0259s\u0259n, iki \u00f6lk\u0259 aras\u0131nda soyuq m\u00fcnasib\u0259tl\u0259rin daha da azalmas\u0131 \u00fc\u00e7\u00fcn Erm\u0259nistan\u0131n ba\u015f naziri Nikol Pa\u015finyan COP-29 \u0259r\u0259f\u0259sind\u0131 Bak\u0131ya d\u0259v\u0259t ala bil\u0259r?<\/p>\n\n\n\n<p>M\u0259s\u0259l\u0259 il\u0259 ba\u011fl\u0131 dan\u0131\u015fan siyasi \u015f\u0259rh\u00e7i Asif N\u0259rimanl\u0131 Referans.az-a bildirib ki, 4 k\u0259ndin qaytar\u0131lmas\u0131nda v\u0259 prezidentin son verdiyi mesajlarda m\u0259lum olur ki, b\u0259zi g\u00f6zl\u0259ntil\u0259r var:<\/p>\n\n\n\n<p>\u201cPa\u015finyan\u0131n Bak\u0131ya g\u0259lm\u0259si \u00fc\u00e7\u00fcn s\u00fclh m\u00fcqavil\u0259si il\u0259 ba\u011fl\u0131 ciddi ir\u0259lil\u0259yi\u015fl\u0259r \u0259ld\u0259 olunmal\u0131d\u0131r. \u00dcmumi Az\u0259rbaycan v\u0259 Erm\u0259nistan aras\u0131nda haz\u0131rda &nbsp;iki m\u0259s\u0259l\u0259d\u0259 fikir ayr\u0131l\u0131\u011f\u0131 var. Biri s\u0259rh\u0259dl\u0259rin delimitasiyas\u0131n\u0131n hans\u0131 istiqam\u0259tl\u0259rd\u0259 apar\u0131lmas\u0131d\u0131r. T\u0259bii ki, Qazx-Tavu\u015f istiqam\u0259tind\u0259 Alma-Ata b\u0259yannam\u0259sin\u0259 istinad\u0259n bildirils\u0259 d\u0259, bu b\u0259yannam\u0259y\u0259 g\u00f6r\u0259, b\u00fct\u00fcn s\u0259rh\u0259dboyu \u0259razil\u0259rin delimitasiya olunmas\u0131 bizim maraqlar\u0131m\u0131za uy\u011fun deyil. Az\u0259rbaycan s\u0259rh\u0259dl\u0259rin dig\u0259r hiss\u0259l\u0259rinin delimitasiyas\u0131nda prinsipl\u0259ri d\u0259yi\u015fdir\u0259c\u0259k. Y\u0259ni Alma-At\u0131 b\u0259yannam\u0259si prinsipl\u0259rd\u0259n \u00e7\u0131xar\u0131la bil\u0259r\u201d.<\/p>\n\n\n\n<p>Ekspert bildirib ki, dig\u0259r bir m\u00fc\u0259mmal\u0131 m\u0259s\u0259l\u0259 is\u0259 kommunikasiyalar\u0131n a\u00e7\u0131lmas\u0131d\u0131r. Onun s\u00f6zl\u0259rin\u0259 g\u00f6r\u0259, s\u00fclh sazi\u015fi il\u0259 ba\u011fl\u0131 m\u00fc\u0259yy\u0259n ir\u0259lil\u0259yi\u015f olsa bel\u0259, bu d\u00f6vr\u0259 q\u0259d\u0259r kommunikasiyalar\u0131n a\u00e7\u0131lmas\u0131 bar\u0259sind\u0259 fikir ayr\u0131l\u0131\u011f\u0131n\u0131 h\u0259ll etm\u0259k yen\u0259 d\u0259 \u00e7\u0259tin g\u00f6r\u00fcn\u00fcr: \u201c\u00c7\u00fcnki Az\u0259rbaycan Z\u0259ng\u0259zuru d\u0259hliz formas\u0131nda ist\u0259yir, lakin Erm\u0259nistan bunu vermir. Az\u0259rbaycanda da hakl\u0131 olaraq Nax\u00e7\u0131vana mane\u0259siz \u015f\u0259kild\u0259 avtomobill\u0259 getm\u0259k prinsipini t\u0259tbiq etm\u0259k ist\u0259yir. Az\u0259rbaycanla Erm\u0259nistan aras\u0131nda noyabr ay\u0131na q\u0259d\u0259r yekun s\u00fclh sazi\u015fi imzalanmasa bel\u0259, ola bilsin, bununla ba\u011fl\u0131 ilkin bir raz\u0131la\u015fma \u0259ld\u0259 olunsun\u201d.<\/p>\n\n\n\n<p>\u0130lkin niyy\u0259t protokolu imzalansa bel\u0259, Bak\u0131n\u0131n \u0259sas t\u0259l\u0259bl\u0259rind\u0259n biri Erm\u0259nistan Konstitusiyas\u0131n\u0131n d\u0259yi\u015fdirilm\u0259sidir. \u00c7\u00fcnki onlar\u0131n konstitusiyas\u0131nda Az\u0259rbaycanla ba\u011fl\u0131 \u0259razi iddialar\u0131 var v\u0259 orada Qaraba\u011f\u0131n Erm\u0259nistana birl\u0259\u015fdirilm\u0259si n\u0259z\u0259rd\u0259 tutulub. COP-29-a q\u0259d\u0259r niyy\u0259t protokolu imzanmazsa, Nikol Pa\u015finyan\u0131n Az\u0259rbaycana g\u0259lm\u0259si real g\u00f6r\u00fcnm\u00fcr. Son raz\u0131la\u015fmalardan da g\u00f6r\u00fcn\u00fcr ki, iki d\u00f6vl\u0259t aras\u0131nda qar\u015f\u0131l\u0131ql\u0131 n\u0259tic\u0259l\u0259r \u0259ld\u0259 olunur. Az\u0259rbaycan \u0259n effektiv \u00fcsul kimi ikit\u0259r\u0259fli formatda g\u00f6r\u00fc\u015fl\u0259ri h\u0259r zaman \u00fcst\u00fcn tutub. Proses bu y\u00f6nd\u0259 davam ed\u0259rs\u0259, d\u0259qiq g\u0259l\u0259c\u0259k dey\u0259 bilm\u0259rik, amma ehtimal etm\u0259k olar \u2013 dey\u0259 Asif N\u0259rimanl\u0131 \u0259lav\u0259 edib.<\/p>\n","protected":false},"excerpt":{"rendered":"<p>Erm\u0259nistan-Az\u0259rbaycan m\u00fcnaqi\u015f\u0259si XX y\u00fczilliyin tarixin\u0259 \u0259n faci\u0259li m\u00fcnaqi\u015f\u0259l\u0259rd\u0259n biri kimi daxil olub, onun n\u0259tic\u0259l\u0259ri milyonlarla az\u0259rbaycanl\u0131n\u0131n taleyin\u0259 ciddi t\u0259sir g\u00f6st\u0259rib. 1980-ci ill\u0259rin sonlar\u0131nda Erm\u0259nistan\u0131n Az\u0259rbaycan\u0131n tarixi torpaqlar\u0131na a\u00e7\u0131q formada \u0259razi iddialar\u0131 v\u0259 etnik z\u0259mind\u0259 t\u0259xribatlar\u0131, terror \u0259m\u0259ll\u0259ri il\u0259 ba\u015flam\u0131\u015f bu m\u00fcnaqi\u015f\u0259 Az\u0259rbaycana qar\u015f\u0131 h\u0259rbi t\u0259cav\u00fczl\u0259 n\u0259tic\u0259l\u0259nib. 2022-ci il oktyabr\u0131n 6-da Praqada \u201cAvropa Siyasi Birliyi\u201d Zirv\u0259 &hellip;<\/p>\n","protected":false},"author":1,"featured_media":11204,"comment_status":"open","ping_status":"closed","sticky":false,"template":"","format":"standard","meta":{"footnotes":""},"categories":[6,3],"tags":[],"class_list":["post-11203","post","type-post","status-publish","format-standard","has-post-thumbnail","hentry","category-maqazin","category-olke"],"_links":{"self":[{"href":"https:\/\/millitv.net\/index.php?rest_route=\/wp\/v2\/posts\/11203","targetHints":{"allow":["GET"]}}],"collection":[{"href":"https:\/\/millitv.net\/index.php?rest_route=\/wp\/v2\/posts"}],"about":[{"href":"https:\/\/millitv.net\/index.php?rest_route=\/wp\/v2\/types\/post"}],"author":[{"embeddable":true,"href":"https:\/\/millitv.net\/index.php?rest_route=\/wp\/v2\/users\/1"}],"replies":[{"embeddable":true,"href":"https:\/\/millitv.net\/index.php?rest_route=%2Fwp%2Fv2%2Fcomments&post=11203"}],"version-history":[{"count":1,"href":"https:\/\/millitv.net\/index.php?rest_route=\/wp\/v2\/posts\/11203\/revisions"}],"predecessor-version":[{"id":11205,"href":"https:\/\/millitv.net\/index.php?rest_route=\/wp\/v2\/posts\/11203\/revisions\/11205"}],"wp:featuredmedia":[{"embeddable":true,"href":"https:\/\/millitv.net\/index.php?rest_route=\/wp\/v2\/media\/11204"}],"wp:attachment":[{"href":"https:\/\/millitv.net\/index.php?rest_route=%2Fwp%2Fv2%2Fmedia&parent=11203"}],"wp:term":[{"taxonomy":"category","embeddable":true,"href":"https:\/\/millitv.net\/index.php?rest_route=%2Fwp%2Fv2%2Fcategories&post=11203"},{"taxonomy":"post_tag","embeddable":true,"href":"https:\/\/millitv.net\/index.php?rest_route=%2Fwp%2Fv2%2Ftags&post=11203"}],"curies":[{"name":"wp","href":"https:\/\/api.w.org\/{rel}","templated":true}]}}