{"id":11197,"date":"2024-04-29T16:17:21","date_gmt":"2024-04-29T16:17:21","guid":{"rendered":"https:\/\/millitv.net\/?p=11197"},"modified":"2024-04-29T16:17:22","modified_gmt":"2024-04-29T16:17:22","slug":"m%C9%99zar-dasi-hazirlanib-ici-is%C9%99-bosdur-fotolar","status":"publish","type":"post","link":"https:\/\/millitv.net\/?p=11197","title":{"rendered":"M\u0259zar da\u015f\u0131 haz\u0131rlan\u0131b, i\u00e7i is\u0259 bo\u015fdur &#8211; FOTOLAR"},"content":{"rendered":"\n<p><strong>X\u0259b\u0259r verdiyimiz kimi, V\u0259t\u0259n m\u00fcharib\u0259sind\u0259 itkin d\u00fc\u015f\u0259n 6 h\u0259rb\u00e7imiz\u0259 \u015f\u0259hidlik statusu verilib.<\/strong><\/p>\n\n\n\n<p>\u201cQafqazinfo\u201d xat\u0131rlad\u0131r ki, onlardan biri Feyzullayev Ayd\u0131n Zakir o\u011fludur.<\/p>\n\n\n\n<p>\u00dc\u00e7 ild\u0259n \u00e7oxdur o\u011flundan x\u0259b\u0259r ala bilm\u0259y\u0259n atas\u0131 Zakir b\u0259y t\u0259s\u0259lli \u00fc\u00e7\u00fcn \u00f6vlad\u0131na m\u0259zar da\u015f\u0131 da haz\u0131rlad\u0131b, i\u00e7i is\u0259 bo\u015fdur.<\/p>\n\n\n\n<p>\u018fsg\u0259r Feyzullayev 2020-ci ilin sentyabrda Suraxan\u0131 S\u0259f\u0259rb\u0259rlik Xidm\u0259ti t\u0259r\u0259find\u0259n t\u0259liml\u0259r\u0259 \u00e7a\u011f\u0131r\u0131l\u0131b. D\u00f6y\u00fc\u015fl\u0259r ba\u015flayanda onlar\u0131 Horadiz\u0259 apar\u0131blar. M\u00fcharib\u0259nin ilk g\u00fcnl\u0259ri ail\u0259siyl\u0259 \u0259laq\u0259 saxlasa da, oktyabr\u0131n 1-d\u0259n ondan x\u0259b\u0259r ala bilm\u0259yibl\u0259r.<\/p>\n\n\n\n<figure class=\"wp-block-image\"><img decoding=\"async\" src=\"https:\/\/qafqazinfo.az\/uploads\/images\/aydin(2)(2).jpg\" alt=\"\" title=\"\"><\/figure>\n\n\n\n<p>\u0130tkin d\u00fc\u015f\u0259n MAXE-\u0259sg\u0259r Mehdiyev Asim Yaqub o\u011flu 2001-ci il t\u0259v\u0259ll\u00fcdd\u00fcr. M\u0259lumata g\u00f6r\u0259, sonuncu d\u0259f\u0259 oktyabr\u0131n 7-si Xocav\u0259nd istiqam\u0259tind\u0259 d\u00f6y\u00fc\u015fl\u0259rd\u0259 i\u015ftirak ed\u0259nd\u0259n sonra ail\u0259si il\u0259 \u0259laq\u0259si k\u0259silib. H\u0259min tarixd\u0259n bu yana Asimd\u0259n x\u0259b\u0259r yoxdur. O\u011flunun yolunu g\u00f6zl\u0259y\u0259n atas\u0131 Yaqub b\u0259y is\u0259 \u00f6t\u0259n il q\u0259fil d\u00fcnyas\u0131n\u0131 d\u0259yi\u015fib.<\/p>\n\n\n\n<figure class=\"wp-block-image\"><img decoding=\"async\" src=\"https:\/\/qafqazinfo.az\/uploads\/images\/zaza.jpeg\" alt=\"\" title=\"\"><\/figure>\n\n\n\n<p>Q\u0259dirli Elnur R\u0259c\u0259b o\u011flu 1997-ci ild\u0259 \u0130smay\u0131ll\u0131n\u0131n Diyall\u0131 k\u0259ndind\u0259 anadan olub. Sentyabr\u0131n 29-da V\u0259t\u0259n m\u00fcharib\u0259sin\u0259 yollan\u0131b. Ail\u0259si sonuncu d\u0259f\u0259 Elnurla oktyabr\u0131n 7-d\u0259 \u0259laq\u0259 saxlay\u0131b. H\u0259min tarixd\u0259n sonra Elnurdan x\u0259b\u0259r yoxdur.<\/p>\n\n\n\n<figure class=\"wp-block-image\"><img decoding=\"async\" src=\"https:\/\/qafqazinfo.az\/uploads\/images\/elnur1(1)(1)(2).jpg\" alt=\"\" title=\"\"><\/figure>\n\n\n\n<p>1996-c\u0131 il t\u0259v\u0259ll\u00fcdl\u00fc Salamov Qorxmaz Bayram o\u011flu \u015e\u0259kinin Ba\u015f G\u00f6yn\u00fck k\u0259ndind\u0259ndir. O, sonuncu d\u0259f\u0259 ail\u0259si il\u0259 oktyabr\u0131n 14-d\u0259 \u0259laq\u0259 saxlay\u0131b. Qorxmaz\u0131n h\u0259min vaxt Suqovu\u015fan istiqam\u0259tind\u0259 oldu\u011fu bildirilib. Lakin sonrada \u0259sg\u0259rd\u0259n x\u0259b\u0259r al\u0131nmay\u0131b.<\/p>\n\n\n\n<figure class=\"wp-block-image\"><img decoding=\"async\" src=\"https:\/\/qafqazinfo.az\/uploads\/images\/sal(1)(2).jpg\" alt=\"\" title=\"\"><\/figure>\n\n\n\n<p>1991-ci il t\u0259v\u0259ll\u00fcdl\u00fc S\u0259f\u0259rli X\u0259qani \u0130lqar o\u011flu V\u0259t\u0259n m\u00fcharib\u0259sin\u0259 Bak\u0131n\u0131n X\u0259tai rayon H\u0259rbi Komissarl\u0131\u011f\u0131n\u0131n \u00e7a\u011f\u0131r\u0131\u015f\u0131 il\u0259 gedib. O, sonuncu d\u0259f\u0259 ail\u0259 \u00fczvl\u0259ri il\u0259 oktyabr\u0131n 4-d\u0259 \u0259laq\u0259 saxlay\u0131b. H\u0259min tarixd\u0259n sonra yax\u0131nlar\u0131 X\u0259qanid\u0259n x\u0259b\u0259r ala bilmir.<\/p>\n\n\n\n<figure class=\"wp-block-image\"><img decoding=\"async\" src=\"https:\/\/qafqazinfo.az\/uploads\/images\/X%C9%99qani(1)(1).jpg\" alt=\"\" title=\"\"><\/figure>\n\n\n\n<p>Leytenant V\u0259lizad\u0259 \u0130brahim S\u0259m\u0259d o\u011flu 1998-ci ild\u0259 Nax\u00e7\u0131van\u0131n \u015e\u0259rur rayonunda anadan olub. M\u00fcharib\u0259d\u0259n \u0259vv\u0259l \u015e\u0259mkird\u0259 \u201cN\u201d sayl\u0131 h\u0259rbi hiss\u0259d\u0259 xidm\u0259t edib. Sonuncu d\u0259f\u0259 ail\u0259si il\u0259 sentyabr\u0131n 26-da \u0259laq\u0259 saxlay\u0131b. Onun sonuncu d\u0259f\u0259 K\u0259lb\u0259c\u0259r istiqam\u0259tind\u0259 d\u00f6y\u00fc\u015fl\u0259rd\u0259 i\u015ftirak etdiyi bildirilir.<\/p>\n\n\n\n<figure class=\"wp-block-image\"><img decoding=\"async\" src=\"https:\/\/qafqazinfo.az\/uploads\/images\/01(55).jpg\" alt=\"\" title=\"\"><\/figure>\n","protected":false},"excerpt":{"rendered":"<p>X\u0259b\u0259r verdiyimiz kimi, V\u0259t\u0259n m\u00fcharib\u0259sind\u0259 itkin d\u00fc\u015f\u0259n 6 h\u0259rb\u00e7imiz\u0259 \u015f\u0259hidlik statusu verilib. \u201cQafqazinfo\u201d xat\u0131rlad\u0131r ki, onlardan biri Feyzullayev Ayd\u0131n Zakir o\u011fludur. \u00dc\u00e7 ild\u0259n \u00e7oxdur o\u011flundan x\u0259b\u0259r ala bilm\u0259y\u0259n atas\u0131 Zakir b\u0259y t\u0259s\u0259lli \u00fc\u00e7\u00fcn \u00f6vlad\u0131na m\u0259zar da\u015f\u0131 da haz\u0131rlad\u0131b, i\u00e7i is\u0259 bo\u015fdur. \u018fsg\u0259r Feyzullayev 2020-ci ilin sentyabrda Suraxan\u0131 S\u0259f\u0259rb\u0259rlik Xidm\u0259ti t\u0259r\u0259find\u0259n t\u0259liml\u0259r\u0259 \u00e7a\u011f\u0131r\u0131l\u0131b. D\u00f6y\u00fc\u015fl\u0259r ba\u015flayanda onlar\u0131 &hellip;<\/p>\n","protected":false},"author":1,"featured_media":11198,"comment_status":"open","ping_status":"closed","sticky":false,"template":"","format":"standard","meta":{"footnotes":""},"categories":[3],"tags":[],"class_list":["post-11197","post","type-post","status-publish","format-standard","has-post-thumbnail","hentry","category-olke"],"_links":{"self":[{"href":"https:\/\/millitv.net\/index.php?rest_route=\/wp\/v2\/posts\/11197","targetHints":{"allow":["GET"]}}],"collection":[{"href":"https:\/\/millitv.net\/index.php?rest_route=\/wp\/v2\/posts"}],"about":[{"href":"https:\/\/millitv.net\/index.php?rest_route=\/wp\/v2\/types\/post"}],"author":[{"embeddable":true,"href":"https:\/\/millitv.net\/index.php?rest_route=\/wp\/v2\/users\/1"}],"replies":[{"embeddable":true,"href":"https:\/\/millitv.net\/index.php?rest_route=%2Fwp%2Fv2%2Fcomments&post=11197"}],"version-history":[{"count":1,"href":"https:\/\/millitv.net\/index.php?rest_route=\/wp\/v2\/posts\/11197\/revisions"}],"predecessor-version":[{"id":11199,"href":"https:\/\/millitv.net\/index.php?rest_route=\/wp\/v2\/posts\/11197\/revisions\/11199"}],"wp:featuredmedia":[{"embeddable":true,"href":"https:\/\/millitv.net\/index.php?rest_route=\/wp\/v2\/media\/11198"}],"wp:attachment":[{"href":"https:\/\/millitv.net\/index.php?rest_route=%2Fwp%2Fv2%2Fmedia&parent=11197"}],"wp:term":[{"taxonomy":"category","embeddable":true,"href":"https:\/\/millitv.net\/index.php?rest_route=%2Fwp%2Fv2%2Fcategories&post=11197"},{"taxonomy":"post_tag","embeddable":true,"href":"https:\/\/millitv.net\/index.php?rest_route=%2Fwp%2Fv2%2Ftags&post=11197"}],"curies":[{"name":"wp","href":"https:\/\/api.w.org\/{rel}","templated":true}]}}