{"id":11136,"date":"2024-04-26T21:11:37","date_gmt":"2024-04-26T21:11:37","guid":{"rendered":"https:\/\/millitv.net\/?p=11136"},"modified":"2024-04-26T21:11:38","modified_gmt":"2024-04-26T21:11:38","slug":"k%C9%99ram%C9%99tin-magazadan-qovulan-qiz-bar%C9%99d%C9%99-dedikl%C9%99r-maraga-s%C9%99b%C9%99b-oldu","status":"publish","type":"post","link":"https:\/\/millitv.net\/?p=11136","title":{"rendered":"K\u0259ram\u0259tin ma\u011fazadan qovulan q\u0131z bar\u0259d\u0259 dedikl\u0259r mara\u011fa s\u0259b\u0259b oldu"},"content":{"rendered":"\n<p>Geyimin\u0259 g\u00f6r\u0259 marketd\u0259n qovulan q\u0131z \u00f6lk\u0259 g\u00fcnd\u0259mini z\u0259bt edib. \u018fks\u0259r sosial \u015f\u0259b\u0259k\u0259 izl\u0259yicil\u0259ri bu h\u0259r\u0259k\u0259t\u0259 haqq qazand\u0131r\u0131b v\u0259 qovan \u015f\u0259xsi d\u0259st\u0259kl\u0259yib. M\u00f6vzuya yaz\u0131\u00e7\u0131 K\u0259ram\u0259t B\u00f6y\u00fck\u00e7\u00f6l d\u0259 m\u00fcnasib\u0259t bildirib. O, xan\u0131m\u0131 qovan \u015f\u0259xsl\u0259r\u0259 etiraz edib:\u201cAvropan\u0131n maa\u015f\u0131n\u0131, Avropan\u0131n pensiyas\u0131n\u0131 ist\u0259y\u0259n adamlar qad\u0131n\u0131 q\u0131sa geyindiyin\u0259 g\u00f6r\u0259 marketd\u0259n qovurlar. R\u0259yl\u0259r\u0259 bax\u0131b d\u0259h\u015f\u0259t\u0259 g\u0259ldim. Avropan\u0131n maa\u015f\u0131n\u0131, Avropan\u0131n pensiyas\u0131n\u0131 ist\u0259y\u0259n adamlar da k\u00fctl\u0259vi \u015f\u0259kild\u0259 videoya r\u0259y yaz\u0131b qovan qad\u0131na haqq qazand\u0131r\u0131rlar. \u0130ndi bunlar \u00f6zl\u0259rini Avropadan a\u011f\u0131ll\u0131 hesab edirl\u0259r. Deyirl\u0259r, biz\u0259 y\u00fcks\u0259k maa\u015f verin, y\u00fcks\u0259k pensiya verin, amma \u00f6lk\u0259mizd\u0259 he\u00e7 kim q\u0131sa geyinm\u0259sin, \u00f6lk\u0259mizd\u0259 fahi\u015f\u0259 olmas\u0131n, gey olmas\u0131n. Yuxuda g\u00f6r\u0259rsiniz. Sizin bu a\u011f\u0131lla quraca\u011f\u0131n\u0131z c\u0259miyy\u0259t uzaq ba\u015f\u0131 \u018ffqan\u0131stan ola bil\u0259r.\u00a0O q\u0131sa geyinmi\u015f qad\u0131n q\u0131ll\u0131 bir m\u0259murun q\u0131z\u0131 olsayd\u0131, onu marketd\u0259n qovan\u0131n \u00e7oxdan \u00fczr videosu yay\u0131lm\u0131\u015fd\u0131\u201d.<\/p>\n","protected":false},"excerpt":{"rendered":"<p>Geyimin\u0259 g\u00f6r\u0259 marketd\u0259n qovulan q\u0131z \u00f6lk\u0259 g\u00fcnd\u0259mini z\u0259bt edib. \u018fks\u0259r sosial \u015f\u0259b\u0259k\u0259 izl\u0259yicil\u0259ri bu h\u0259r\u0259k\u0259t\u0259 haqq qazand\u0131r\u0131b v\u0259 qovan \u015f\u0259xsi d\u0259st\u0259kl\u0259yib. M\u00f6vzuya yaz\u0131\u00e7\u0131 K\u0259ram\u0259t B\u00f6y\u00fck\u00e7\u00f6l d\u0259 m\u00fcnasib\u0259t bildirib. O, xan\u0131m\u0131 qovan \u015f\u0259xsl\u0259r\u0259 etiraz edib:\u201cAvropan\u0131n maa\u015f\u0131n\u0131, Avropan\u0131n pensiyas\u0131n\u0131 ist\u0259y\u0259n adamlar qad\u0131n\u0131 q\u0131sa geyindiyin\u0259 g\u00f6r\u0259 marketd\u0259n qovurlar. R\u0259yl\u0259r\u0259 bax\u0131b d\u0259h\u015f\u0259t\u0259 g\u0259ldim. Avropan\u0131n maa\u015f\u0131n\u0131, Avropan\u0131n pensiyas\u0131n\u0131 ist\u0259y\u0259n adamlar &hellip;<\/p>\n","protected":false},"author":1,"featured_media":11137,"comment_status":"open","ping_status":"closed","sticky":false,"template":"","format":"standard","meta":{"footnotes":""},"categories":[6,3],"tags":[],"class_list":["post-11136","post","type-post","status-publish","format-standard","has-post-thumbnail","hentry","category-maqazin","category-olke"],"_links":{"self":[{"href":"https:\/\/millitv.net\/index.php?rest_route=\/wp\/v2\/posts\/11136","targetHints":{"allow":["GET"]}}],"collection":[{"href":"https:\/\/millitv.net\/index.php?rest_route=\/wp\/v2\/posts"}],"about":[{"href":"https:\/\/millitv.net\/index.php?rest_route=\/wp\/v2\/types\/post"}],"author":[{"embeddable":true,"href":"https:\/\/millitv.net\/index.php?rest_route=\/wp\/v2\/users\/1"}],"replies":[{"embeddable":true,"href":"https:\/\/millitv.net\/index.php?rest_route=%2Fwp%2Fv2%2Fcomments&post=11136"}],"version-history":[{"count":1,"href":"https:\/\/millitv.net\/index.php?rest_route=\/wp\/v2\/posts\/11136\/revisions"}],"predecessor-version":[{"id":11138,"href":"https:\/\/millitv.net\/index.php?rest_route=\/wp\/v2\/posts\/11136\/revisions\/11138"}],"wp:featuredmedia":[{"embeddable":true,"href":"https:\/\/millitv.net\/index.php?rest_route=\/wp\/v2\/media\/11137"}],"wp:attachment":[{"href":"https:\/\/millitv.net\/index.php?rest_route=%2Fwp%2Fv2%2Fmedia&parent=11136"}],"wp:term":[{"taxonomy":"category","embeddable":true,"href":"https:\/\/millitv.net\/index.php?rest_route=%2Fwp%2Fv2%2Fcategories&post=11136"},{"taxonomy":"post_tag","embeddable":true,"href":"https:\/\/millitv.net\/index.php?rest_route=%2Fwp%2Fv2%2Ftags&post=11136"}],"curies":[{"name":"wp","href":"https:\/\/api.w.org\/{rel}","templated":true}]}}