{"id":11131,"date":"2024-04-26T16:15:00","date_gmt":"2024-04-26T16:15:00","guid":{"rendered":"https:\/\/millitv.net\/?p=11131"},"modified":"2024-04-26T21:47:17","modified_gmt":"2024-04-26T21:47:17","slug":"turkan-yeni-gork%C9%99mini-t%C9%99nqid-ed%C9%99nl%C9%99r%C9%99-cavab-verdi-vecim%C9%99-d%C9%99-deyil-foto","status":"publish","type":"post","link":"https:\/\/millitv.net\/?p=11131","title":{"rendered":"T\u00fcrkan yeni g\u00f6rk\u0259mini t\u0259nqid ed\u0259nl\u0259r\u0259 cavab verdi: Vecim\u0259 d\u0259 deyil &#8211; FOTO"},"content":{"rendered":"\n<p>T\u00fcrkan V\u0259lizad\u0259nin \u00fcz\u00fcnd\u0259 plastik \u0259m\u0259liyyat etdirm\u0259si h\u0259l\u0259 d\u0259 m\u00fczakir\u0259 m\u00f6vzusudur.<\/p>\n\n\n\n<p>\u018fm\u0259liyyatdan sonra yeni fotolar\u0131n\u0131 payla\u015fan m\u00fc\u011f\u0259nniy\u0259&nbsp;m\u0259nfi r\u0259y yazanlar \u00e7oxluqdad\u0131r.<\/p>\n\n\n\n<p>Sosial \u015f\u0259b\u0259k\u0259 istifad\u0259\u00e7il\u0259ri ifa\u00e7\u0131n\u0131n \u00fcz\u00fcn\u00fc \u00e7ox dartd\u0131rd\u0131\u011f\u0131n\u0131 qeyd edibl\u0259r.&nbsp;<\/p>\n\n\n\n<p>&#8220;Pis r\u0259y yazanlar\u0131n ham\u0131s\u0131 gerid\u0259qalm\u0131\u015fd\u0131r. Amma vecim\u0259 d\u0259 deyil&#8221;, &#8211; dey\u0259&nbsp;T\u00fcrkan onu t\u0259nqid ed\u0259nl\u0259r\u0259 cavab verib. \/&nbsp;Yenisabah.az<\/p>\n\n\n\n<figure class=\"wp-block-image\"><img decoding=\"async\" src=\"https:\/\/cdn.yenisabah.az\/resize.php?w=0&amp;h=0&amp;file=image_750x422_662b65a7419d5.jpg\" alt=\"\" title=\"\"><\/figure>\n","protected":false},"excerpt":{"rendered":"<p>T\u00fcrkan V\u0259lizad\u0259nin \u00fcz\u00fcnd\u0259 plastik \u0259m\u0259liyyat etdirm\u0259si h\u0259l\u0259 d\u0259 m\u00fczakir\u0259 m\u00f6vzusudur. \u018fm\u0259liyyatdan sonra yeni fotolar\u0131n\u0131 payla\u015fan m\u00fc\u011f\u0259nniy\u0259&nbsp;m\u0259nfi r\u0259y yazanlar \u00e7oxluqdad\u0131r. Sosial \u015f\u0259b\u0259k\u0259 istifad\u0259\u00e7il\u0259ri ifa\u00e7\u0131n\u0131n \u00fcz\u00fcn\u00fc \u00e7ox dartd\u0131rd\u0131\u011f\u0131n\u0131 qeyd edibl\u0259r.&nbsp; &#8220;Pis r\u0259y yazanlar\u0131n ham\u0131s\u0131 gerid\u0259qalm\u0131\u015fd\u0131r. Amma vecim\u0259 d\u0259 deyil&#8221;, &#8211; dey\u0259&nbsp;T\u00fcrkan onu t\u0259nqid ed\u0259nl\u0259r\u0259 cavab verib. \/&nbsp;Yenisabah.az<\/p>\n","protected":false},"author":1,"featured_media":11132,"comment_status":"open","ping_status":"closed","sticky":false,"template":"","format":"standard","meta":{"footnotes":""},"categories":[6,3],"tags":[],"class_list":["post-11131","post","type-post","status-publish","format-standard","has-post-thumbnail","hentry","category-maqazin","category-olke"],"_links":{"self":[{"href":"https:\/\/millitv.net\/index.php?rest_route=\/wp\/v2\/posts\/11131","targetHints":{"allow":["GET"]}}],"collection":[{"href":"https:\/\/millitv.net\/index.php?rest_route=\/wp\/v2\/posts"}],"about":[{"href":"https:\/\/millitv.net\/index.php?rest_route=\/wp\/v2\/types\/post"}],"author":[{"embeddable":true,"href":"https:\/\/millitv.net\/index.php?rest_route=\/wp\/v2\/users\/1"}],"replies":[{"embeddable":true,"href":"https:\/\/millitv.net\/index.php?rest_route=%2Fwp%2Fv2%2Fcomments&post=11131"}],"version-history":[{"count":1,"href":"https:\/\/millitv.net\/index.php?rest_route=\/wp\/v2\/posts\/11131\/revisions"}],"predecessor-version":[{"id":11133,"href":"https:\/\/millitv.net\/index.php?rest_route=\/wp\/v2\/posts\/11131\/revisions\/11133"}],"wp:featuredmedia":[{"embeddable":true,"href":"https:\/\/millitv.net\/index.php?rest_route=\/wp\/v2\/media\/11132"}],"wp:attachment":[{"href":"https:\/\/millitv.net\/index.php?rest_route=%2Fwp%2Fv2%2Fmedia&parent=11131"}],"wp:term":[{"taxonomy":"category","embeddable":true,"href":"https:\/\/millitv.net\/index.php?rest_route=%2Fwp%2Fv2%2Fcategories&post=11131"},{"taxonomy":"post_tag","embeddable":true,"href":"https:\/\/millitv.net\/index.php?rest_route=%2Fwp%2Fv2%2Ftags&post=11131"}],"curies":[{"name":"wp","href":"https:\/\/api.w.org\/{rel}","templated":true}]}}